{"id":148997,"date":"2024-04-12T21:11:48","date_gmt":"2024-04-12T21:11:48","guid":{"rendered":"https:\/\/www.bbc.com\/mundo\/articles\/cy9xg3ykj5vo#0"},"modified":"2024-04-12T21:11:48","modified_gmt":"2024-04-12T21:11:48","slug":"la-disputa-por-el-tren-de-aragua-y-otros-2-conflictos-que-alimentan-la-creciente-tension-entre-los-gobiernos-de-chile-y-venezuela","status":"publish","type":"post","link":"http:\/\/cordobadirecto.com\/index.php\/2024\/04\/12\/la-disputa-por-el-tren-de-aragua-y-otros-2-conflictos-que-alimentan-la-creciente-tension-entre-los-gobiernos-de-chile-y-venezuela\/","title":{"rendered":"La disputa por el Tren de Aragua y otros 2 conflictos que alimentan la creciente tensi\u00f3n entre los gobiernos de Chile y Venezuela"},"content":{"rendered":"<figure class=\"bbc-1qn0xuy\" readability=\"1.5\">\n<div class=\"bbc-1gazxmd\" readability=\"8\"><picture><img loading=\"lazy\" src=\"http:\/\/cordobadirecto.com\/wp-content\/uploads\/2024\/04\/la-disputa-por-el-tren-de-aragua-y-otros-2-conflictos-que-alimentan-la-creciente-tension-entre-los-gobiernos-de-chile-y-venezuela.jpg\" srcset=\"http:\/\/cordobadirecto.com\/wp-content\/uploads\/2024\/04\/la-disputa-por-el-tren-de-aragua-y-otros-2-conflictos-que-alimentan-la-creciente-tension-entre-los-gobiernos-de-chile-y-venezuela-6.jpg 240w, http:\/\/cordobadirecto.com\/wp-content\/uploads\/2024\/04\/la-disputa-por-el-tren-de-aragua-y-otros-2-conflictos-que-alimentan-la-creciente-tension-entre-los-gobiernos-de-chile-y-venezuela-7.jpg 320w, http:\/\/cordobadirecto.com\/wp-content\/uploads\/2024\/04\/la-disputa-por-el-tren-de-aragua-y-otros-2-conflictos-que-alimentan-la-creciente-tension-entre-los-gobiernos-de-chile-y-venezuela-8.jpg 480w, http:\/\/cordobadirecto.com\/wp-content\/uploads\/2024\/04\/la-disputa-por-el-tren-de-aragua-y-otros-2-conflictos-que-alimentan-la-creciente-tension-entre-los-gobiernos-de-chile-y-venezuela-9.jpg 624w, http:\/\/cordobadirecto.com\/wp-content\/uploads\/2024\/04\/la-disputa-por-el-tren-de-aragua-y-otros-2-conflictos-que-alimentan-la-creciente-tension-entre-los-gobiernos-de-chile-y-venezuela-10.jpg 800w\" sizes=\"(min-width: 1008px) 760px, 100vw\" alt=\"Boric\" width=\"1017\" height=\"572\" class=\"bbc-139onq\"><\/picture>\n<p class=\"bbc-kaivkm\" role=\"text\"><span class=\"bbc-m04vo2\">Fuente de la imagen, <\/span><span lang=\"en-GB\">Getty<\/span><\/p>\n<\/div><figcaption dir=\"ltr\" class=\"bbc-1jsyunq e6i104o0\"><span role=\"text\"><span class=\"bbc-m04vo2\">Pie de foto, <\/span><span data-testid=\"caption-paragraph\">El presidente de Chile, Gabriel Boric, critic\u00f3 fuertemente al ministro de Relaciones Exteriores de Venezuela, Yv\u00e1n Gil. (Foto de archivo)<\/span><\/span><\/figcaption><\/figure>\n<section role=\"region\" aria-labelledby=\"article-byline\" class=\"bbc-1vjaf6b\"><strong id=\"article-byline\" aria-hidden=\"true\" class=\"bbc-m04vo2\">Article information<\/strong><\/p>\n<ul role=\"list\" class=\"bbc-1rvtlej\">\n<li><span role=\"text\"><span class=\"bbc-m04vo2\">Author, <\/span><span class=\"bbc-1ypcc2\">Fernanda Pa\u00fal<\/span><\/span><\/li>\n<li><span role=\"text\"><span class=\"bbc-m04vo2\">Role, <!-- --> <\/span><span class=\"bbc-1y5sx98\">BBC News Mundo<\/span><\/span><\/li>\n<li class=\"bbc-v8pmqw\">\n<div dir=\"ltr\" class=\"bbc-19j92fr ebmt73l0\"><time datetime=\"2024-04-12\" class=\"bbc-1dafq0j e1mklfmt0\">12 abril 2024, 15:52 GMT<\/time><\/p>\n<p><time datetime=\"2024-04-12\" class=\"bbc-1dafq0j e1mklfmt0\">Actualizado 38 minutos<\/time><\/p>\n<\/div>\n<\/li>\n<\/ul>\n<\/section>\n<div dir=\"ltr\" class=\"bbc-19j92fr ebmt73l0\" readability=\"7\">\n<p dir=\"ltr\" class=\"bbc-hhl7in e17g058b0\"><b>La relaci\u00f3n entre Chile y Venezuela est\u00e1 pasando por un momento complejo.<\/b><\/p>\n<\/div>\n<div dir=\"ltr\" class=\"bbc-19j92fr ebmt73l0\" readability=\"10\">\n<p dir=\"ltr\" class=\"bbc-hhl7in e17g058b0\">En estos \u00faltimos d\u00edas, el gobierno de Gabriel Boric ha endurecido su tono frente a la administraci\u00f3n de Nicol\u00e1s Maduro y decidi\u00f3 <b>llamar a consultas a su embajador en Caracas, Jaime Gazmuri.<\/b><\/p>\n<\/div>\n<div dir=\"ltr\" class=\"bbc-19j92fr ebmt73l0\" readability=\"10\">\n<p dir=\"ltr\" class=\"bbc-hhl7in e17g058b0\">Lo anterior ocurri\u00f3 despu\u00e9s de que el ministro de Relaciones Exteriores venezolano, <b>Yv\u00e1n Gil<\/b>, negara la existencia de la organizaci\u00f3n criminal <b>Tren de Aragua.<\/b><\/p>\n<\/div>\n<div dir=\"ltr\" class=\"bbc-19j92fr ebmt73l0\" readability=\"9\">\n<p dir=\"ltr\" class=\"bbc-hhl7in e17g058b0\">Gazmuri ocupa el cargo de embajador reci\u00e9n desde mayo del a\u00f1o pasado, despu\u00e9s de que Chile no tuviera representante diplom\u00e1tico en Venezuela por 5 a\u00f1os.<\/p>\n<\/div>\n<section aria-label=\"Publicidad 2\" aria-hidden=\"true\" role=\"region\" data-e2e=\"advertisement\" class=\"bbc-geybui\"><\/section>\n<div dir=\"ltr\" class=\"bbc-19j92fr ebmt73l0\" readability=\"9\">\n<p dir=\"ltr\" class=\"bbc-hhl7in e17g058b0\">Pero la creciente tensi\u00f3n entre ambos pa\u00edses est\u00e1 provocando que algunos l\u00edderes pol\u00edticos chilenos -tanto del oficialismo como de oposici\u00f3n- urjan <b>reevaluar la relaci\u00f3n bilateral de Chile con el gobierno de Maduro.<\/b><\/p>\n<\/div>\n<div dir=\"ltr\" class=\"bbc-19j92fr ebmt73l0\" readability=\"8\">\n<p dir=\"ltr\" class=\"bbc-hhl7in e17g058b0\">\u00bfCu\u00e1les son los principales factores que est\u00e1n detr\u00e1s de esta escalada en las tensiones? Aqu\u00ed te lo contamos.<\/p>\n<\/div>\n<p><h2 id=\"1-Negaci\u00f3n-del-Tren-de-Aragua\" tabindex=\"-1\" class=\"bbc-1f03ibc eglt09e0\">1. Negaci\u00f3n del Tren de Aragua<\/h2>\n<\/p>\n<div dir=\"ltr\" class=\"bbc-19j92fr ebmt73l0\" readability=\"10\">\n<p dir=\"ltr\" class=\"bbc-hhl7in e17g058b0\">En Chile causaron profunda molestia las declaraciones del ministro venezolano Yv\u00e1n Gil, quien esta semana afirm\u00f3 que \u201cel Tren de Aragua <b>es una ficci\u00f3n creada por la medi\u00e1tica internacional <\/b>para tratar de crear una etiqueta inexistente\u201d.<\/p>\n<\/div>\n<div dir=\"ltr\" class=\"bbc-19j92fr ebmt73l0\" readability=\"17\">\n<p dir=\"ltr\" class=\"bbc-hhl7in e17g058b0\">Seg\u00fan diversas investigaciones, la organizaci\u00f3n criminal naci\u00f3 y oper\u00f3 durante a\u00f1os desde la c\u00e1rcel de <b>Tocor\u00f3n<\/b>, ubicada a unos 140 kil\u00f3metros al suroeste de Caracas, logrando expandir sus tent\u00e1culos a distintos pa\u00edses de la regi\u00f3n, entre ellos, Chile, Colombia, Per\u00fa, Ecuador y Brasil.<\/p>\n<\/div>\n<div dir=\"ltr\" class=\"bbc-19j92fr ebmt73l0\" readability=\"11\">\n<p dir=\"ltr\" class=\"bbc-hhl7in e17g058b0\">\u201cHemos visto c\u00f3mo rid\u00edculamente aparecen videos incluso de gente que dice &#8216;somos del Tren de Aragua&#8217;, con acento peruano, con acento chileno\u201d, se\u00f1al\u00f3 Gil en una rueda de prensa.<\/p>\n<\/div>\n<figure class=\"bbc-1qn0xuy\" readability=\"1.5\">\n<div class=\"bbc-1gazxmd\" readability=\"8\"><picture><img src=\"http:\/\/cordobadirecto.com\/wp-content\/uploads\/2024\/04\/la-disputa-por-el-tren-de-aragua-y-otros-2-conflictos-que-alimentan-la-creciente-tension-entre-los-gobiernos-de-chile-y-venezuela-1.jpg\" srcset=\"http:\/\/cordobadirecto.com\/wp-content\/uploads\/2024\/04\/la-disputa-por-el-tren-de-aragua-y-otros-2-conflictos-que-alimentan-la-creciente-tension-entre-los-gobiernos-de-chile-y-venezuela-11.jpg 240w, http:\/\/cordobadirecto.com\/wp-content\/uploads\/2024\/04\/la-disputa-por-el-tren-de-aragua-y-otros-2-conflictos-que-alimentan-la-creciente-tension-entre-los-gobiernos-de-chile-y-venezuela-12.jpg 320w, http:\/\/cordobadirecto.com\/wp-content\/uploads\/2024\/04\/la-disputa-por-el-tren-de-aragua-y-otros-2-conflictos-que-alimentan-la-creciente-tension-entre-los-gobiernos-de-chile-y-venezuela-13.jpg 480w, http:\/\/cordobadirecto.com\/wp-content\/uploads\/2024\/04\/la-disputa-por-el-tren-de-aragua-y-otros-2-conflictos-que-alimentan-la-creciente-tension-entre-los-gobiernos-de-chile-y-venezuela-14.jpg 624w, http:\/\/cordobadirecto.com\/wp-content\/uploads\/2024\/04\/la-disputa-por-el-tren-de-aragua-y-otros-2-conflictos-que-alimentan-la-creciente-tension-entre-los-gobiernos-de-chile-y-venezuela-15.jpg 800w\" sizes=\"(min-width: 1008px) 760px, 100vw\" alt=\"C\u00e1rcel de Tocor\u00f3n\" loading=\"lazy\" width=\"902\" height=\"507\" class=\"bbc-139onq\"><\/picture>\n<p class=\"bbc-kaivkm\" role=\"text\"><span class=\"bbc-m04vo2\">Fuente de la imagen, <\/span><span lang=\"en-GB\">Getty Images<\/span><\/p>\n<\/div><figcaption dir=\"ltr\" class=\"bbc-1jsyunq e6i104o0\"><span role=\"text\"><span class=\"bbc-m04vo2\">Pie de foto, <\/span><span data-testid=\"caption-paragraph\">La c\u00e1rcel de Tocor\u00f3n era el centro de operaciones del Tren de Aragua.<\/span><\/span><\/figcaption><\/figure>\n<div dir=\"ltr\" class=\"bbc-19j92fr ebmt73l0\" readability=\"13\">\n<p dir=\"ltr\" class=\"bbc-hhl7in e17g058b0\">Ante esto, el presidente Gabriel Boric expres\u00f3 a trav\u00e9s de su cuenta de X (Twitter) que \u201clas afirmaciones irresponsables del canciller de Venezuela, desconociendo la existencia del Tren de Aragua, son preocupantes y constituyen un <b>grave insulto a quienes han sido v\u00edctimas de esta organizaci\u00f3n\u201d.<\/b><\/p>\n<\/div>\n<div dir=\"ltr\" class=\"bbc-19j92fr ebmt73l0\" readability=\"11\">\n<p dir=\"ltr\" class=\"bbc-hhl7in e17g058b0\">\u201cAdem\u00e1s, demuestran una falta de compromiso con la cooperaci\u00f3n internacional necesaria en materia de seguridad, lo que no es justo ni tolerable\u201d, agreg\u00f3.<\/p>\n<\/div>\n<div dir=\"ltr\" class=\"bbc-19j92fr ebmt73l0\" readability=\"13\">\n<p dir=\"ltr\" class=\"bbc-hhl7in e17g058b0\">Este viernes por la tarde, el fiscal general de Venezuela, Tarek William Saab, pareci\u00f3 matizar la posici\u00f3n oficial de Caracas en relaci\u00f3n con el Tren de Aragua, al reconocer la existencia de esa organizaci\u00f3n pero afirmando que hab\u00eda sido desmantelada.<\/p>\n<\/div>\n<div dir=\"ltr\" class=\"bbc-19j92fr ebmt73l0\" readability=\"13\">\n<p dir=\"ltr\" class=\"bbc-hhl7in e17g058b0\">&#8220;En Venezuela hemos desarrollado una feroz lucha contra las organizaciones criminales, y en especial contra el #GEDO conocido como \u201cTren de Aragua\u201d, el cual fue completamente desmantelado a finales del a\u00f1o pasado: siendo detenidos decenas de sus integrantes y colaboradores y quedando varios de ellos con \u00f3rdenes de aprehensi\u00f3n&#8221;, escribi\u00f3 Saab en X.<\/p>\n<\/div>\n<div dir=\"ltr\" class=\"bbc-19j92fr ebmt73l0\" readability=\"11\">\n<p dir=\"ltr\" class=\"bbc-hhl7in e17g058b0\">Seg\u00fan la prensa local chilena, aunque la decisi\u00f3n de llamar a consultas al embajador Gazmuri se ven\u00eda evaluando hace unas semanas, fueron las declaraciones de Gil las que llevaron al mandatario chileno a concretar la medida.<\/p>\n<\/div>\n<div dir=\"ltr\" class=\"bbc-19j92fr ebmt73l0\" readability=\"10\">\n<p dir=\"ltr\" class=\"bbc-hhl7in e17g058b0\">Boric dijo que el objetivo de esto es \u201crecabar informaci\u00f3n detallada sobre la situaci\u00f3n actual en el pa\u00eds (Venezuela) e instruirlo (al embajador Gazmuri) a tomar todas las acciones que sean necesarias tanto ante el gobierno venezolano, como tambi\u00e9n ante organismos internacionales\u201d.<\/p>\n<\/div>\n<div dir=\"ltr\" class=\"bbc-19j92fr ebmt73l0\" readability=\"12\">\n<p dir=\"ltr\" class=\"bbc-hhl7in e17g058b0\">En conversaci\u00f3n con BBC Mundo, Paulina Astroza, acad\u00e9mica de la Universidad de Concepci\u00f3n y doctora en Relaciones Internacionales, explica que el llamado a consultas al embajador <b>\u201cen ning\u00fan caso implica romper las relaciones diplom\u00e1ticas\u201d.<\/b><\/p>\n<\/div>\n<div dir=\"ltr\" class=\"bbc-19j92fr ebmt73l0\" readability=\"8\">\n<p dir=\"ltr\" class=\"bbc-hhl7in e17g058b0\">Sin embargo, agrega que es una se\u00f1al de la tensi\u00f3n que se viene acumulando entre ambos pa\u00edses.<\/p>\n<\/div>\n<figure class=\"bbc-1qn0xuy\" readability=\"1.5\">\n<div class=\"bbc-1gazxmd\" readability=\"8\"><picture><img src=\"http:\/\/cordobadirecto.com\/wp-content\/uploads\/2024\/04\/la-disputa-por-el-tren-de-aragua-y-otros-2-conflictos-que-alimentan-la-creciente-tension-entre-los-gobiernos-de-chile-y-venezuela-2.jpg\" srcset=\"http:\/\/cordobadirecto.com\/wp-content\/uploads\/2024\/04\/la-disputa-por-el-tren-de-aragua-y-otros-2-conflictos-que-alimentan-la-creciente-tension-entre-los-gobiernos-de-chile-y-venezuela-16.jpg 240w, http:\/\/cordobadirecto.com\/wp-content\/uploads\/2024\/04\/la-disputa-por-el-tren-de-aragua-y-otros-2-conflictos-que-alimentan-la-creciente-tension-entre-los-gobiernos-de-chile-y-venezuela-17.jpg 320w, http:\/\/cordobadirecto.com\/wp-content\/uploads\/2024\/04\/la-disputa-por-el-tren-de-aragua-y-otros-2-conflictos-que-alimentan-la-creciente-tension-entre-los-gobiernos-de-chile-y-venezuela-18.jpg 480w, http:\/\/cordobadirecto.com\/wp-content\/uploads\/2024\/04\/la-disputa-por-el-tren-de-aragua-y-otros-2-conflictos-que-alimentan-la-creciente-tension-entre-los-gobiernos-de-chile-y-venezuela-19.jpg 624w, http:\/\/cordobadirecto.com\/wp-content\/uploads\/2024\/04\/la-disputa-por-el-tren-de-aragua-y-otros-2-conflictos-que-alimentan-la-creciente-tension-entre-los-gobiernos-de-chile-y-venezuela-20.jpg 800w\" sizes=\"(min-width: 1008px) 760px, 100vw\" alt=\"El ministro de Relaciones Exteriores de Venezuela, Yv\u00e1n Gil\" loading=\"lazy\" width=\"985\" height=\"555\" class=\"bbc-139onq\"><\/picture>\n<p class=\"bbc-kaivkm\" role=\"text\"><span class=\"bbc-m04vo2\">Fuente de la imagen, <\/span><span lang=\"en-GB\">Getty Images<\/span><\/p>\n<\/div><figcaption dir=\"ltr\" class=\"bbc-1jsyunq e6i104o0\"><span role=\"text\"><span class=\"bbc-m04vo2\">Pie de foto, <\/span><span data-testid=\"caption-paragraph\">El ministro de Relaciones Exteriores de Venezuela, Yv\u00e1n Gil, neg\u00f3 la existencia de la organizaci\u00f3n criminal Tren de Aragua.<\/span><\/span><\/figcaption><\/figure>\n<div dir=\"ltr\" class=\"bbc-19j92fr ebmt73l0\" readability=\"8\">\n<p dir=\"ltr\" class=\"bbc-hhl7in e17g058b0\">Los ministros de Boric tambi\u00e9n elevaron duros cuestionamientos hacia la administraci\u00f3n de Maduro en los \u00faltimos d\u00edas.<\/p>\n<\/div>\n<div dir=\"ltr\" class=\"bbc-19j92fr ebmt73l0\" readability=\"10\">\n<p dir=\"ltr\" class=\"bbc-hhl7in e17g058b0\">La titular de Interior y m\u00e1xima encargada de la seguridad p\u00fablica en Chile, <b>Carolina Toh\u00e1<\/b>, catalog\u00f3 los dichos del canciller venezolano como <b>\u201cun insulto a los pueblos de Latinoam\u00e9rica\u201d.<\/b><\/p>\n<\/div>\n<div dir=\"ltr\" class=\"bbc-19j92fr ebmt73l0\" readability=\"19\">\n<p dir=\"ltr\" class=\"bbc-hhl7in e17g058b0\">\u201cEs bien impresionante. Venezuela se dice a s\u00ed mismo un pa\u00eds bolivariano, y la verdad es que Chile, Per\u00fa, Ecuador, Colombia, pueblos latinoamericanos, han sufrido fuertemente el flagelo de esta banda criminal. Personas han perdido sus familiares, han perdido la tranquilidad de sus barrios, han perdido sus negocios por eso\u201d, indic\u00f3 este martes 9 de abril.<\/p>\n<\/div>\n<div dir=\"ltr\" class=\"bbc-19j92fr ebmt73l0\" readability=\"9\">\n<p dir=\"ltr\" class=\"bbc-hhl7in e17g058b0\">La seguridad se ha convertido en uno de los principales desaf\u00edos para el gobierno de Boric frente a un aumento de los delitos y de la sensaci\u00f3n de inseguridad entre los chilenos en los \u00faltimos a\u00f1os.<\/p>\n<\/div>\n<div dir=\"ltr\" class=\"bbc-19j92fr ebmt73l0\" readability=\"9\">\n<p dir=\"ltr\" class=\"bbc-hhl7in e17g058b0\">De acuerdo con las autoridades policiales de ese pa\u00eds, la presencia del Tren de Aragua en Chile es \u201cnotoria\u201d y su ingreso se detect\u00f3 hace unos dos a\u00f1os aproximadamente.<\/p>\n<\/div>\n<p><h2 id=\"2-El-caso-de-Ronald-Ojeda\" tabindex=\"-1\" class=\"bbc-1f03ibc eglt09e0\">2. El caso de Ronald Ojeda<\/h2>\n<\/p>\n<div dir=\"ltr\" class=\"bbc-19j92fr ebmt73l0\" readability=\"8\">\n<p dir=\"ltr\" class=\"bbc-hhl7in e17g058b0\">En medio de esta escalada de tensiones, hay un caso que vino a complejizar a\u00fan m\u00e1s la situaci\u00f3n.<\/p>\n<\/div>\n<div dir=\"ltr\" class=\"bbc-19j92fr ebmt73l0\" readability=\"9\">\n<p dir=\"ltr\" class=\"bbc-hhl7in e17g058b0\">Se trata del secuestro y homicidio del exteniente <b>Ronald Ojeda<\/b>, un opositor al gobierno de Maduro que resid\u00eda en Chile como refugiado pol\u00edtico desde 2018.<\/p>\n<\/div>\n<div dir=\"ltr\" class=\"bbc-19j92fr ebmt73l0\" readability=\"8\">\n<p dir=\"ltr\" class=\"bbc-hhl7in e17g058b0\">Ojeda fue <b>secuestrado en Santiago el 21 de febrero y su cad\u00e1ver fue hallado 10 d\u00edas <\/b>despu\u00e9s dentro de una maleta enterrada bajo el cemento.<\/p>\n<\/div>\n<div dir=\"ltr\" class=\"bbc-19j92fr ebmt73l0\" readability=\"9\">\n<p dir=\"ltr\" class=\"bbc-hhl7in e17g058b0\">El oficial no era una persona de alto perfil, pero cobr\u00f3 notoriedad luego de que el gobierno venezolano le impusiera cargos por traici\u00f3n a la patria en 2017.<\/p>\n<\/div>\n<div dir=\"ltr\" class=\"bbc-19j92fr ebmt73l0\" readability=\"9\">\n<p dir=\"ltr\" class=\"bbc-hhl7in e17g058b0\">Desde que explot\u00f3 este caso, han aparecido diversas versiones -ninguna de ellas confirmada por la Justicia- sobre qui\u00e9n estar\u00eda detr\u00e1s del crimen del exteniente.<\/p>\n<\/div>\n<div dir=\"ltr\" class=\"bbc-19j92fr ebmt73l0\" readability=\"8\">\n<p dir=\"ltr\" class=\"bbc-hhl7in e17g058b0\">Y este jueves (11 de abril) la Fiscal\u00eda chilena asegur\u00f3 que el crimen se <b>\u201corganiz\u00f3 desde Venezuela\u201d<\/b> y que el m\u00f3vil pol\u00edtico es la &#8220;\u00fanica l\u00ednea investigativa que nos queda&#8221;.<\/p>\n<\/div>\n<div dir=\"ltr\" class=\"bbc-19j92fr ebmt73l0\" readability=\"8\">\n<p dir=\"ltr\" class=\"bbc-hhl7in e17g058b0\">Es la primera vez que el ministerio p\u00fablico de este pa\u00eds se pronuncia tan fuertemente respecto de la eventual responsabilidad de Venezuela.<\/p>\n<\/div>\n<div dir=\"ltr\" class=\"bbc-19j92fr ebmt73l0\" readability=\"10\">\n<p dir=\"ltr\" class=\"bbc-hhl7in e17g058b0\">\u201cNosotros sostenemos que esto se organiz\u00f3 y se solicit\u00f3 el secuestro y posterior homicidio del se\u00f1or Ojeda desde Venezuela\u201d, dijo el fiscal chileno <b>H\u00e9ctor Barros<\/b> en una entrevista al canal <i class=\"bbc-h1y5j7 eih42320\">Chilevisi\u00f3n<\/i>.<\/p>\n<\/div>\n<div dir=\"ltr\" class=\"bbc-19j92fr ebmt73l0\" readability=\"10\">\n<p dir=\"ltr\" class=\"bbc-hhl7in e17g058b0\">Barros indic\u00f3 que se le envi\u00f3 un <b>\u201crequerimiento de asistencia penal internacional<\/b> a Venezuela, a efecto que nos puedan ayudar con la detenci\u00f3n de los dos ciudadanos venezolanos que est\u00e1n en Venezuela\u201d.<\/p>\n<\/div>\n<figure class=\"bbc-1qn0xuy\">\n<div class=\"bbc-1gazxmd\"><picture><img src=\"http:\/\/cordobadirecto.com\/wp-content\/uploads\/2024\/04\/la-disputa-por-el-tren-de-aragua-y-otros-2-conflictos-que-alimentan-la-creciente-tension-entre-los-gobiernos-de-chile-y-venezuela-3.jpg\" srcset=\"http:\/\/cordobadirecto.com\/wp-content\/uploads\/2024\/04\/la-disputa-por-el-tren-de-aragua-y-otros-2-conflictos-que-alimentan-la-creciente-tension-entre-los-gobiernos-de-chile-y-venezuela-21.jpg 240w, http:\/\/cordobadirecto.com\/wp-content\/uploads\/2024\/04\/la-disputa-por-el-tren-de-aragua-y-otros-2-conflictos-que-alimentan-la-creciente-tension-entre-los-gobiernos-de-chile-y-venezuela-22.jpg 320w, http:\/\/cordobadirecto.com\/wp-content\/uploads\/2024\/04\/la-disputa-por-el-tren-de-aragua-y-otros-2-conflictos-que-alimentan-la-creciente-tension-entre-los-gobiernos-de-chile-y-venezuela-23.jpg 480w, http:\/\/cordobadirecto.com\/wp-content\/uploads\/2024\/04\/la-disputa-por-el-tren-de-aragua-y-otros-2-conflictos-que-alimentan-la-creciente-tension-entre-los-gobiernos-de-chile-y-venezuela-24.jpg 624w, http:\/\/cordobadirecto.com\/wp-content\/uploads\/2024\/04\/la-disputa-por-el-tren-de-aragua-y-otros-2-conflictos-que-alimentan-la-creciente-tension-entre-los-gobiernos-de-chile-y-venezuela-25.jpg 800w\" sizes=\"(min-width: 1008px) 760px, 100vw\" alt=\"Ronald Ojeda\" loading=\"lazy\" width=\"800\" height=\"450\" class=\"bbc-139onq\"><\/picture>\n<p class=\"bbc-kaivkm\" role=\"text\"><span class=\"bbc-m04vo2\">Fuente de la imagen, <\/span><span lang=\"en-GB\">X<\/span><\/p>\n<\/div><figcaption dir=\"ltr\" class=\"bbc-1jsyunq e6i104o0\"><span role=\"text\"><span class=\"bbc-m04vo2\">Pie de foto, <\/span><span data-testid=\"caption-paragraph\">Ronald Ojeda fue secuestrado en Santiago el 21 de febrero y su cad\u00e1ver fue hallado 10 d\u00edas despu\u00e9s.<\/span><\/span><\/figcaption><\/figure>\n<div dir=\"ltr\" class=\"bbc-19j92fr ebmt73l0\" readability=\"13\">\n<p dir=\"ltr\" class=\"bbc-hhl7in e17g058b0\">Ante esto, la ma\u00f1ana de este viernes, la ministra del Interior de Chile, Carolina Toh\u00e1, se refiri\u00f3 a las declaraciones del fiscal Barros y dijo que exigir\u00e1 el cumplimiento del tratado de extradici\u00f3n con Venezuela cuando haya detenidos.<\/p>\n<\/div>\n<div dir=\"ltr\" class=\"bbc-19j92fr ebmt73l0\" readability=\"9\">\n<p dir=\"ltr\" class=\"bbc-hhl7in e17g058b0\">&#8220;Como pa\u00eds hemos tenido experiencias complejas en casos similares, en que hemos buscado a personas acusadas de delitos graves cometidos en Chile que se encuentran en Venezuela\u201d.<\/p>\n<\/div>\n<div dir=\"ltr\" class=\"bbc-19j92fr ebmt73l0\" readability=\"9\">\n<p dir=\"ltr\" class=\"bbc-hhl7in e17g058b0\">\u201cY la experiencia no ha sido positiva. Creemos que el caso del exteniente Ojeda no puede correr la misma suerte\u201d, agreg\u00f3.<\/p>\n<\/div>\n<div dir=\"ltr\" class=\"bbc-19j92fr ebmt73l0\" readability=\"12\">\n<p dir=\"ltr\" class=\"bbc-hhl7in e17g058b0\">Adem\u00e1s, Toh\u00e1 afirm\u00f3 que \u201ceste crimen es importante para Chile, le damos la mayor gravedad, pero tambi\u00e9n es importante para Venezuela. <b>Los ojos del mundo van a estar puestos sobre su comportamiento <\/b>y la disposici\u00f3n a colaborar en esta investigaci\u00f3n tiene que demostrarse en hechos\u201d.<\/p>\n<\/div>\n<div dir=\"ltr\" class=\"bbc-19j92fr ebmt73l0\" readability=\"9\">\n<p dir=\"ltr\" class=\"bbc-hhl7in e17g058b0\">La ministra chilena destac\u00f3 que ambos pa\u00edses tienen un tratado vigente de extradici\u00f3n, desde el a\u00f1o 1962.<\/p>\n<\/div>\n<div dir=\"ltr\" class=\"bbc-19j92fr ebmt73l0\" readability=\"12\">\n<p dir=\"ltr\" class=\"bbc-hhl7in e17g058b0\"><b>\u201cChile tiene todo el derecho a exigir su cumplimiento <\/b>y a pedir que en el caso de estos criminales, una vez aprehendidos, se les permita venir a Chile y enfrentar la justicia en nuestro pa\u00eds\u201d, concluy\u00f3.<\/p>\n<\/div>\n<div dir=\"ltr\" class=\"bbc-19j92fr ebmt73l0\" readability=\"11\">\n<p dir=\"ltr\" class=\"bbc-hhl7in e17g058b0\">Estas declaraciones se dan luego de que hace unos pocos d\u00edas el gobierno de Boric recibiera en La Moneda a la viuda de Ojeda, <b>Josmarghy Castillo<\/b>, en lo que se interpreta como un gesto de significaci\u00f3n pol\u00edtica.<\/p>\n<\/div>\n<div dir=\"ltr\" class=\"bbc-19j92fr ebmt73l0\" readability=\"13\">\n<p dir=\"ltr\" class=\"bbc-hhl7in e17g058b0\">Este viernes, el fiscal general de Venezuela, Tarek William Saab, inform\u00f3 en un mensaje en X que hab\u00edan recibido una solicitud oficial de informaci\u00f3n por parte de las autoridades chilenas sobre cinco personas &#8220;vinculadas al homicidio&#8221; de Ojeda y asegur\u00f3 que la petici\u00f3n &#8220;ser\u00e1 respondida a la brevedad&#8221;.<\/p>\n<\/div>\n<div dir=\"ltr\" class=\"bbc-19j92fr ebmt73l0\" readability=\"10\">\n<p dir=\"ltr\" class=\"bbc-hhl7in e17g058b0\">Saab, no obstante, destac\u00f3 que esta no era una solicitud de asistencia mutua en materia penal realizada por los mecanismos diplom\u00e1ticos correspondientes.<\/p>\n<\/div>\n<div dir=\"ltr\" class=\"bbc-19j92fr ebmt73l0\" readability=\"14\">\n<p dir=\"ltr\" class=\"bbc-hhl7in e17g058b0\">&#8220;En todo caso, en base a la solicitud via correo electr\u00f3nica recibida, el Ministerio P\u00fablico de Venezuela est\u00e1 procediendo a la ubicaci\u00f3n de los sujetos se\u00f1alados como presuntos involucrados en dicho crimen, para su inmediata detenci\u00f3n en el caso de que los mismos se encuentren en nuestro territorio&#8221;, agreg\u00f3.<\/p>\n<\/div>\n<div dir=\"ltr\" class=\"bbc-19j92fr ebmt73l0\" readability=\"9\">\n<p dir=\"ltr\" class=\"bbc-hhl7in e17g058b0\">Paulina Astroza advierte que \u201chay que tomar con prudencia las declaraciones de la fiscal\u00eda chilena porque no es el que imparte justicia, sino el que investiga\u201d.<\/p>\n<\/div>\n<div dir=\"ltr\" class=\"bbc-19j92fr ebmt73l0\" readability=\"12\">\n<p dir=\"ltr\" class=\"bbc-hhl7in e17g058b0\">Sin embargo, agrega: \u201cHay muchas cosas que a\u00fan no se saben <b>pero si se llega a probar que esto se trata de un asesinato pol\u00edtico, en que el r\u00e9gimen de Maduro est\u00e1 detr\u00e1s, es de m\u00e1xima gravedad\u201d<\/b>.<\/p>\n<\/div>\n<figure class=\"bbc-1qn0xuy\" readability=\"1.5\">\n<div class=\"bbc-1gazxmd\" readability=\"8\"><picture><img src=\"http:\/\/cordobadirecto.com\/wp-content\/uploads\/2024\/04\/la-disputa-por-el-tren-de-aragua-y-otros-2-conflictos-que-alimentan-la-creciente-tension-entre-los-gobiernos-de-chile-y-venezuela-4.jpg\" srcset=\"http:\/\/cordobadirecto.com\/wp-content\/uploads\/2024\/04\/la-disputa-por-el-tren-de-aragua-y-otros-2-conflictos-que-alimentan-la-creciente-tension-entre-los-gobiernos-de-chile-y-venezuela-26.jpg 240w, http:\/\/cordobadirecto.com\/wp-content\/uploads\/2024\/04\/la-disputa-por-el-tren-de-aragua-y-otros-2-conflictos-que-alimentan-la-creciente-tension-entre-los-gobiernos-de-chile-y-venezuela-27.jpg 320w, http:\/\/cordobadirecto.com\/wp-content\/uploads\/2024\/04\/la-disputa-por-el-tren-de-aragua-y-otros-2-conflictos-que-alimentan-la-creciente-tension-entre-los-gobiernos-de-chile-y-venezuela-28.jpg 480w, http:\/\/cordobadirecto.com\/wp-content\/uploads\/2024\/04\/la-disputa-por-el-tren-de-aragua-y-otros-2-conflictos-que-alimentan-la-creciente-tension-entre-los-gobiernos-de-chile-y-venezuela-29.jpg 624w, http:\/\/cordobadirecto.com\/wp-content\/uploads\/2024\/04\/la-disputa-por-el-tren-de-aragua-y-otros-2-conflictos-que-alimentan-la-creciente-tension-entre-los-gobiernos-de-chile-y-venezuela-30.jpg 800w\" sizes=\"(min-width: 1008px) 760px, 100vw\" alt=\"La ministra del Interior, Carolina Toh\u00e1\" loading=\"lazy\" width=\"1024\" height=\"576\" class=\"bbc-139onq\"><\/picture>\n<p class=\"bbc-kaivkm\" role=\"text\"><span class=\"bbc-m04vo2\">Fuente de la imagen, <\/span><span lang=\"en-GB\">Getty Images<\/span><\/p>\n<\/div><figcaption dir=\"ltr\" class=\"bbc-1jsyunq e6i104o0\"><span role=\"text\"><span class=\"bbc-m04vo2\">Pie de foto, <\/span><span data-testid=\"caption-paragraph\">La ministra del Interior de Chile, Carolina Toh\u00e1, indic\u00f3 que &#8220;los ojos del mundo&#8221; van a estar puestos sobre el comportamiento de Venezuela en la investigaci\u00f3n del crimen del exteniente Ojeda. <\/span><\/span><\/figcaption><\/figure>\n<p><h2 id=\"3-Falta-de-compromiso-con-deportaciones\" tabindex=\"-1\" class=\"bbc-1f03ibc eglt09e0\">3. \u201cFalta de compromiso\u201d con deportaciones<\/h2>\n<\/p>\n<div dir=\"ltr\" class=\"bbc-19j92fr ebmt73l0\" readability=\"8\">\n<p dir=\"ltr\" class=\"bbc-hhl7in e17g058b0\">Chile viene acusando desde hace un tiempo a Venezuela de no colaborar con la seguridad en la regi\u00f3n latinoamericana.<\/p>\n<\/div>\n<div dir=\"ltr\" class=\"bbc-19j92fr ebmt73l0\" readability=\"10\">\n<p dir=\"ltr\" class=\"bbc-hhl7in e17g058b0\">Este discurso se vio intensificado esta semana tras el asesinato de un polic\u00eda chileno, el teniente <b>Emmanuel S\u00e1nchez Soto<\/b>, que constern\u00f3 al pa\u00eds.<\/p>\n<\/div>\n<div dir=\"ltr\" class=\"bbc-19j92fr ebmt73l0\" readability=\"13\">\n<p dir=\"ltr\" class=\"bbc-hhl7in e17g058b0\">El crimen ocurri\u00f3 el mi\u00e9rcoles (10 de abril) en la noche, en la zona poniente de la ciudad de Santiago. Uno de los atacantes -que fue abatido en el lugar- era de origen venezolano y <b>ten\u00eda orden de expulsi\u00f3n desde 2020<\/b>, seg\u00fan la informaci\u00f3n entregada por el subsecretario del Interior de Chile, Manuel Monsalve<b>.<\/b><\/p>\n<\/div>\n<div dir=\"ltr\" class=\"bbc-19j92fr ebmt73l0\" readability=\"9\">\n<p dir=\"ltr\" class=\"bbc-hhl7in e17g058b0\">De acuerdo con las autoridades chilenas, muchas de las \u00f3rdenes de expulsi\u00f3n no se han podido concretar debido a la<b> \u201cd\u00e9bil\u201d colaboraci\u00f3n de Caracas.<\/b><\/p>\n<\/div>\n<div dir=\"ltr\" class=\"bbc-19j92fr ebmt73l0\" readability=\"14\">\n<p dir=\"ltr\" class=\"bbc-hhl7in e17g058b0\">\u201cPara poder cruzar a ciudadanos venezolanos a Venezuela, se requiere necesariamente la coordinaci\u00f3n con el gobierno venezolano, si no, no es posible\u201d, indic\u00f3 Monsalve este jueves, al ser consultado por la expulsi\u00f3n del venezolano que atac\u00f3 al carabinero.<\/p>\n<\/div>\n<div dir=\"ltr\" class=\"bbc-19j92fr ebmt73l0\" readability=\"10\">\n<p dir=\"ltr\" class=\"bbc-hhl7in e17g058b0\">El subsecretario insisti\u00f3 en que Maduro debe autorizar el ingreso de aviones a su espacio a\u00e9reo, por una parte, y tambi\u00e9n ayudar en corroborar las identidades de las personas expulsadas.<\/p>\n<\/div>\n<div dir=\"ltr\" class=\"bbc-19j92fr ebmt73l0\" readability=\"7\">\n<p dir=\"ltr\" class=\"bbc-hhl7in e17g058b0\">El presidente Boric tambi\u00e9n se refiri\u00f3 a este tema en los \u00faltimos d\u00edas.<\/p>\n<\/div>\n<div dir=\"ltr\" class=\"bbc-19j92fr ebmt73l0\" readability=\"13\">\n<p dir=\"ltr\" class=\"bbc-hhl7in e17g058b0\">\u201cVenezuela no est\u00e1 colaborando con los pa\u00edses del sur, porque s\u00ed lo hace con Estados Unidos, s\u00ed acepta expulsiones desde Estados Unidos a Venezuela, pero no lo est\u00e1 haciendo con los pa\u00edses del sur y no se hace responsable de esta situaci\u00f3n\u201d, dijo a la prensa.<\/p>\n<\/div>\n<div dir=\"ltr\" class=\"bbc-19j92fr ebmt73l0\" readability=\"11\">\n<p dir=\"ltr\" class=\"bbc-hhl7in e17g058b0\">Desde el gobierno de Maduro, sin embargo, se ha dicho que el presidente venezolano ha solicitado ampliar<b> \u201ctodas las coordinaciones y esquemas para as\u00ed enfrentar al crimen organizado<\/b> y defender a los pueblos de Venezuela y Chile\u201d.<\/p>\n<\/div>\n<figure class=\"bbc-1qn0xuy\" readability=\"1.5\">\n<div class=\"bbc-1gazxmd\" readability=\"8\"><picture><img src=\"http:\/\/cordobadirecto.com\/wp-content\/uploads\/2024\/04\/la-disputa-por-el-tren-de-aragua-y-otros-2-conflictos-que-alimentan-la-creciente-tension-entre-los-gobiernos-de-chile-y-venezuela-5.jpg\" srcset=\"http:\/\/cordobadirecto.com\/wp-content\/uploads\/2024\/04\/la-disputa-por-el-tren-de-aragua-y-otros-2-conflictos-que-alimentan-la-creciente-tension-entre-los-gobiernos-de-chile-y-venezuela-31.jpg 240w, http:\/\/cordobadirecto.com\/wp-content\/uploads\/2024\/04\/la-disputa-por-el-tren-de-aragua-y-otros-2-conflictos-que-alimentan-la-creciente-tension-entre-los-gobiernos-de-chile-y-venezuela-32.jpg 320w, http:\/\/cordobadirecto.com\/wp-content\/uploads\/2024\/04\/la-disputa-por-el-tren-de-aragua-y-otros-2-conflictos-que-alimentan-la-creciente-tension-entre-los-gobiernos-de-chile-y-venezuela-33.jpg 480w, http:\/\/cordobadirecto.com\/wp-content\/uploads\/2024\/04\/la-disputa-por-el-tren-de-aragua-y-otros-2-conflictos-que-alimentan-la-creciente-tension-entre-los-gobiernos-de-chile-y-venezuela-34.jpg 624w, http:\/\/cordobadirecto.com\/wp-content\/uploads\/2024\/04\/la-disputa-por-el-tren-de-aragua-y-otros-2-conflictos-que-alimentan-la-creciente-tension-entre-los-gobiernos-de-chile-y-venezuela-35.jpg 800w\" sizes=\"(min-width: 1008px) 760px, 100vw\" alt=\"El presidente de Venezuela, Nicol\u00e1s Maduro.\" loading=\"lazy\" width=\"996\" height=\"560\" class=\"bbc-139onq\"><\/picture>\n<p class=\"bbc-kaivkm\" role=\"text\"><span class=\"bbc-m04vo2\">Fuente de la imagen, <\/span><span lang=\"en-GB\">Getty Images<\/span><\/p>\n<\/div><figcaption dir=\"ltr\" class=\"bbc-1jsyunq e6i104o0\"><span role=\"text\"><span class=\"bbc-m04vo2\">Pie de foto, <\/span><span data-testid=\"caption-paragraph\">El presidente de Venezuela, Nicol\u00e1s Maduro.<\/span><\/span><\/figcaption><\/figure>\n<div dir=\"ltr\" class=\"bbc-19j92fr ebmt73l0\" readability=\"13\">\n<p dir=\"ltr\" class=\"bbc-hhl7in e17g058b0\">Esto lo afirm\u00f3 el viceministro venezolano para Am\u00e9rica Latina, Rander Pe\u00f1a, durante la firma de un <b>convenio entre ambos pa\u00edses en enero de este a\u00f1o<\/b> que, seg\u00fan el gobierno de Maduro, permitir\u00eda \u201ctrazar estrategias para combatir la delincuencia organizada en el \u00e1mbito transnacional\u201d.<\/p>\n<\/div>\n<div dir=\"ltr\" class=\"bbc-19j92fr ebmt73l0\" readability=\"8\">\n<p dir=\"ltr\" class=\"bbc-hhl7in e17g058b0\">El convenio ha sido cuestionado por algunos sectores pol\u00edticos chilenos pero el gobierno de Boric lo ha defendido indicando que es una &#8220;herramienta m\u00e1s&#8221; para &#8220;exigir&#8221; colaboraci\u00f3n. <\/p>\n<\/div>\n<div dir=\"ltr\" class=\"bbc-19j92fr ebmt73l0\" readability=\"12\">\n<p dir=\"ltr\" class=\"bbc-hhl7in e17g058b0\">El fiscal general de Venezuela, Tarek William Saab, pareci\u00f3 responder a este asunto este viernes cuando asegur\u00f3 en un mensaje en X que &#8220;Venezuela y su Ministerio Publico tiene la m\u00e1s absoluta disposici\u00f3n de cooperar en la lucha contra el delito transnacional y ofrece a Chile toda su experiencia en el combate de estos grupos de delincuencia organizada&#8221;.<\/p>\n<\/div>\n<div dir=\"ltr\" class=\"bbc-19j92fr ebmt73l0\" readability=\"10\">\n<p dir=\"ltr\" class=\"bbc-hhl7in e17g058b0\">Seg\u00fan Paulina Astroza, \u201cel asesinato a un carabinero por parte de un venezolano que estaba con orden de expulsi\u00f3n refuerza el planteamiento de algunos de romper relaciones diplom\u00e1ticas con Venezuela&#8221;. <\/p>\n<\/div>\n<div dir=\"ltr\" class=\"bbc-19j92fr ebmt73l0\" readability=\"9\">\n<p dir=\"ltr\" class=\"bbc-hhl7in e17g058b0\">&#8220;Son elementos que van reforzando el concepto de la mano dura, sobre todo en un escenario electoral en Chile\u201d.<\/p>\n<\/div>\n<div dir=\"ltr\" class=\"bbc-19j92fr ebmt73l0\" readability=\"7\">\n<p dir=\"ltr\" class=\"bbc-hhl7in e17g058b0\">Todo lo anterior se da en un contexto de alta presi\u00f3n migratoria en Chile.<\/p>\n<\/div>\n<div dir=\"ltr\" class=\"bbc-19j92fr ebmt73l0\" readability=\"13\">\n<p dir=\"ltr\" class=\"bbc-hhl7in e17g058b0\">Como fruto de la crisis econ\u00f3mica y social que vive Venezuela, m\u00e1s de 7,7 millones de venezolanos han emigrado en los \u00faltimos a\u00f1os, seg\u00fan cifras de ONU. Su destino principal ha sido la vecina Colombia, pero tambi\u00e9n han emigrado a otros pa\u00edses de la regi\u00f3n como Chile.<\/p>\n<\/div>\n<div dir=\"ltr\" class=\"bbc-19j92fr ebmt73l0\" readability=\"10\">\n<p dir=\"ltr\" class=\"bbc-hhl7in e17g058b0\">De acuerdo con el Instituto Nacional de Estad\u00edsticas de Chile (INE), el a\u00f1o pasado hab\u00eda cerca de 500.000 venezolanos en ese pa\u00eds, lo que representa un aumento de m\u00e1s del <b>55% respecto del 2018<\/b>.<\/p>\n<\/div>\n<figure class=\"bbc-1qn0xuy\">\n<div class=\"bbc-1gazxmd\"><picture><img src=\"http:\/\/cordobadirecto.com\/wp-content\/uploads\/2024\/04\/la-disputa-por-el-tren-de-aragua-y-otros-2-conflictos-que-alimentan-la-creciente-tension-entre-los-gobiernos-de-chile-y-venezuela.png\" srcset=\"http:\/\/cordobadirecto.com\/wp-content\/uploads\/2024\/04\/la-disputa-por-el-tren-de-aragua-y-otros-2-conflictos-que-alimentan-la-creciente-tension-entre-los-gobiernos-de-chile-y-venezuela-1.png 240w, http:\/\/cordobadirecto.com\/wp-content\/uploads\/2024\/04\/la-disputa-por-el-tren-de-aragua-y-otros-2-conflictos-que-alimentan-la-creciente-tension-entre-los-gobiernos-de-chile-y-venezuela-2.png 320w, http:\/\/cordobadirecto.com\/wp-content\/uploads\/2024\/04\/la-disputa-por-el-tren-de-aragua-y-otros-2-conflictos-que-alimentan-la-creciente-tension-entre-los-gobiernos-de-chile-y-venezuela-3.png 480w, http:\/\/cordobadirecto.com\/wp-content\/uploads\/2024\/04\/la-disputa-por-el-tren-de-aragua-y-otros-2-conflictos-que-alimentan-la-creciente-tension-entre-los-gobiernos-de-chile-y-venezuela-4.png 624w, http:\/\/cordobadirecto.com\/wp-content\/uploads\/2024\/04\/la-disputa-por-el-tren-de-aragua-y-otros-2-conflictos-que-alimentan-la-creciente-tension-entre-los-gobiernos-de-chile-y-venezuela-5.png 800w\" sizes=\"(min-width: 1008px) 760px, 100vw\" alt=\"linea gris\" loading=\"lazy\" width=\"800\" height=\"100\" class=\"bbc-139onq\"><\/picture><\/div>\n<\/figure>\n","protected":false},"excerpt":{"rendered":"<p>Fuente de la imagen, Getty Pie de foto, El presidente de Chile, Gabriel Boric, critic\u00f3 fuertemente al ministro de Relaciones Exteriores de Venezuela, Yv\u00e1n Gil. (Foto de archivo) Article information Author, Fernanda Pa\u00fal Role, BBC News Mundo 12 abril 2024, 15:52 GMT Actualizado 38 minutos La relaci\u00f3n entre Chile y Venezuela est\u00e1 pasando por un [&hellip;]<\/p>\n","protected":false},"author":1,"featured_media":148998,"comment_status":"closed","ping_status":"closed","sticky":false,"template":"","format":"standard","meta":[],"categories":[24],"tags":[],"_links":{"self":[{"href":"http:\/\/cordobadirecto.com\/index.php\/wp-json\/wp\/v2\/posts\/148997"}],"collection":[{"href":"http:\/\/cordobadirecto.com\/index.php\/wp-json\/wp\/v2\/posts"}],"about":[{"href":"http:\/\/cordobadirecto.com\/index.php\/wp-json\/wp\/v2\/types\/post"}],"author":[{"embeddable":true,"href":"http:\/\/cordobadirecto.com\/index.php\/wp-json\/wp\/v2\/users\/1"}],"replies":[{"embeddable":true,"href":"http:\/\/cordobadirecto.com\/index.php\/wp-json\/wp\/v2\/comments?post=148997"}],"version-history":[{"count":0,"href":"http:\/\/cordobadirecto.com\/index.php\/wp-json\/wp\/v2\/posts\/148997\/revisions"}],"wp:featuredmedia":[{"embeddable":true,"href":"http:\/\/cordobadirecto.com\/index.php\/wp-json\/wp\/v2\/media\/148998"}],"wp:attachment":[{"href":"http:\/\/cordobadirecto.com\/index.php\/wp-json\/wp\/v2\/media?parent=148997"}],"wp:term":[{"taxonomy":"category","embeddable":true,"href":"http:\/\/cordobadirecto.com\/index.php\/wp-json\/wp\/v2\/categories?post=148997"},{"taxonomy":"post_tag","embeddable":true,"href":"http:\/\/cordobadirecto.com\/index.php\/wp-json\/wp\/v2\/tags?post=148997"}],"curies":[{"name":"wp","href":"https:\/\/api.w.org\/{rel}","templated":true}]}}