{"id":149014,"date":"2024-04-13T11:05:38","date_gmt":"2024-04-13T11:05:38","guid":{"rendered":"https:\/\/cordoba.gob.ar\/?p=56830"},"modified":"2024-04-13T11:05:38","modified_gmt":"2024-04-13T11:05:38","slug":"abril-en-el-museo-juan-de-tejeda","status":"publish","type":"post","link":"http:\/\/cordobadirecto.com\/index.php\/2024\/04\/13\/abril-en-el-museo-juan-de-tejeda\/","title":{"rendered":"Abril en el Museo Juan de Tejeda"},"content":{"rendered":"<div><img src=\"http:\/\/cordobadirecto.com\/wp-content\/uploads\/2024\/04\/abril-en-el-museo-juan-de-tejeda.jpg\" class=\"ff-og-image-inserted\"><\/div>\n<ul class=\"ak-ul\" data-pm-slice=\"3 1 []\">\n<li><strong>Durante todo el mes se podr\u00e1 recorrer su historia, patrimonio y la muestra temporal \u201cEntre el cielo y la tierra\u201d de Cecilia Pecini.<\/strong><\/li>\n<\/ul>\n<hr>\n<p>El Museo de Arte Religioso Juan de Tejeda alberga un patrimonio exquisito, que dice mucho de la historia e idiosincrasia del ser cordob\u00e9s.<\/p>\n<p>En el mes de abril invita a vecinos y turistas recorrer su historia, la muestra permanente que se encuentra distribuida en las tres salas del espacio y la muestra temporaria de Cecilia Pecini.<\/p>\n<p>Para los s\u00e1bados se recomienda tomar el tour de la visita guiada.<\/p>\n<p>Con m\u00e1s de 400 a\u00f1os de historia se encuentra situado en la calle Independencia al 122, a pocos metros de la Plaza San Mart\u00edn, en el Casco Hist\u00f3rico.<\/p>\n<p>El espacio municipal abre al p\u00fablico de lunes a s\u00e1bado, de 10:00 a 14:00 horas y las visitas guiadas en el mes de abril son todos los s\u00e1bados a las 11:00.<\/p>\n<p>La entrada para residentes argentinos es de $500, jubilados argentinos $300, y extranjeros $1000. Los menores de 12 a\u00f1os entran gratis.<\/p>\n<p><strong>Entre el Cielo y la Tierra: muestra de Celia Pecini<\/strong><\/p>\n<p>La artista Celia Pecini expone en la Sala Fragmentos del Para\u00edso, una serie de cuadros realizados exclusivamente para esta muestra temporaria que recorren su vida en v\u00ednculo con la fe y con el arte religioso. Desde sus inicios como pintora, las im\u00e1genes tradicionales de Semana Santa y del cristianismo la han motivado a plasmar en el lienzo los sentimientos m\u00e1s puros de fe y esperanza. La muestra podr\u00e1 visitarse en los horarios de apertura del museo hasta el 8 de junio.<\/p>\n<p><strong>M\u00e1s de medio siglo custodiando el arte religioso<\/strong><\/p>\n<p>Se trata de la exposici\u00f3n de la muestra permanente en salas del hist\u00f3rico museo y su magn\u00edfico patio colonial y galer\u00edas. El Museo Juan de Tejeda resguarda una de las colecciones de arte religioso m\u00e1s importantes de Am\u00e9rica del Sur en un claustro monacal del siglo XVII. En torno al patio se exhiben piezas destacadas de una colecci\u00f3n de m\u00e1s de 9300 piezas.<\/p>\n<p><strong>\u00a1Ven\u00ed a las visitas guiadas del Tejeda!<\/strong><\/p>\n<p>El circuito general incluye el origen del sitio como vivienda de la familia Tejeda, luego el Monasterio San Jos\u00e9 de Carmelitas Descalzas y finalmente el museo de arte religioso. En 1941 el lugar fue declarado Monumento Hist\u00f3rico Nacional.<\/p>\n","protected":false},"excerpt":{"rendered":"<p>Durante todo el mes se podr\u00e1 recorrer su historia, patrimonio y la muestra temporal \u201cEntre el cielo y la tierra\u201d de Cecilia Pecini. El Museo de Arte Religioso Juan de Tejeda alberga un patrimonio exquisito, que dice mucho de la historia e idiosincrasia del ser cordob\u00e9s. En el mes de abril invita a vecinos y [&hellip;]<\/p>\n","protected":false},"author":1,"featured_media":149015,"comment_status":"closed","ping_status":"closed","sticky":false,"template":"","format":"standard","meta":[],"categories":[44],"tags":[],"_links":{"self":[{"href":"http:\/\/cordobadirecto.com\/index.php\/wp-json\/wp\/v2\/posts\/149014"}],"collection":[{"href":"http:\/\/cordobadirecto.com\/index.php\/wp-json\/wp\/v2\/posts"}],"about":[{"href":"http:\/\/cordobadirecto.com\/index.php\/wp-json\/wp\/v2\/types\/post"}],"author":[{"embeddable":true,"href":"http:\/\/cordobadirecto.com\/index.php\/wp-json\/wp\/v2\/users\/1"}],"replies":[{"embeddable":true,"href":"http:\/\/cordobadirecto.com\/index.php\/wp-json\/wp\/v2\/comments?post=149014"}],"version-history":[{"count":0,"href":"http:\/\/cordobadirecto.com\/index.php\/wp-json\/wp\/v2\/posts\/149014\/revisions"}],"wp:featuredmedia":[{"embeddable":true,"href":"http:\/\/cordobadirecto.com\/index.php\/wp-json\/wp\/v2\/media\/149015"}],"wp:attachment":[{"href":"http:\/\/cordobadirecto.com\/index.php\/wp-json\/wp\/v2\/media?parent=149014"}],"wp:term":[{"taxonomy":"category","embeddable":true,"href":"http:\/\/cordobadirecto.com\/index.php\/wp-json\/wp\/v2\/categories?post=149014"},{"taxonomy":"post_tag","embeddable":true,"href":"http:\/\/cordobadirecto.com\/index.php\/wp-json\/wp\/v2\/tags?post=149014"}],"curies":[{"name":"wp","href":"https:\/\/api.w.org\/{rel}","templated":true}]}}