{"id":149016,"date":"2024-04-12T23:26:56","date_gmt":"2024-04-12T23:26:56","guid":{"rendered":"https:\/\/cordoba.gob.ar\/?p=56913"},"modified":"2024-04-12T23:26:56","modified_gmt":"2024-04-12T23:26:56","slug":"passerini-cerro-la-primera-jornada-de-la-vi-asamblea-nacional-de-intendentes-de-la-red-argentina-de-municipios-frente-al-cambio-climatico","status":"publish","type":"post","link":"http:\/\/cordobadirecto.com\/index.php\/2024\/04\/12\/passerini-cerro-la-primera-jornada-de-la-vi-asamblea-nacional-de-intendentes-de-la-red-argentina-de-municipios-frente-al-cambio-climatico\/","title":{"rendered":"Passerini cerr\u00f3 la primera jornada de la VI Asamblea Nacional de Intendentes de la Red Argentina de Municipios Frente al Cambio Clim\u00e1tico"},"content":{"rendered":"<div><img src=\"http:\/\/cordobadirecto.com\/wp-content\/uploads\/2024\/04\/passerini-cerro-la-primera-jornada-de-la-vi-asamblea-nacional-de-intendentes-de-la-red-argentina-de-municipios-frente-al-cambio-climatico.jpg\" class=\"ff-og-image-inserted\"><\/div>\n<p>Ante m\u00e1s de 700 intendentes, intendentas, jefes comunales, legisladores y referentes gubernamentales e institucionales, el intendente de la ciudad de C\u00f3rdoba, Daniel Passerini expuso las pol\u00edticas que desarroll\u00f3 la Municipalidad en los \u00faltimos cuatro a\u00f1os y la proyecci\u00f3n para el per\u00edodo actual, enmarc\u00f3 sus palabras en la coyuntura de fen\u00f3menos meteorol\u00f3gicos y sanitarios que azotaron a la ciudad.<\/p>\n<p>\u201cEl cambio clim\u00e1tico es una de las principales amenazas al desarrollo econ\u00f3mico, social, cultural y ambiental en el mundo. Este a\u00f1o fuimos testigos de fuertes tormentas en diciembre y enero y la epidemia de dengue que golpea al pa\u00eds. Todo esto consecuencia del recrudecimiento de las condiciones clim\u00e1ticas, con registros hist\u00f3ricos de olas de calor y humedad\u201d, afirm\u00f3 Passerini.<\/p>\n<p><em>\u201cAnte este fen\u00f3meno, la acci\u00f3n local resulta esencial para mitigar las emisiones de los gases de efecto invernadero responsables del calentamiento global. Desde hace cuatro a\u00f1os y cuatro meses, junto al gobernador Mart\u00edn Llaryora, estamos tomando acciones y aspiramos a proyectar a C\u00f3rdoba como un faro de sostenibilidad y responsabilidad socio-ambiental, comprometida con la preservaci\u00f3n del ambiente y el bienestar de sus vecinos y vecinas\u201d.<\/em><\/p>\n<p><em>\u201cComprometerse con el cambio clim\u00e1tico es una decisi\u00f3n pol\u00edtica\u201d,<\/em> acot\u00f3, al mismo tiempo que enumer\u00f3 los establecimientos municipales que promueven la Econom\u00eda Circular y la defensa del ambiente como el Instituto de Protecci\u00f3n Ambiental y Animal, los Juzgados Ambientales de faltas, la ULA, el Observatorio Ambiental, Centros Verdes y de Transferencia de Residuos, la Escuela Municipal de Econom\u00eda Circular y el Instituto de Transici\u00f3n Energ\u00e9tica, a la vez que mencion\u00f3 a los entes BioC\u00f3rdoba y C\u00f3rdoba Obras y Servicios (COyS).<\/p>\n<p>\u201cCelebro que hoy haya cada vez m\u00e1s actores y actrices comprometidos con esta problem\u00e1tica, que haya m\u00e1s experiencias para compartir y herramientas para financiar proyectos\u201d, destac\u00f3 y a\u00f1adi\u00f3: \u201ces muy importante que vayamos tras el mismo objetivo y un mismo compromiso que es cuidar el lugar donde vivimos\u201d.<\/p>\n<p>A la ma\u00f1ana, la apertura fue presidida por el gobernador de la Provincia, Mart\u00edn Llaryora. Quien destac\u00f3 la importancia que tiene para su gobierno la gesti\u00f3n ambiental, por lo cual cre\u00f3, por primera vez, un ministerio de Econom\u00eda Circular.<\/p>\n<p>Ma\u00f1ana continuar\u00e1 la VI Asamblea de la RAMCC con debates sobre la eficiencia energ\u00e9tica en edificios municipales, la descarbonizaci\u00f3n de la econom\u00eda, Econom\u00eda Circular y empleos verdes, financiamiento clim\u00e1tico, gesti\u00f3n de residuos, forestaci\u00f3n, entre otros.<\/p>\n<p><strong>Sobre la RAMCC<\/strong><\/p>\n<p>Es una coalici\u00f3n de municipios y comunas integrada por 245 municipios argentinos que coordina e impulsa planes estrat\u00e9gicos para hacer frente al cambio clim\u00e1tico en Argentina y otros pa\u00edses de Am\u00e9rica Latina.<\/p>\n<p>Se conform\u00f3 durante las Primeras Jornadas Internacionales de Municipios y Cambio Clim\u00e1tico, realizadas en la ciudad de Monte Caseros, en noviembre del 2010.<\/p>\n<p>Su funci\u00f3n es la de coordinar planes estrat\u00e9gicos y promover acciones concretas en l\u00ednea con los objetivos del Pacto Global de Alcaldes por el Clima y la Energ\u00eda, los Objetivos de Desarrollo Sostenible (ODS) y los compromisos nacionales.<\/p>\n<p>A trav\u00e9s de sus proyectos, promueven la acci\u00f3n clim\u00e1tica, impulsan la carbononeutralidad, los empleos verdes y las energ\u00edas sostenibles.<\/p>\n","protected":false},"excerpt":{"rendered":"<p>Ante m\u00e1s de 700 intendentes, intendentas, jefes comunales, legisladores y referentes gubernamentales e institucionales, el intendente de la ciudad de C\u00f3rdoba, Daniel Passerini expuso las pol\u00edticas que desarroll\u00f3 la Municipalidad en los \u00faltimos cuatro a\u00f1os y la proyecci\u00f3n para el per\u00edodo actual, enmarc\u00f3 sus palabras en la coyuntura de fen\u00f3menos meteorol\u00f3gicos y sanitarios que azotaron [&hellip;]<\/p>\n","protected":false},"author":1,"featured_media":149017,"comment_status":"closed","ping_status":"closed","sticky":false,"template":"","format":"standard","meta":[],"categories":[44],"tags":[],"_links":{"self":[{"href":"http:\/\/cordobadirecto.com\/index.php\/wp-json\/wp\/v2\/posts\/149016"}],"collection":[{"href":"http:\/\/cordobadirecto.com\/index.php\/wp-json\/wp\/v2\/posts"}],"about":[{"href":"http:\/\/cordobadirecto.com\/index.php\/wp-json\/wp\/v2\/types\/post"}],"author":[{"embeddable":true,"href":"http:\/\/cordobadirecto.com\/index.php\/wp-json\/wp\/v2\/users\/1"}],"replies":[{"embeddable":true,"href":"http:\/\/cordobadirecto.com\/index.php\/wp-json\/wp\/v2\/comments?post=149016"}],"version-history":[{"count":0,"href":"http:\/\/cordobadirecto.com\/index.php\/wp-json\/wp\/v2\/posts\/149016\/revisions"}],"wp:featuredmedia":[{"embeddable":true,"href":"http:\/\/cordobadirecto.com\/index.php\/wp-json\/wp\/v2\/media\/149017"}],"wp:attachment":[{"href":"http:\/\/cordobadirecto.com\/index.php\/wp-json\/wp\/v2\/media?parent=149016"}],"wp:term":[{"taxonomy":"category","embeddable":true,"href":"http:\/\/cordobadirecto.com\/index.php\/wp-json\/wp\/v2\/categories?post=149016"},{"taxonomy":"post_tag","embeddable":true,"href":"http:\/\/cordobadirecto.com\/index.php\/wp-json\/wp\/v2\/tags?post=149016"}],"curies":[{"name":"wp","href":"https:\/\/api.w.org\/{rel}","templated":true}]}}