{"id":149031,"date":"2024-04-13T23:14:29","date_gmt":"2024-04-13T23:14:29","guid":{"rendered":"https:\/\/cordoba.gob.ar\/?p=56924"},"modified":"2024-04-13T23:14:29","modified_gmt":"2024-04-13T23:14:29","slug":"mas-de-700-intendentes-equipos-de-gobierno-y-organizaciones-compartieron-experiencias-para-combatir-el-cambio-climatico","status":"publish","type":"post","link":"http:\/\/cordobadirecto.com\/index.php\/2024\/04\/13\/mas-de-700-intendentes-equipos-de-gobierno-y-organizaciones-compartieron-experiencias-para-combatir-el-cambio-climatico\/","title":{"rendered":"M\u00e1s de 700 intendentes, equipos de gobierno y organizaciones compartieron experiencias para combatir el cambio clim\u00e1tico"},"content":{"rendered":"<div><img src=\"http:\/\/cordobadirecto.com\/wp-content\/uploads\/2024\/04\/mas-de-700-intendentes-equipos-de-gobierno-y-organizaciones-compartieron-experiencias-para-combatir-el-cambio-climatico.jpg\" class=\"ff-og-image-inserted\"><\/div>\n<ul class=\"ak-ul\">\n<li><strong>Tras dos jornadas, finaliz\u00f3 la VI Asamblea Nacional de Intendentes de la Red Argentina de Municipios Frente al Cambio Clim\u00e1tico<\/strong><\/li>\n<li><strong>Municipios de todo el pa\u00eds definieron las pr\u00f3ximas estrategias a seguir para cuidar el ambiente y promover la Econom\u00eda Circular.<\/strong><\/li>\n<\/ul>\n<p>La VI Asamblea Nacional de Intendentes de la Red Argentina de Municipios Frente al Cambio Clim\u00e1tico llevada a acabo en nuestra ciudad, super\u00f3 las expectativas y reuni\u00f3 a m\u00e1s &nbsp;de 700 personas, entre intendentes, intendentas, jefes comunales, legisladores y referentes gubernamentales e institucionales que conversaron, debatieron e intercambiaron ideas y experiencias sobre la tem\u00e1tica ambiental.<\/p>\n<p>La asamblea fue un&nbsp;importante espacio de encuentro e intercambio entre los l\u00edderes de gobiernos locales pertenecientes a la RAMCC, en donde se llev\u00f3 a cabo un balance de los proyectos que se vienen desarrollando enfocados a unificar voces , ideas e &nbsp;impulsar acciones de mitigaci\u00f3n y adaptaci\u00f3n al cambio clim\u00e1tico y definir las estrategias futuras de trabajo.<\/p>\n<p>A lo largo de las dos jornadas se analizaron, expusieorn y debatieron diferentes temas de actual y futura relevancia como eficiencia energ\u00e9tica en edificios municipales, descarbonizaci\u00f3n de la econom\u00eda, empleos verdes locales, econom\u00eda circular, financiamiento clim\u00e1tico, gesti\u00f3n de residuos, forestaci\u00f3n, entre otros.<\/p>\n<p>La ciudad de C\u00f3rdoba fue elegida como sede para recibir a los dirigentes de diferentes puntos del pa\u00eds y del mundo &nbsp;por ser referente en cuestiones ambientales.<\/p>\n<p>En tal sentido, y como anfitriona, la Municipalidad de C\u00f3rdoba, present\u00f3 su experiencia a trav\u00e9s del Secretario de Ambiente Sustentable y Econom\u00eda Circular, Jorge Folloni, quien expuso sobre los \u00faltimos avances y acciones en materia clim\u00e1tica, &nbsp;a la vez que present\u00f3 el primer Plan de Acci\u00f3n Clim\u00e1tica de la ciudad.<\/p>\n<p>Se dispusieron \u201ccorners tem\u00e1ticos\u201d que trataron sobre gesti\u00f3n y ordenamiento, ciudades sostenibles, forestaci\u00f3n y espacios verdes.<\/p>\n<p>Adem\u00e1s, hubo mesas con experiencias municipales y empresariales en corners simult\u00e1neos sobre planificaci\u00f3n clim\u00e1tica, soluciones basadas en la naturaleza, energ\u00eda, inclusi\u00f3n social, gesti\u00f3n de residuos municipales,empleos verdes locales y rueda de negocios de diferentes Empresas como PagoTIC, Signify. Volt y Aguas Cordobesas.<\/p>\n<p>Tambi\u00e9n, hubo una mesa redonda de organismos internacionales y de cooperaci\u00f3n, y de representantes de gobiernos provinciales donde C\u00f3rdoba, R\u00edo Negro, Jujuy, Santa Fe,La Pampa, San Luis, Mendoza y Entre R\u00edos expusieron sus experiencias.<\/p>\n<p>A la vez, se hicieron presentaciones de experiencias municipales y empresariales como el Programa EUROCLIMA. Proyecto Edificios Municipales Energ\u00e9ticamente Sustentables (EMES), buenas pr\u00e1cticas ambientales y cooperativas de la ciudad de C\u00f3rdoba<\/p>\n<p>Al cierre de las jornadas, el intendente y anfitri\u00f3n, Daniel Passerini destac\u00f3: \u201c<em>Estamos realmente muy satisfechos y entusiasmados no solo por la cantidad y la calidad de la convocatoria sino por las conclusiones y decisiones que se fueron tomando a lo largo de las dos jornadas. Comprometerse con el cambio clim\u00e1tico es una decisi\u00f3n pol\u00edtica y yo celebro que seamos &nbsp;cada vez m\u00e1s actores y actrices comprometidos con esta problem\u00e1tica, que haya cada vez m\u00e1s experiencias que se puedan compartir y m\u00e1s herramientas para financiar proyectos para poder mejorar nuestras ciudades\u201d<\/em><\/p>\n<p>\u201c<em>Somos cada vez m\u00e1s en muchos lugares, haciendo muchas cosas peque\u00f1as o grandes, cosas que van a contribuir indudablemente con una estrategia, con una acci\u00f3n coordinada y con un compromiso \u00fanico en detener el deterioro que&nbsp; est\u00e1 produciendo el cambio clim\u00e1tico y empezar a cambiarlo. Y eso solo se hace construyendo pol\u00edticas p\u00fablicas que seguramente muchas de ellas van a salir de ideas que discutimos estos d\u00edas en la ciudad de C\u00f3rdoba\u201d<\/em>, concluy\u00f3 Passerini.<\/p>\n<p>Tambi\u00e9n estuvo presente el gobernador de C\u00f3rdoba, Mart\u00edn Llaryora,quien di\u00f3 la apertura al evento y remarc\u00f3 que C\u00f3rdoba tom\u00f3 la pol\u00edtica ambiental como un eje transversal con ideas innovadoras que se transformaron en pol\u00edticas p\u00fablicas.<\/p>\n<p>A\u00f1adi\u00f3 adem\u00e1s, que hay que entender que no se puede mejorar la calidad de vida sin mejorar el ambiente. \u201c<em>Y esto se logra con la Econom\u00eda Circular que penetra en todos los esquemas productivos. El liderazgo en<\/em><br \/><em>materia ambiental no es un tema rom\u00e1ntico, sino que requiere un modelo de producci\u00f3n econ\u00f3mico sustentable\u201d<\/em>.<\/p>\n<p>Adem\u00e1s de representantes de distintos &nbsp;municipios del pa\u00eds, estuvieron presentes autoridades de alto rango del Gobierno Nacional, de la delegaci\u00f3n de la Uni\u00f3n Europea en Argentina, de Bancos Internacionales, de la Fundaci\u00f3n Friedrich Ebert Stiftung, de la Organizaci\u00f3n Panamericana de la Salud,&nbsp; que se encuentran trabajando en abordar al cambio clim\u00e1tico y les interesa conocer lo que se est\u00e1 realizando a nivel subnacional.<\/p>\n<p>Durante los dos d\u00edas tambi\u00e9n se expusieron en los espacios del hotel Quorum, veh\u00edculos sustentables donde los presentes pudieron observar distintos modelos de autos h\u00edbridos y el\u00e9ctricos.<\/p>\n<p>Al finalizar, se llev\u00f3 a cabo la votaci\u00f3n y elecci\u00f3n del nuevo Consejo de Intendentes de la Red Argentina de Municipios frente al Cambio Clim\u00e1tico para el a\u00f1o 2024.<\/p>\n<p>A la vez, se aprob\u00f3 el balance y memoria del 2023 de la Red Argentina de Municipios frente al Cambio Clim\u00e1tico y se definieron l\u00edneas estrat\u00e9gicas para el a\u00f1o 2024. Tambi\u00e9n, se realiz\u00f3 la adhesi\u00f3n de nuevos<br \/>municipios a la RAMCC y la adhesi\u00f3n de municipios al GCoM. \u00ab<em>Uno de los objetivos m\u00e1s importantes de RAMCC es poder sumar a m\u00e1s municipios de todo el pa\u00eds y ya se sumaron 50 m\u00e1s a la Red<\/em>\u201d, dijo Daniel Passerini, intendente de C\u00f3rdoba.<\/p>\n<p><strong>Sobre la Red Argentina de Municipios Frente al Cambio Clim\u00e1tico<\/strong><\/p>\n<p>La RAMCC es una coalici\u00f3n de m\u00e1s de 250 municipios y comunas de Argentina<br \/>creada en 2010 que, mediante una Secretar\u00eda Ejecutiva, coordina e impulsa<br \/>planes estrat\u00e9gicos para hacer frente al cambio clim\u00e1tico.<\/p>\n<p>Su compromiso con la acci\u00f3n clim\u00e1tica est\u00e1 enmarcado en los objetivos del Pacto Global de Alcaldes por el Clima y la Energ\u00eda, que son la mitigaci\u00f3n del cambio clim\u00e1tico, la adaptaci\u00f3n a los efectos adversos y el acceso universal a energ\u00eda segura, limpia y asequible.<\/p>\n","protected":false},"excerpt":{"rendered":"<p>Tras dos jornadas, finaliz\u00f3 la VI Asamblea Nacional de Intendentes de la Red Argentina de Municipios Frente al Cambio Clim\u00e1tico Municipios de todo el pa\u00eds definieron las pr\u00f3ximas estrategias a seguir para cuidar el ambiente y promover la Econom\u00eda Circular. La VI Asamblea Nacional de Intendentes de la Red Argentina de Municipios Frente al Cambio [&hellip;]<\/p>\n","protected":false},"author":1,"featured_media":149032,"comment_status":"closed","ping_status":"closed","sticky":false,"template":"","format":"standard","meta":[],"categories":[44],"tags":[],"_links":{"self":[{"href":"http:\/\/cordobadirecto.com\/index.php\/wp-json\/wp\/v2\/posts\/149031"}],"collection":[{"href":"http:\/\/cordobadirecto.com\/index.php\/wp-json\/wp\/v2\/posts"}],"about":[{"href":"http:\/\/cordobadirecto.com\/index.php\/wp-json\/wp\/v2\/types\/post"}],"author":[{"embeddable":true,"href":"http:\/\/cordobadirecto.com\/index.php\/wp-json\/wp\/v2\/users\/1"}],"replies":[{"embeddable":true,"href":"http:\/\/cordobadirecto.com\/index.php\/wp-json\/wp\/v2\/comments?post=149031"}],"version-history":[{"count":0,"href":"http:\/\/cordobadirecto.com\/index.php\/wp-json\/wp\/v2\/posts\/149031\/revisions"}],"wp:featuredmedia":[{"embeddable":true,"href":"http:\/\/cordobadirecto.com\/index.php\/wp-json\/wp\/v2\/media\/149032"}],"wp:attachment":[{"href":"http:\/\/cordobadirecto.com\/index.php\/wp-json\/wp\/v2\/media?parent=149031"}],"wp:term":[{"taxonomy":"category","embeddable":true,"href":"http:\/\/cordobadirecto.com\/index.php\/wp-json\/wp\/v2\/categories?post=149031"},{"taxonomy":"post_tag","embeddable":true,"href":"http:\/\/cordobadirecto.com\/index.php\/wp-json\/wp\/v2\/tags?post=149031"}],"curies":[{"name":"wp","href":"https:\/\/api.w.org\/{rel}","templated":true}]}}