{"id":149033,"date":"2024-04-13T20:50:45","date_gmt":"2024-04-13T20:50:45","guid":{"rendered":"https:\/\/cordoba.gob.ar\/?p=56919"},"modified":"2024-04-13T20:50:45","modified_gmt":"2024-04-13T20:50:45","slug":"se-desarrollo-la-primera-charla-sobre-inteligencia-emocional-en-el-parque-educativo-sur","status":"publish","type":"post","link":"http:\/\/cordobadirecto.com\/index.php\/2024\/04\/13\/se-desarrollo-la-primera-charla-sobre-inteligencia-emocional-en-el-parque-educativo-sur\/","title":{"rendered":"Se desarroll\u00f3 la primera charla sobre inteligencia emocional en el Parque Educativo Sur"},"content":{"rendered":"<div><img src=\"http:\/\/cordobadirecto.com\/wp-content\/uploads\/2024\/04\/se-desarrollo-la-primera-charla-sobre-inteligencia-emocional-en-el-parque-educativo-sur.jpg\" class=\"ff-og-image-inserted\"><\/div>\n<ul>\n<li data-pm-slice=\"1 1 []\"><strong>Estuvo dirigido a adultos y j\u00f3venes a partir de 14 a\u00f1os.<\/strong><\/li>\n<li data-pm-slice=\"1 1 []\"><strong>&nbsp;Pr\u00f3ximamente se desarrollar\u00e1n las disertaciones sobre \u201cManejo del miedo y la ansiedad\u201d, \u201cManejo de la ira\u201d y \u201cManejo de la tristeza\u201d a los fines de aprender a gestionarlos de manera saludable.<\/strong><\/li>\n<\/ul>\n<hr>\n<p>Se llev\u00f3 a cabo el primer encuentro del programa \u201cC\u00f3rdoba sonr\u00ede\u201d, un ciclo de charlas sobre inteligencia y salud emocional que la Municipalidad de C\u00f3rdoba lleva a los Parques Educativos y CPC de la ciudad.<\/p>\n<p>Los temas de las diferentes jornadas fueron pensados en relaci\u00f3n al manejo del miedo, la ira y la tristeza y responden a la identificaci\u00f3n de \u00e1reas claves con el objetivo de generar un impacto positivo en la sociedad.<\/p>\n<p>El primer encuentro se llev\u00f3 a cabo en el Parque Educativo Sur, ubicado en barrio Congreso. La tem\u00e1tica sobre la que se trabaj\u00f3 fue \u201cLa Importancia de la Educaci\u00f3n Emocional\u201d donde se definieron qu\u00e9 son las emociones, cu\u00e1l es su funcionalidad, la diferenciaci\u00f3n que hay entre las distintas emociones y la aplicaci\u00f3n pr\u00e1ctica.<\/p>\n<p>Adem\u00e1s, se dialog\u00f3 sobre el sistema de creencias de cada individuo y c\u00f3mo ese sistema tiene su impacto en las emociones. Adem\u00e1s, los asistentes pudieron conocer qu\u00e9 son las huellas ps\u00edquicas y las emociones condicionadas.<\/p>\n<p>El encuentro cont\u00f3 con la presencia del secretario de Gobierno, Fiscalizaci\u00f3n y Control, Rodrigo Fern\u00e1ndez adem\u00e1s de funcionarios de la Secretar\u00eda de Educaci\u00f3n y representantes de la fundaci\u00f3n Nueva Mente.<\/p>\n<p>En ese marco, Fern\u00e1ndez resalt\u00f3: \u201c<em>La implementaci\u00f3n de \u201cC\u00f3rdoba sonr\u00ede\u201d surge como respuesta a la creciente necesidad de fortalecer la salud emocional y el bienestar social en la comunidad de C\u00f3rdoba Capital. En la actualidad enfrentamos desaf\u00edos cotidianos que impactan directamente sobre nuestra salud emocional generando un llamado urgente a abordar estas cuestiones de manera integral y proactiva<\/em>\u201d.<\/p>\n<p>\u201c<em>La educaci\u00f3n emocional se presenta como una herramienta fundamental para cultivar habilidades que nos permiten afrontar de manera saludable y constructiva la complejidad de la vida. La falta de conciencia emocional y de estrategias efectivas para gestionar nuestras emociones pueden contribuir a la aparici\u00f3n de diversas problem\u00e1ticas desde el aumento del stress a la ansiedad hasta los conflictos interpersonales<\/em>\u201d, concluy\u00f3.<\/p>\n<p>Este programa se fundamenta en la premisa de que la comunidad emocionalmente saludable se constituye en un desarrollo integral de todos los habitantes, y al dotar a los vecinos de C\u00f3rdoba del conocimiento de estas habilidades relacionadas a la educaci\u00f3n emocional, se aspira a fomentar un cambio significativo en la calidad de vida de todos los cordobeses.<\/p>\n<p>La iniciativa, busca acercar a la sociedad las herramientas pr\u00e1cticas para reconocer y mejorar el bienestar emocional, es de car\u00e1cter gratuito y est\u00e1 dirigida a adultos y j\u00f3venes desde los 14 a\u00f1os.<\/p>\n<p>Pr\u00f3ximamente se suceder\u00e1n charlas sobre \u201cManejo del miedo y la ansiedad\u201d que se dictar\u00e1 el mi\u00e9rcoles 17 de abril en el CPC Chalet San Felipe,<\/p>\n<p>El tercer encuentro sobre \u201cManejo de la ira\u201d se realizar\u00e1 en el CPC Jard\u00edn el jueves 2 de mayo a las 19 horas y la cuarta charla. \u201cManejo de la tristeza\u201d, se desarrollar\u00e1 el 14 de mayo a las 19 horas en el CPC Empalme .<\/p>\n<p>De las charlas pueden participar todos los vecinos sin inscripci\u00f3n previa.<\/p>\n<p>Una vez cumplimentado el ciclo de 4 charlas, se reiniciar\u00e1 y se desarrollar\u00e1n en otros CPC y Parques Educativos, para poder llegar a todos los vecinos de la ciudad.<\/p>\n","protected":false},"excerpt":{"rendered":"<p>Estuvo dirigido a adultos y j\u00f3venes a partir de 14 a\u00f1os. &nbsp;Pr\u00f3ximamente se desarrollar\u00e1n las disertaciones sobre \u201cManejo del miedo y la ansiedad\u201d, \u201cManejo de la ira\u201d y \u201cManejo de la tristeza\u201d a los fines de aprender a gestionarlos de manera saludable. Se llev\u00f3 a cabo el primer encuentro del programa \u201cC\u00f3rdoba sonr\u00ede\u201d, un ciclo [&hellip;]<\/p>\n","protected":false},"author":1,"featured_media":149034,"comment_status":"closed","ping_status":"closed","sticky":false,"template":"","format":"standard","meta":[],"categories":[44],"tags":[],"_links":{"self":[{"href":"http:\/\/cordobadirecto.com\/index.php\/wp-json\/wp\/v2\/posts\/149033"}],"collection":[{"href":"http:\/\/cordobadirecto.com\/index.php\/wp-json\/wp\/v2\/posts"}],"about":[{"href":"http:\/\/cordobadirecto.com\/index.php\/wp-json\/wp\/v2\/types\/post"}],"author":[{"embeddable":true,"href":"http:\/\/cordobadirecto.com\/index.php\/wp-json\/wp\/v2\/users\/1"}],"replies":[{"embeddable":true,"href":"http:\/\/cordobadirecto.com\/index.php\/wp-json\/wp\/v2\/comments?post=149033"}],"version-history":[{"count":0,"href":"http:\/\/cordobadirecto.com\/index.php\/wp-json\/wp\/v2\/posts\/149033\/revisions"}],"wp:featuredmedia":[{"embeddable":true,"href":"http:\/\/cordobadirecto.com\/index.php\/wp-json\/wp\/v2\/media\/149034"}],"wp:attachment":[{"href":"http:\/\/cordobadirecto.com\/index.php\/wp-json\/wp\/v2\/media?parent=149033"}],"wp:term":[{"taxonomy":"category","embeddable":true,"href":"http:\/\/cordobadirecto.com\/index.php\/wp-json\/wp\/v2\/categories?post=149033"},{"taxonomy":"post_tag","embeddable":true,"href":"http:\/\/cordobadirecto.com\/index.php\/wp-json\/wp\/v2\/tags?post=149033"}],"curies":[{"name":"wp","href":"https:\/\/api.w.org\/{rel}","templated":true}]}}