{"id":149036,"date":"2024-04-12T17:24:32","date_gmt":"2024-04-12T17:24:32","guid":{"rendered":"https:\/\/es.digitaltrends.com\/?p=1024438"},"modified":"2024-04-12T17:24:32","modified_gmt":"2024-04-12T17:24:32","slug":"todo-lo-que-necesitas-saber-sobre-avatar-3","status":"publish","type":"post","link":"http:\/\/cordobadirecto.com\/index.php\/2024\/04\/12\/todo-lo-que-necesitas-saber-sobre-avatar-3\/","title":{"rendered":"Todo lo que necesitas saber sobre Avatar 3"},"content":{"rendered":"<figure id=\"attachment_3383633\" class=\"wp-caption alignnone\" aria-describedby=\"caption-attachment-3383633\"><img onerror=\"dti_load_error(this)\" decoding=\"async\" class=\" wp-image-3383633 size-large h-lightbox is-zoomable dt-lazy-no h-lightbox is-zoomable\" src=\"http:\/\/cordobadirecto.com\/wp-content\/uploads\/2024\/04\/todo-lo-que-necesitas-saber-sobre-avatar-3.jpg\" sizes=\"(max-width: 625px) 414px\" srcset=\"http:\/\/cordobadirecto.com\/wp-content\/uploads\/2024\/04\/todo-lo-que-necesitas-saber-sobre-avatar-3-9.jpg 414w, http:\/\/cordobadirecto.com\/wp-content\/uploads\/2024\/04\/todo-lo-que-necesitas-saber-sobre-avatar-3.jpg\" alt=\"Jake Sully montado sobre uno de los animales acu\u00e1ticos de Pandora.\" data-dt-lazy-src><figcaption id=\"caption-attachment-3383633\" class=\"wp-caption-text\"><span class=\"credit\">Disney<\/span><\/figcaption><\/figure>\n<p>Nunca subestimes a&nbsp;James Cameron y el poder de <a href=\"https:\/\/es.digitaltrends.com\/entretenimiento\/avatar-the-last-airbender-review-critica\/\"><em><strong>Avatar<\/strong><\/em><\/a>. Cameron estren\u00f3&nbsp;<em>Avatar&nbsp;<\/em>en 2009, y fue su primera pel\u00edcula desde&nbsp;<em>Titanic<\/em>&nbsp;de 1997. La aventura de ciencia ficci\u00f3n present\u00f3 a Pandora, la hermosa luna hogar de la especie ind\u00edgena azul llamada Na\u2019vi. Con impresionantes efectos visuales y una construcci\u00f3n \u00e9pica del mundo,&nbsp;<em>Avatar&nbsp;<\/em>se convirti\u00f3 en un gran \u00e9xito y sigue siendo la pel\u00edcula m\u00e1s taquillera de la historia con 2.900 millones de d\u00f3lares. Trece a\u00f1os despu\u00e9s, Cameron elev\u00f3 el list\u00f3n con <a href=\"https:\/\/es.digitaltrends.com\/entretenimiento\/avatar-the-way-of-water-fecha-disney-plus-max\/\"><em><strong>Avatar: The Way of Water<\/strong><\/em><\/a>, la&nbsp;<a href=\"https:\/\/www.boxofficemojo.com\/chart\/top_lifetime_gross\/?area=XWW\" target=\"_blank\" rel=\"nofollow noopener\">tercera pel\u00edcula m\u00e1s taquillera<\/a>&nbsp;de la historia.<\/p>\n<p>El p\u00fablico volver\u00e1 a explorar Pandora en la pr\u00f3xima secuela,&nbsp;<em>Avatar 3<\/em>. Cameron est\u00e1 trabajando duro en la tercera pel\u00edcula, que deber\u00eda llegar a finales del pr\u00f3ximo a\u00f1o. \u00bfQu\u00e9 puede esperar ver el p\u00fablico en&nbsp;<em>Avatar 3<\/em>? A continuaci\u00f3n, revelamos todo lo que necesita saber sobre&nbsp;<em>Avatar 3<\/em>, incluida la fecha de lanzamiento, el elenco, la trama y el tr\u00e1iler.<\/p>\n<h2><span>Fecha de lanzamiento de Avatar 3<\/span><\/h2>\n<blockquote class=\"h-lazy-embed\" data-width=\"500\" data-dnt=\"true\" data-initial-classes=\"twitter-tweet\" data-embed-name=\"twitter\" data-sdk-src=\"\/\/platform.twitter.com\/widgets.js\">\n<p lang=\"en\" dir=\"ltr\">Each Avatar film is an exciting but epic undertaking that takes time to bring to the quality level we as filmmakers strive for and audiences have come to expect. The team is hard at work and can\u2019t wait to bring audiences back to Pandora in December 2025. <a href=\"https:\/\/t.co\/DrFX01qzTa\">pic.twitter.com\/DrFX01qzTa<\/a><\/p>\n<p>&amp;mdash; Jon Landau (@jonlandau) <a href=\"https:\/\/twitter.com\/jonlandau\/status\/1668642094502535170?ref_src=twsrc%5Etfw\">June 13, 2023<\/a><\/p>\n<\/blockquote>\n<p><em>Avatar 3&nbsp;<\/em>est\u00e1 programada para estrenarse en cines el 19 de diciembre de 2025. Inicialmente, se supon\u00eda que la tercera pel\u00edcula llegar\u00eda el 20 de diciembre de 2024. El 13 de junio de 2023,&nbsp;Disney retras\u00f3 la fecha de estreno de&nbsp;<em>Avatar 3<\/em>&nbsp;hasta finales de 2025. En noviembre de 2023, Cameron dio una actualizaci\u00f3n prometedora en la conferencia de prensa de la&nbsp;<a href=\"https:\/\/twitter.com\/PandoranVault\/status\/1726212280105463876?ref_src=twsrc%5Etfw%7Ctwcamp%5Etweetembed%7Ctwterm%5E1726212280105463876%7Ctwgr%5Ef63d183f933ae63b3108f07683b33f0c3e7a49cb%7Ctwcon%5Es1_c10&amp;ref_url=https%3A%2F%2Fwww.digitaltrends.com%2Fwp-admin%2Fpost.php%3Fpost%3D3570111action%3Dedit\" target=\"_blank\" rel=\"nofollow noopener\">Asociaci\u00f3n de Producci\u00f3n y Desarrollo de Pantallas (SPADA<\/a>), diciendo que&nbsp;<em>Avatar 3<\/em>&nbsp;est\u00e1 en camino para su fecha de lanzamiento en 2025.<\/p>\n<p class=\"paragraph larva \/\/ lrv-u-margin-lr-auto lrv-a-font-body-m \">\u00abEstamos en dos a\u00f1os muy agitados de postproducci\u00f3n en este momento\u00bb, dijo Cameron. \u00abAs\u00ed que ser\u00e1 la Navidad de 2025\u00bb.<\/p>\n<p>En los Saturn Awards 2024, Cameron le dijo a&nbsp;<a href=\"https:\/\/screenrant.com\/avatar-3-production-update-details-james-cameron\/\" target=\"_blank\" rel=\"nofollow noopener\">Screen Rant<\/a>&nbsp;que&nbsp;<em>Avatar 3&nbsp;<\/em>est\u00e1 casi terminada, y que solo quedan algunas peque\u00f1as tomas por completar.<\/p>\n<p>\u00abEst\u00e1 pr\u00e1cticamente en la lata\u00bb, dijo Cameron sobre la producci\u00f3n de&nbsp;<em>Avatar 3<\/em>. \u00abEstamos filmando pastillas en&nbsp;<em>3<\/em>, que solo est\u00e1 completando el \u00faltimo 2 o 3%, y tambi\u00e9n tenemos pastillas de acci\u00f3n en vivo en junio. Eso es otro dos por ciento. Tenemos alrededor de una cuarta parte de la pel\u00edcula&nbsp;<em>4<\/em>&nbsp;en la lata. Estamos publicando en&nbsp;<em>3<\/em>&nbsp;y ahora haciendo los efectos visuales, que es un trabajo enorme. Necesitar\u00e9 cada segundo de aqu\u00ed a entonces para hacerlo\u00bb.<\/p>\n<h2><span>\u00bfQui\u00e9n est\u00e1 en el elenco de Avatar 3?<\/span><\/h2>\n<figure id=\"attachment_3291661\" class=\"wp-caption alignnone\" aria-describedby=\"caption-attachment-3291661\"><img onerror=\"dti_load_error(this)\" decoding=\"async\" class=\"size-large wp-image-3291661 h-lightbox is-zoomable dt-lazy-load dt-lazy-loaded h-lightbox is-zoomable\" src=\"http:\/\/cordobadirecto.com\/wp-content\/uploads\/2024\/04\/todo-lo-que-necesitas-saber-sobre-avatar-3-1.jpg\" alt=\"Un grupo de Na'vi lloran en el agua mientras las llamas se muestran a su alrededor en una escena de Avatar: The Way of Water.\" data-dt-lazy-src><figcaption id=\"caption-attachment-3291661\" class=\"wp-caption-text\"><span class=\"credit\">20th Century Studios<\/span><\/figcaption><\/figure>\n<p>La mayor\u00eda del elenco principal de&nbsp;<em>Avatar: The Way of Water<\/em><em>&nbsp;<\/em>regresar\u00e1 en&nbsp;<em>Avatar 3<\/em>. El elenco de&nbsp;<em>Avatar 3&nbsp;<\/em>incluye:<\/p>\n<ul class=\"pl-10 mt-1 overflow-y-hidden font-body text-body-1 text-neutral-grey dark:text-neutral-white dark:text-body-1 dark:font-body mb-5 external:text-custom-content-text external:dark:text-custom-content-text List_list__EdMr1\" data-cy=\"List\" data-experiment=\"{&quot;widget&quot;:false}\">\n<li>Sam Worthington como Jake Sully<\/li>\n<li>Zoe Salda\u00f1a como Neytiri<\/li>\n<li>Sigourney Weaver como Kiri<\/li>\n<li>Stephen Lang como el coronel Miles Quaritch<\/li>\n<li>CCH Pounder como Mo\u2019at<\/li>\n<li>Cliff Curtis como Tonowari<\/li>\n<li>Kate Winslet&nbsp;como Ronal<\/li>\n<li>Giovanni Ribisi como Parker Selfridge<\/li>\n<li>Britain Dalton como Lo\u2019ak<\/li>\n<li>Trinity Jo-Li Bliss como Tuktirey, \u00abTuk\u00bb<\/li>\n<li>Jack Champion como Miles \u00abSpider\u00bb Socorro<\/li>\n<li>Bailey Bass como Tsireya, \u00abReya\u00bb<\/li>\n<li>Dileep Rao como el Dr. Max Patel<\/li>\n<li>Joel David Moore como el Dr. Norm Spellman<\/li>\n<li>Edie Falco como la general Frances Ardmore<\/li>\n<li>Jemaine Clement como el Dr. Ian Garvin<\/li>\n<li>Matt Gerald como el cabo Lyle Wainfleet<\/li>\n<\/ul>\n<p><em>Avatar 3<\/em>&nbsp;introducir\u00e1 nuevos personajes, incluyendo a Oona Chaplin como Varang, el l\u00edder del Pueblo de las Cenizas volc\u00e1nicas; Michelle Yeoh como la Dra. Karina Mogue, una cient\u00edfica humana; y David Thewlis como Peylak, un personaje Na\u2019vi que aparecer\u00e1 en las tres \u00faltimas pel\u00edculas.<\/p>\n<p>Dos personajes que podr\u00edan regresar son Tsu\u2019tey de Laz Alonso y Eytukan de Wes Studi. Ambos personajes murieron en&nbsp;<em>Avatar<\/em>. Sin embargo,&nbsp;<em>Avatar&nbsp;<\/em>demostr\u00f3 que los personajes pod\u00edan resucitar de entre los muertos, con el coronel Miles Quaritch. Aunque su participaci\u00f3n en&nbsp;<em>Avatar 3&nbsp;<\/em>no ha sido confirmada, el productor de&nbsp;<em>Avatar<\/em>, Jon Landau, public\u00f3 una foto con Alonso y Studi con la leyenda: \u00abEs genial tener a Laz y Wes de vuelta para una peque\u00f1a captura de actuaci\u00f3n\u00bb.<\/p>\n<h2><span>\u00bfQui\u00e9n dirige y escribe Avatar 3?<\/span><\/h2>\n<figure id=\"attachment_3291665\" class=\"wp-caption alignnone\" aria-describedby=\"caption-attachment-3291665\"><img onerror=\"dti_load_error(this)\" decoding=\"async\" class=\"size-large wp-image-3291665 h-lightbox is-zoomable dt-lazy-load dt-lazy-loaded h-lightbox is-zoomable\" src=\"http:\/\/cordobadirecto.com\/wp-content\/uploads\/2024\/04\/todo-lo-que-necesitas-saber-sobre-avatar-3-2.jpg\" alt=\"James Cameron se sienta en un escritorio discutiendo una toma con un actor durante el rodaje de Avatar: The Way of Water.\" data-dt-lazy-src><figcaption id=\"caption-attachment-3291665\" class=\"wp-caption-text\"><span class=\"credit\">20th Century Studios<\/span><\/figcaption><\/figure>\n<p>James Cameron dirige, coescribe, coproduce y coedita&nbsp;<em>Avatar 3<\/em>. Los coguionistas de Cameron son Rick Jaffa y Amanda Silver, quienes tambi\u00e9n ayudaron a escribir&nbsp;<em>Avatar: The Way of Water<\/em>. Josh Friedman y Shane Salerno tambi\u00e9n contribuyeron a&nbsp;<em>la historia de Avatar 3<\/em>.<\/p>\n<h2><span>\u00bfCu\u00e1l es la trama de Avatar 3?<\/span><\/h2>\n<figure id=\"attachment_3291673\" class=\"wp-caption alignnone\" aria-describedby=\"caption-attachment-3291673\"><img onerror=\"dti_load_error(this)\" decoding=\"async\" class=\"size-large wp-image-3291673 h-lightbox is-zoomable dt-lazy-load dt-lazy-loaded h-lightbox is-zoomable\" src=\"http:\/\/cordobadirecto.com\/wp-content\/uploads\/2024\/04\/todo-lo-que-necesitas-saber-sobre-avatar-3-3.jpg\" alt=\"Un sonriente Na'vi mira a la c\u00e1mara en Avatar: The Way of Water.\" data-dt-lazy-src><figcaption id=\"caption-attachment-3291673\" class=\"wp-caption-text\"><span class=\"credit\">20th Century Studios<\/span><\/figcaption><\/figure>\n<p>Muchos de los detalles de la trama de&nbsp;<em>Avatar 3&nbsp;<\/em>est\u00e1n en secreto. Sin embargo, Cameron ha revelado algunos datos sobre qu\u00e9 esperar en la tercera pel\u00edcula. Uno de los cambios notables en&nbsp;<em>Avatar 3&nbsp;<\/em>es que&nbsp;<a href=\"https:\/\/variety.com\/2023\/film\/news\/avatar-3-loak-replaces-jake-sully-narrator-james-cameron-1235492365\/\" target=\"_blank\" rel=\"nofollow noopener\">Lo\u2019ak ser\u00e1 el nuevo narrador<\/a>. Jake narr\u00f3 previamente&nbsp;<em>Avatar&nbsp;<\/em>y&nbsp;<em>Avatar: The Way of Water<\/em>.<\/p>\n<p><em>Avatar 3&nbsp;<\/em>explorar\u00e1 un elemento diferente en Pandora.&nbsp;<em>Avatar<\/em>&nbsp;present\u00f3 al clan Omaticaya basado en la jungla, y&nbsp;<em>The Way of Water&nbsp;<\/em>se centr\u00f3 en la tribu oce\u00e1nica Metkayina. Seg\u00fan los informes,&nbsp;<em>Avatar 3&nbsp;<\/em>explorar\u00e1 dos nuevas culturas Na\u2019vi. Una de las tribus esperadas es la \u00abGente de las Cenizas\u00bb, un clan agresivo que habita en el fuego. Cameron planea demostrar que no todos los Na\u2019vi son buenos.<\/p>\n<p>\u00abEl fuego estar\u00e1 representado por la \u2018Gente de las Cenizas\u2019. Quiero mostrar a los Na\u2019vi desde otro \u00e1ngulo porque, hasta ahora, solo he mostrado su lado bueno\u00bb, dijo Cameron al&nbsp;<a href=\"https:\/\/www.20minutes.fr\/cinema\/4013493-20221210-avatar-voie-eau-film-rien-acteurs-estime-james-cameron\" target=\"_blank\" rel=\"nofollow noopener\">medio franc\u00e9s 20 Minutes<\/a>&nbsp;(traducido a trav\u00e9s&nbsp;<a href=\"https:\/\/www.gamesradar.com\/avatar-3-new-fire-navi-james-cameron\/\" target=\"_blank\" rel=\"nofollow noopener\">de Total Film<\/a>). \u00abEn las primeras pel\u00edculas, hay ejemplos humanos muy negativos y ejemplos Na\u2019vi muy positivos. En&nbsp;<em>Avatar 3<\/em>, haremos lo contrario. Tambi\u00e9n exploraremos nuevos mundos, mientras continuamos la historia de los personajes principales. Puedo decir que las \u00faltimas partes ser\u00e1n las mejores. Los otros eran una introducci\u00f3n, una forma de poner la mesa antes de servir la comida\u00bb.<\/p>\n<h2><span>\u00bfQu\u00e9 pas\u00f3 al final de Avatar: The Way of Water?<\/span><\/h2>\n<figure id=\"attachment_3291656\" class=\"wp-caption alignnone\" aria-describedby=\"caption-attachment-3291656\"><img onerror=\"dti_load_error(this)\" decoding=\"async\" class=\"size-large wp-image-3291656 h-lightbox is-zoomable dt-lazy-load dt-lazy-loaded h-lightbox is-zoomable\" src=\"http:\/\/cordobadirecto.com\/wp-content\/uploads\/2024\/04\/todo-lo-que-necesitas-saber-sobre-avatar-3-4.jpg\" alt=\"Un alien\u00edgena acaricia a una ballena en Avatar: The Way of Water.\" data-dt-lazy-src><figcaption id=\"caption-attachment-3291656\" class=\"wp-caption-text\"><span class=\"credit\">20th Century Studios<\/span><\/figcaption><\/figure>\n<p>Varias historias que sucedieron al final de&nbsp;<em>Avatar: The Way of Water&nbsp;<\/em>probablemente se trasladar\u00e1n a&nbsp;<em>Avatar 3<\/em>. Spider salv\u00f3 a su padre, el coronel Miles Quaritch, de ahogarse. Sin embargo, Spider rechaz\u00f3 a Quaritch y se reuni\u00f3 con la familia de Jake. Es de esperar que Quaritch contin\u00fae su b\u00fasqueda vengativa contra Jake en la tercera pel\u00edcula.<\/p>\n<p>Despu\u00e9s de una feroz lucha contra la Administraci\u00f3n de Desarrollo de Recursos (RDA), Jake lleva a cabo un funeral para su hijo, Neteyam (Jamie Flatters), y su cuerpo descansa con los antepasados Metkayina en el mar. Para agradecerles su ayuda en la lucha por Pandora, el clan Metkayina invita a Jake y su familia a unirse a la tribu oce\u00e1nica. Los Sully aceptan la invitaci\u00f3n. Sin embargo, Jake sigue comprometido con su lucha contra la RDA.<\/p>\n<h2><span>\u00bfHay un tr\u00e1iler de Avatar 3?<\/span><\/h2>\n<figure id=\"attachment_3291658\" class=\"wp-caption alignnone\" aria-describedby=\"caption-attachment-3291658\"><img onerror=\"dti_load_error(this)\" decoding=\"async\" class=\"size-large wp-image-3291658 h-lightbox is-zoomable dt-lazy-load dt-lazy-loaded h-lightbox is-zoomable\" src=\"http:\/\/cordobadirecto.com\/wp-content\/uploads\/2024\/04\/todo-lo-que-necesitas-saber-sobre-avatar-3-5.jpg\" alt=\"Un Na'vi se sienta sobre una ballena y mira un barco.\" data-dt-lazy-src><figcaption id=\"caption-attachment-3291658\" class=\"wp-caption-text\"><span class=\"credit\">20th Century Studios<\/span><\/figcaption><\/figure>\n<p>No se ha lanzado ning\u00fan tr\u00e1iler de&nbsp;<em>Avatar 3<\/em>. Las primeras im\u00e1genes&nbsp;<em>de Avatar: The Way of Water&nbsp;<\/em>se estrenaron en CinemaCon en abril de 2022. Sin embargo, las im\u00e1genes&nbsp;<em>de The Way of Water<\/em>&nbsp;no llegaron a Internet hasta el 9 de mayo de 2022.<\/p>\n<p>Al igual que&nbsp;<em>Avatar 3<\/em>,&nbsp;<em>The Way of Water&nbsp;<\/em>tambi\u00e9n tuvo fecha de estreno en diciembre. Si&nbsp;<em>Avatar 3&nbsp;<\/em>sigue el mismo patr\u00f3n, se espera que llegue un teaser tr\u00e1iler en la primavera de 2025.<\/p>\n<h2><span>Avatar 3 no se llamar\u00e1 The Seed Bearer<\/span><\/h2>\n<figure id=\"attachment_3291660\" class=\"wp-caption alignnone\" aria-describedby=\"caption-attachment-3291660\"><img onerror=\"dti_load_error(this)\" decoding=\"async\" class=\"size-large wp-image-3291660 h-lightbox is-zoomable dt-lazy-load dt-lazy-loaded h-lightbox is-zoomable\" src=\"http:\/\/cordobadirecto.com\/wp-content\/uploads\/2024\/04\/todo-lo-que-necesitas-saber-sobre-avatar-3-6.jpg\" alt=\"Un par de Na'vi se consuelan mutuamente en el agua mientras las llamas se extienden a su alrededor en una escena de Avatar: The Way of Water.\" data-dt-lazy-src><figcaption id=\"caption-attachment-3291660\" class=\"wp-caption-text\"><span class=\"credit\">20th Century Studios<\/span><\/figcaption><\/figure>\n<p>En 2018,&nbsp;<a href=\"https:\/\/www.bbc.com\/news\/entertainment-arts-46059129\" target=\"_blank\" rel=\"noopener\">BBC News<\/a>&nbsp;inform\u00f3 que los t\u00edtulos de las secuelas de Avatar ser\u00edan&nbsp;<em>Avatar: The Way of Water, Avatar: The Seed Bearer, Avatar: The Tulkun Rider&nbsp;<\/em>y<em>&nbsp;Avatar: The Quest for Eywa<\/em>. En 2019, Cameron le dijo a&nbsp;<a href=\"https:\/\/www.etonline.com\/james-cameron-reveals-legitimacy-of-avatar-sequel-titles-leak-exclusive-118997\" target=\"_blank\" rel=\"nofollow noopener\">ET<\/a>&nbsp;que los t\u00edtulos filtrados estaban \u00aben consideraci\u00f3n\u00bb para ser utilizados en las secuelas. En diciembre de 2023, Landau desacredit\u00f3&nbsp;<em>The Seed Bearer&nbsp;<\/em>como t\u00edtulo de la tercera pel\u00edcula.<\/p>\n<p>\u00abEstoy calificado para decirte que ese no es el t\u00edtulo de&nbsp;<em>Avatar 3<\/em>\u00ab, dijo Landau&nbsp;<a href=\"https:\/\/comicbook.com\/movies\/news\/avatar-3-title-debunked-jon-landau-exclusive\/\" target=\"_blank\" rel=\"nofollow noopener\">a Comicbook.com<\/a>&nbsp;en un evento para el videojuego&nbsp;<em>Avatar: Frontiers of Pandora<\/em>. \u00ab\u00bfEso es lo que dice mi p\u00e1gina de Wikipedia? \u00a1Eso va a cambiar esta noche!\u00bb.<\/p>\n<h2><span>Avatar 3 se centrar\u00e1 m\u00e1s en el personaje que en el espect\u00e1culo<\/span><\/h2>\n<figure id=\"attachment_3250552\" class=\"wp-caption alignnone\" aria-describedby=\"caption-attachment-3250552\"><img onerror=\"dti_load_error(this)\" decoding=\"async\" class=\"size-large wp-image-3250552 h-lightbox is-zoomable dt-lazy-load dt-lazy-loaded h-lightbox is-zoomable\" src=\"http:\/\/cordobadirecto.com\/wp-content\/uploads\/2024\/04\/todo-lo-que-necesitas-saber-sobre-avatar-3-7.jpg\" alt=\"Un ni\u00f1o Na'vi de piel azul nada bajo el agua en una escena de Avatar: The Way of Water.\" data-dt-lazy-src><figcaption id=\"caption-attachment-3250552\" class=\"wp-caption-text\"><span class=\"credit\">20th Century Studios<\/span><\/figcaption><\/figure>\n<p><em>Avatar&nbsp;<\/em>y&nbsp;<em>Avatar: The Way of Water&nbsp;<\/em>han sido elogiados por sus innovadores efectos visuales y avances tecnol\u00f3gicos. Muchos cr\u00edticos y fan\u00e1ticos han calificado ambas pel\u00edculas como logros cinematogr\u00e1ficos. Si bien&nbsp;<em>Avatar 3&nbsp;<\/em>ser\u00e1 sin duda una maravilla visual, Cameron revel\u00f3 a&nbsp;<a href=\"https:\/\/www.gq.com\/story\/james-cameron-teases-character-over-spectacle-for-avatar-3\" target=\"_blank\" rel=\"nofollow noopener\">GQ<\/a>&nbsp;que la tercera pel\u00edcula se centrar\u00e1 en el personaje sobre el espect\u00e1culo.<\/p>\n<p>\u00abEl gran avance [creativo] en esta pel\u00edcula va a ser una mayor profundidad de los personajes. Estamos viendo nuevas culturas, nuevas criaturas, todo lo mismo que esperar\u00edas de una pel\u00edcula de&nbsp;<em>Avatar<\/em>, pero la idea de este ciclo de pel\u00edculas es vivir con estas personas y emprender este viaje \u00e9pico con ellas\u00bb, dijo Cameron. \u00abAs\u00ed que creo que no se trata de, \u2018Vamos a mostrarte el mejor agua [VFX] jam\u00e1s hecho\u2019, sino que te metes m\u00e1s en el coraz\u00f3n y el alma de los personajes. Y tambi\u00e9n hay algunos personajes nuevos muy interesantes. Este es un viaje en el tiempo. Se desarrollar\u00e1 a lo largo de la pel\u00edcula tres, en la pel\u00edcula cuatro y en la pel\u00edcula cinco. Hay un ciclo \u00e9pico en todo el asunto\u00bb.<\/p>\n<h2><span>\u00bfHabr\u00e1 m\u00e1s pel\u00edculas despu\u00e9s de Avatar 3?<\/span><\/h2>\n<figure id=\"attachment_3250199\" class=\"wp-caption alignnone\" aria-describedby=\"caption-attachment-3250199\"><img onerror=\"dti_load_error(this)\" decoding=\"async\" class=\"size-large wp-image-3250199 h-lightbox is-zoomable dt-lazy-load dt-lazy-loaded h-lightbox is-zoomable\" src=\"http:\/\/cordobadirecto.com\/wp-content\/uploads\/2024\/04\/todo-lo-que-necesitas-saber-sobre-avatar-3-8.jpg\" alt=\"Jake y su familia volando en banshees en &quot;Avatar: The Way of Water&quot;.\" data-dt-lazy-src><figcaption id=\"caption-attachment-3250199\" class=\"wp-caption-text\"><span class=\"credit\">20th Century Studios<\/span><\/figcaption><\/figure>\n<p><em>Avatar 3&nbsp;<\/em>no ser\u00e1 la \u00faltima pel\u00edcula de la serie.&nbsp;<em>Avatar 4&nbsp;<\/em>y&nbsp;<em>Avatar 5&nbsp;<\/em>est\u00e1n programados para ser lanzados el 21 de diciembre de 2029 y el 19 de diciembre de 2031, respectivamente.<\/p>\n<p>Cameron ha expresado sus planes para&nbsp;<em>Avatar 6&nbsp;<\/em>y&nbsp;<em>Avatar<\/em>&nbsp;<em>7<\/em>, aunque el cineasta le dijo a&nbsp;<a href=\"https:\/\/people.com\/james-cameron-reveals-already-has-plans-for-avatar-6-and-7-8558690\" target=\"_blank\" rel=\"nofollow noopener\">People<\/a>&nbsp;que probablemente estar\u00eda \u00abentregando la batuta en ese momento\u00bb a otro director.<\/p>\n<h4 class=\"b-editors-recs-title h-editors-recs-title\"> Recomendaciones del editor<\/h4>\n<p> <span id=\"publisher-md\" itemprop=\"publisher\" itemscope itemtype=\"https:\/\/schema.org\/Organization\"> <span itemprop=\"url\" itemtype=\"https:\/\/schema.org\/Url\" content=\"https:\/\/es.digitaltrends.com\"> <span itemprop=\"logo\" itemscope itemtype=\"https:\/\/schema.org\/ImageObject\"> <meta itemprop=\"url\" content=\"https:\/\/cdn.dtcn.com\/dt\/dt-logo-small.png\"> <meta itemprop=\"width\" content=\"0\"> <meta itemprop=\"height\" content=\"0\"> <\/span> <meta itemprop=\"name\" content=\"Digital Trends Espa\u00f1ol\"> <\/span> <span itemprop=\"image\" itemscope itemtype=\"https:\/\/schema.org\/ImageObject\"> <meta itemprop=\"url\" content=\"https:\/\/es.digitaltrends.com\/wp-content\/uploads\/2024\/04\/Avatar-3.jpeg?p=1\"> <\/span> <\/span> <\/p>\n","protected":false},"excerpt":{"rendered":"<p>Disney Nunca subestimes a&nbsp;James Cameron y el poder de Avatar. Cameron estren\u00f3&nbsp;Avatar&nbsp;en 2009, y fue su primera pel\u00edcula desde&nbsp;Titanic&nbsp;de 1997. La aventura de ciencia ficci\u00f3n present\u00f3 a Pandora, la hermosa luna hogar de la especie ind\u00edgena azul llamada Na\u2019vi. Con impresionantes efectos visuales y una construcci\u00f3n \u00e9pica del mundo,&nbsp;Avatar&nbsp;se convirti\u00f3 en un gran \u00e9xito y [&hellip;]<\/p>\n","protected":false},"author":1,"featured_media":149037,"comment_status":"closed","ping_status":"closed","sticky":false,"template":"","format":"standard","meta":[],"categories":[18],"tags":[],"_links":{"self":[{"href":"http:\/\/cordobadirecto.com\/index.php\/wp-json\/wp\/v2\/posts\/149036"}],"collection":[{"href":"http:\/\/cordobadirecto.com\/index.php\/wp-json\/wp\/v2\/posts"}],"about":[{"href":"http:\/\/cordobadirecto.com\/index.php\/wp-json\/wp\/v2\/types\/post"}],"author":[{"embeddable":true,"href":"http:\/\/cordobadirecto.com\/index.php\/wp-json\/wp\/v2\/users\/1"}],"replies":[{"embeddable":true,"href":"http:\/\/cordobadirecto.com\/index.php\/wp-json\/wp\/v2\/comments?post=149036"}],"version-history":[{"count":0,"href":"http:\/\/cordobadirecto.com\/index.php\/wp-json\/wp\/v2\/posts\/149036\/revisions"}],"wp:featuredmedia":[{"embeddable":true,"href":"http:\/\/cordobadirecto.com\/index.php\/wp-json\/wp\/v2\/media\/149037"}],"wp:attachment":[{"href":"http:\/\/cordobadirecto.com\/index.php\/wp-json\/wp\/v2\/media?parent=149036"}],"wp:term":[{"taxonomy":"category","embeddable":true,"href":"http:\/\/cordobadirecto.com\/index.php\/wp-json\/wp\/v2\/categories?post=149036"},{"taxonomy":"post_tag","embeddable":true,"href":"http:\/\/cordobadirecto.com\/index.php\/wp-json\/wp\/v2\/tags?post=149036"}],"curies":[{"name":"wp","href":"https:\/\/api.w.org\/{rel}","templated":true}]}}