{"id":149053,"date":"2024-04-14T17:30:13","date_gmt":"2024-04-14T17:30:13","guid":{"rendered":"https:\/\/cordoba.gob.ar\/?p=56793"},"modified":"2024-04-14T17:30:13","modified_gmt":"2024-04-14T17:30:13","slug":"ultimos-dias-para-inscribirse-y-participar-del-primer-congreso-de-nomades-digitales","status":"publish","type":"post","link":"http:\/\/cordobadirecto.com\/index.php\/2024\/04\/14\/ultimos-dias-para-inscribirse-y-participar-del-primer-congreso-de-nomades-digitales\/","title":{"rendered":"\u00daltimos d\u00edas para inscribirse y participar del primer Congreso de N\u00f3mades Digitales"},"content":{"rendered":"<div><img src=\"http:\/\/cordobadirecto.com\/wp-content\/uploads\/2024\/04\/ultimos-dias-para-inscribirse-y-participar-del-primer-congreso-de-nomades-digitales.jpg\" class=\"ff-og-image-inserted\"><\/div>\n<ul>\n<li><strong>Cientos de personas participar\u00e1n el pr\u00f3ximo jueves 18 de abril de una jornada de sesiones sobre nomadismo digital, talento y trabajo remoto en el Museo Metropolitano de Arte Urbano Plaza Espa\u00f1a.<\/strong><\/li>\n<li><strong><strong>Inscripciones abiertas con cupo limitado.<\/strong><\/strong><br \/>\n<hr>\n<\/li>\n<\/ul>\n<p>La ciudad de C\u00f3rdoba se prepara para vivir una jornada \u00fanica con el primer Congreso de N\u00f3mades Digitales C\u00f3rdoba, que se llevar\u00e1 a cabo el pr\u00f3ximo jueves 18 de abril, desde las 9 horas, en el Museo Metropolitano de Arte Urbano Plaza Espa\u00f1a, con la participaci\u00f3n de expertos en nomadismo digital, talento y trabajo remoto.<\/p>\n<p>El encuentro es una oportunidad para compartir experiencias sobre la cultura y el estilo de vida n\u00f3made, las oportunidades del trabajo en l\u00ednea y las ventajas competitivas que ofrece el programa Digital Nomads C\u00f3rdoba Capital para este segmento tur\u00edstico.<\/p>\n<p>De esta manera, la ciudad de C\u00f3rdoba se posiciona como uno de los destinos principales de Latinoam\u00e9rica para este segmento tur\u00edstico.<\/p>\n<p><strong>\u00bfC\u00f3mo inscribirse y participar?<\/strong><\/p>\n<p>El Congreso de N\u00f3mades Digitales C\u00f3rdoba est\u00e1 destinado a estudiantes universitarios, trabajadores independientes, empresas y startups, entre otros. Quienes quieran participar deber\u00e1n completar el formulario en el siguiente <a href=\"https:\/\/forms.gle\/MxJPRwye4Jdyka71A\">link<\/a> &nbsp;o ingresar al siguiente <a href=\"https:\/\/nomadscordoba.com\/\">enlace<\/a>. Los cupos son limitados.<\/p>\n<p>El evento contar\u00e1 con la presencia de la Fundaci\u00f3n Banco de Alimentos C\u00f3rdoba, uno de los partners de la iniciativa, con la campa\u00f1a \u201cCopate\u201d, que es una colecta de leche en polvo y larga vida que ser\u00e1 distribuida entre m\u00e1s de 500 organizaciones sociales.<\/p>\n<p>Por su parte, la Universidad Empresarial Siglo 21 otorgar\u00e1 dos becas que se sortear\u00e1n entre los asistentes (Certificado de Experto en la seguridad de la Informaci\u00f3n y Certificado Avanzado en Liderazgo UX).<\/p>\n<p>El congreso, organizado por el Ente Municipal C\u00f3rdoba Acelera en el marco de su programa Digital Nomads C\u00f3rdoba, busca posicionar a la ciudad como un destino atractivo para talentos que viajan y trabajan por el mundo.<\/p>\n<p><strong>Grilla completa<\/strong>:<\/p>\n<p>-Presentaci\u00f3n del Programa N\u00f3mades Digitales C\u00f3rdoba. Iniciativas p\u00fablicas para atraer n\u00f3mades digitales a la ciudad de C\u00f3rdoba.<\/p>\n<p>-Panel: Trabajo remoto y gesti\u00f3n de talento. Conversan referentes de cultura y talento. Expositores: Ver\u00f3nica Alejandra Su\u00e1rez Lorences (Voyansi), Rafael Ib\u00e1\u00f1ez (IncluIT) y Facundo Fora (Accenture).<\/p>\n<p>-Experiencia en primera persona. \u00bfQu\u00e9 es ser n\u00f3made digital? Vivir y trabajar viajando.<\/p>\n<p>-Break: life and work balance. Dictado por Julien Sebire.<\/p>\n<p>-Experiencias en otras ciudades. Desaf\u00edos y Aprendizajes. Ciudad de M\u00e9xico, Palmas y Buenos Aires. Expositor: Vicente Valido \u2013 Consultora Laureon, Espa\u00f1a<\/p>\n<p>-Panel abierto: propuestas culturales y tur\u00edsticas de la ciudad de C\u00f3rdoba. Participan Mariano Cardarelli, periodista de C\u00f3rdoba \u2013 Argentina; y Wendy Walker, n\u00f3mada digital de Estados Unidos.<\/p>\n","protected":false},"excerpt":{"rendered":"<p>Cientos de personas participar\u00e1n el pr\u00f3ximo jueves 18 de abril de una jornada de sesiones sobre nomadismo digital, talento y trabajo remoto en el Museo Metropolitano de Arte Urbano Plaza Espa\u00f1a. Inscripciones abiertas con cupo limitado. La ciudad de C\u00f3rdoba se prepara para vivir una jornada \u00fanica con el primer Congreso de N\u00f3mades Digitales C\u00f3rdoba, [&hellip;]<\/p>\n","protected":false},"author":1,"featured_media":149054,"comment_status":"closed","ping_status":"closed","sticky":false,"template":"","format":"standard","meta":[],"categories":[44],"tags":[],"_links":{"self":[{"href":"http:\/\/cordobadirecto.com\/index.php\/wp-json\/wp\/v2\/posts\/149053"}],"collection":[{"href":"http:\/\/cordobadirecto.com\/index.php\/wp-json\/wp\/v2\/posts"}],"about":[{"href":"http:\/\/cordobadirecto.com\/index.php\/wp-json\/wp\/v2\/types\/post"}],"author":[{"embeddable":true,"href":"http:\/\/cordobadirecto.com\/index.php\/wp-json\/wp\/v2\/users\/1"}],"replies":[{"embeddable":true,"href":"http:\/\/cordobadirecto.com\/index.php\/wp-json\/wp\/v2\/comments?post=149053"}],"version-history":[{"count":0,"href":"http:\/\/cordobadirecto.com\/index.php\/wp-json\/wp\/v2\/posts\/149053\/revisions"}],"wp:featuredmedia":[{"embeddable":true,"href":"http:\/\/cordobadirecto.com\/index.php\/wp-json\/wp\/v2\/media\/149054"}],"wp:attachment":[{"href":"http:\/\/cordobadirecto.com\/index.php\/wp-json\/wp\/v2\/media?parent=149053"}],"wp:term":[{"taxonomy":"category","embeddable":true,"href":"http:\/\/cordobadirecto.com\/index.php\/wp-json\/wp\/v2\/categories?post=149053"},{"taxonomy":"post_tag","embeddable":true,"href":"http:\/\/cordobadirecto.com\/index.php\/wp-json\/wp\/v2\/tags?post=149053"}],"curies":[{"name":"wp","href":"https:\/\/api.w.org\/{rel}","templated":true}]}}