{"id":149442,"date":"2024-04-26T16:20:05","date_gmt":"2024-04-26T16:20:05","guid":{"rendered":"https:\/\/cordoba.gob.ar\/?p=57265"},"modified":"2024-04-26T16:20:05","modified_gmt":"2024-04-26T16:20:05","slug":"cierre-del-mes-de-concientizacion-sobre-el-autismo-llega-artea-al-museo-metropolitano-de-arte-urbano-plaza-espana","status":"publish","type":"post","link":"http:\/\/cordobadirecto.com\/index.php\/2024\/04\/26\/cierre-del-mes-de-concientizacion-sobre-el-autismo-llega-artea-al-museo-metropolitano-de-arte-urbano-plaza-espana\/","title":{"rendered":"Cierre del mes de concientizaci\u00f3n sobre el Autismo: llega ARTea al Museo Metropolitano de Arte Urbano Plaza Espa\u00f1a"},"content":{"rendered":"<div><img src=\"http:\/\/cordobadirecto.com\/wp-content\/uploads\/2024\/04\/cierre-del-mes-de-concientizacion-sobre-el-autismo-llega-artea-al-museo-metropolitano-de-arte-urbano-plaza-espana.jpg\" class=\"ff-og-image-inserted\"><\/div>\n<ul>\n<li><strong>Este domingo 28 de abril, de 17 horas a 19 horas, se llevar\u00e1 a cabo \u201cPintando por el autismo\u201d.<\/strong><\/li>\n<\/ul>\n<hr>\n<p>\u200cLa Municipalidad de C\u00f3rdoba en conjunto con la Fundaci\u00f3n Familias CEA, cerrar\u00e1 el mes de Concientizaci\u00f3n sobre el Autismo en el MMAU (Plaza Espa\u00f1a) con una propuesta art\u00edstica destinada a las infancias.<\/p>\n<p>Bajo el nombre \u201cPintando por el autismo\u201d, la actividad invita a crear una obra colectiva en colaboraci\u00f3n con artistas que van a guiar el taller. De esta forma, cada uno podr\u00e1 dejar su huella en una pieza \u00fanica que luego va a ser expuesta en el museo. Adem\u00e1s, cada ni\u00f1a y ni\u00f1o que participe se llevar\u00e1 su propia obra.<\/p>\n<p>El taller ser\u00e1 dictado por las artistas Siu Garz\u00f3n, Mechi Monguillot y Luz Lascano. Tendr\u00e1 lugar en el subsuelo del MMAU Plaza Espa\u00f1a. La entrada es gratuita, con inscripci\u00f3n previa a trav\u00e9s del siguiente <a href=\"https:\/\/docs.google.com\/forms\/d\/e\/1FAIpQLSdRS8DmQgfp8on7W_wRdcIihX5Ww0nAop-l4tnjB7qTIl-W0w\/viewform\">link<\/a>.<\/p>\n<p>Esta jornada dar\u00e1 inicio a ARTea, un ciclo de encuentros que a trav\u00e9s de distintas disciplinas art\u00edsticas busca incentivar la participaci\u00f3n social de las personas con TEA (Trastorno del Espectro Autista), enriqueciendo el panorama cultural con nuevas perspectivas y sensibilidades.<\/p>\n<p>La actividad se suma a otras propuestas que desde la Secretar\u00eda de Comunicaci\u00f3n y Cultura Municipal se desarrollaron en el marco del mes de concientizaci\u00f3n sobre el TEA, como parte de la pol\u00edtica cultural actual, concentrada en llevar adelante propuestas inclusivas y accesibles.<\/p>\n<p>En este sentido, durante todo abril distintos espacios de la ciudad fueron parte de una programaci\u00f3n pensada especialmente para este mes.<\/p>\n<p>Organizado por el Municipio en conjunto con la Fundaci\u00f3n Familias Cea, el Parque de Las Tejas fue sede de una tarde l\u00fadica con meriendas y juegos para ni\u00f1os y ni\u00f1as que culmin\u00f3 con una exhibici\u00f3n de fuegos artificiales de bajo impacto sonoro. Tambi\u00e9n se vivi\u00f3 un almuerzo, organizado por la Fundaci\u00f3n y la Granja del Sr. Brito, donde se disfrut\u00f3 de actividades en familia y un recorrido por la granja.<\/p>\n<p>A su vez, el Palacio Municipal 6 de Julio, el 2 de abril, tambi\u00e9n se sum\u00f3 a las iniciativas iluminando todo el edificio de azul en conmemoraci\u00f3n del D\u00eda Mundial de Concientizaci\u00f3n del Autismo.<\/p>\n<p><strong>Sobre ARTea<\/strong><\/p>\n<p>El ciclo se presenta como un espacio de encuentro donde la diversidad y la inclusi\u00f3n se unen para celebrar el talento y las habilidades \u00fanicas de las personas con Trastorno del Espectro Autista (TEA).<\/p>\n<p>A trav\u00e9s de diversas expresiones art\u00edsticas, se promueve el desarrollo personal, la comunicaci\u00f3n y la participaci\u00f3n social de las personas con esta condici\u00f3n, a la vez que enriquece el panorama cultural con nuevas perspectivas y sensibilidades.<\/p>\n<p>Fomentar este ciclo es construir una sociedad m\u00e1s justa, diversa y enriquecedora, donde todas las personas tengan la oportunidad de expresarse, crear y participar plenamente. En este marco, la cultura, en sus diversas expresiones art\u00edsticas, se transforma en una herramienta de aprendizaje que acerca, sensibiliza, concientiza y abre las puertas de la inclusi\u00f3n.<\/p>\n<p>Una instancia donde el Estado Municipal se hace presente para que cada persona pueda acceder a la cultura y al arte, seg\u00fan sus desaf\u00edos y necesidades.<\/p>\n","protected":false},"excerpt":{"rendered":"<p>Este domingo 28 de abril, de 17 horas a 19 horas, se llevar\u00e1 a cabo \u201cPintando por el autismo\u201d. \u200cLa Municipalidad de C\u00f3rdoba en conjunto con la Fundaci\u00f3n Familias CEA, cerrar\u00e1 el mes de Concientizaci\u00f3n sobre el Autismo en el MMAU (Plaza Espa\u00f1a) con una propuesta art\u00edstica destinada a las infancias. Bajo el nombre \u201cPintando [&hellip;]<\/p>\n","protected":false},"author":1,"featured_media":149443,"comment_status":"closed","ping_status":"closed","sticky":false,"template":"","format":"standard","meta":[],"categories":[44],"tags":[],"_links":{"self":[{"href":"http:\/\/cordobadirecto.com\/index.php\/wp-json\/wp\/v2\/posts\/149442"}],"collection":[{"href":"http:\/\/cordobadirecto.com\/index.php\/wp-json\/wp\/v2\/posts"}],"about":[{"href":"http:\/\/cordobadirecto.com\/index.php\/wp-json\/wp\/v2\/types\/post"}],"author":[{"embeddable":true,"href":"http:\/\/cordobadirecto.com\/index.php\/wp-json\/wp\/v2\/users\/1"}],"replies":[{"embeddable":true,"href":"http:\/\/cordobadirecto.com\/index.php\/wp-json\/wp\/v2\/comments?post=149442"}],"version-history":[{"count":0,"href":"http:\/\/cordobadirecto.com\/index.php\/wp-json\/wp\/v2\/posts\/149442\/revisions"}],"wp:featuredmedia":[{"embeddable":true,"href":"http:\/\/cordobadirecto.com\/index.php\/wp-json\/wp\/v2\/media\/149443"}],"wp:attachment":[{"href":"http:\/\/cordobadirecto.com\/index.php\/wp-json\/wp\/v2\/media?parent=149442"}],"wp:term":[{"taxonomy":"category","embeddable":true,"href":"http:\/\/cordobadirecto.com\/index.php\/wp-json\/wp\/v2\/categories?post=149442"},{"taxonomy":"post_tag","embeddable":true,"href":"http:\/\/cordobadirecto.com\/index.php\/wp-json\/wp\/v2\/tags?post=149442"}],"curies":[{"name":"wp","href":"https:\/\/api.w.org\/{rel}","templated":true}]}}