{"id":149451,"date":"2024-04-26T15:58:41","date_gmt":"2024-04-26T15:58:41","guid":{"rendered":"https:\/\/www.bbc.com\/mundo\/articles\/crgyrg22qeno#0"},"modified":"2024-04-26T15:58:41","modified_gmt":"2024-04-26T15:58:41","slug":"tenemos-miedo-de-que-ee-uu-nos-deporte-por-protestar-en-la-universidad-contra-la-guerra-en-gaza","status":"publish","type":"post","link":"http:\/\/cordobadirecto.com\/index.php\/2024\/04\/26\/tenemos-miedo-de-que-ee-uu-nos-deporte-por-protestar-en-la-universidad-contra-la-guerra-en-gaza\/","title":{"rendered":"&#8220;Tenemos miedo de que EE.UU. nos deporte por protestar en la universidad contra la guerra en Gaza&#8221;"},"content":{"rendered":"<figure class=\"bbc-1qn0xuy\" readability=\"1.5\">\n<div class=\"bbc-j1srjl\" readability=\"8\"><picture><img loading=\"lazy\" src=\"http:\/\/cordobadirecto.com\/wp-content\/uploads\/2024\/04\/tenemos-miedo-de-que-ee-uu-nos-deporte-por-protestar-en-la-universidad-contra-la-guerra-en-gaza.jpg\" srcset=\"http:\/\/cordobadirecto.com\/wp-content\/uploads\/2024\/04\/tenemos-miedo-de-que-ee-uu-nos-deporte-por-protestar-en-la-universidad-contra-la-guerra-en-gaza-5.jpg 240w, http:\/\/cordobadirecto.com\/wp-content\/uploads\/2024\/04\/tenemos-miedo-de-que-ee-uu-nos-deporte-por-protestar-en-la-universidad-contra-la-guerra-en-gaza-6.jpg 320w, http:\/\/cordobadirecto.com\/wp-content\/uploads\/2024\/04\/tenemos-miedo-de-que-ee-uu-nos-deporte-por-protestar-en-la-universidad-contra-la-guerra-en-gaza-7.jpg 480w, http:\/\/cordobadirecto.com\/wp-content\/uploads\/2024\/04\/tenemos-miedo-de-que-ee-uu-nos-deporte-por-protestar-en-la-universidad-contra-la-guerra-en-gaza-8.jpg 624w, http:\/\/cordobadirecto.com\/wp-content\/uploads\/2024\/04\/tenemos-miedo-de-que-ee-uu-nos-deporte-por-protestar-en-la-universidad-contra-la-guerra-en-gaza-9.jpg 800w\" sizes=\"(min-width: 1008px) 760px, 100vw\" alt=\"Manifestante.\" width=\"1024\" height=\"576\" class=\"bbc-139onq\"><\/picture>\n<p class=\"bbc-by8ykd\" role=\"text\"><span class=\"bbc-m04vo2\">Fuente de la imagen, <\/span><span lang=\"en-GB\">Getty Images<\/span><\/p>\n<\/div>\n<\/figure>\n<section role=\"region\" aria-labelledby=\"article-byline\" class=\"bbc-1vjaf6b\"><strong id=\"article-byline\" aria-hidden=\"true\" class=\"bbc-m04vo2\">Article information<\/strong><\/section>\n<div dir=\"ltr\" class=\"bbc-19j92fr ebmt73l0\" readability=\"10\">\n<p dir=\"ltr\" class=\"bbc-hhl7in e17g058b0\"><b>Protestas, detenciones, enfrentamientos con la polic\u00eda, clases y graduaciones suspendidas.<\/b><\/p>\n<\/div>\n<div dir=\"ltr\" class=\"bbc-19j92fr ebmt73l0\" readability=\"8\">\n<p dir=\"ltr\" class=\"bbc-hhl7in e17g058b0\">La ola de protestas por la guerra en Gaza se extiende por los campus de las universidades de Estados Unidos.<\/p>\n<\/div>\n<div dir=\"ltr\" class=\"bbc-19j92fr ebmt73l0\" readability=\"10\">\n<p dir=\"ltr\" class=\"bbc-hhl7in e17g058b0\">Pero Alejandra y Mario, alumnos de la Universidad de Columbia en Nueva York y activistas a favor de la causa palestina, decidieron abandonar las manifestaciones.<\/p>\n<\/div>\n<div dir=\"ltr\" class=\"bbc-19j92fr ebmt73l0\" readability=\"10\">\n<p dir=\"ltr\" class=\"bbc-hhl7in e17g058b0\">Tienen miedo de que su m\u00e1ximo sue\u00f1o, el de estudiar en una de las mejores universidades del mundo, se esfume por estar en una de las manifestaciones.<\/p>\n<\/div>\n<div dir=\"ltr\" class=\"bbc-19j92fr ebmt73l0\" readability=\"8\">\n<p dir=\"ltr\" class=\"bbc-hhl7in e17g058b0\">Alejandra y Mario nacieron en M\u00e9xico, pero vivieron casi toda su vida en EE.UU.<\/p>\n<\/div>\n<div dir=\"ltr\" class=\"bbc-19j92fr ebmt73l0\" readability=\"9\">\n<p dir=\"ltr\" class=\"bbc-hhl7in e17g058b0\">Cruzaron la frontera cuando eran ni\u00f1os y desde entonces no pueden salir del pa\u00eds: son indocumentados, pero pueden hacer una vida casi normal en EE.UU.<\/p>\n<\/div>\n<div dir=\"ltr\" class=\"bbc-19j92fr ebmt73l0\" readability=\"9\">\n<p dir=\"ltr\" class=\"bbc-hhl7in e17g058b0\">Los dos provienen de familias de bajos recursos, con madres solteras a las que llegar a fin de mes realmente les costaba.<\/p>\n<\/div>\n<div dir=\"ltr\" class=\"bbc-19j92fr ebmt73l0\" readability=\"9\">\n<p dir=\"ltr\" class=\"bbc-hhl7in e17g058b0\">Pero eso no fue impedimento para que llegaran a estudiar en Columbia, gracias a becas que les pagan no solo la matr\u00edcula de US$90.000 anuales sino tambi\u00e9n el costo de vivir all\u00ed.<\/p>\n<\/div>\n<div dir=\"ltr\" class=\"bbc-19j92fr ebmt73l0\" readability=\"7\">\n<p dir=\"ltr\" class=\"bbc-hhl7in e17g058b0\">Y no les exigen documentaci\u00f3n que pruebe su estatus migratorio en el pa\u00eds.<\/p>\n<\/div>\n<div dir=\"ltr\" class=\"bbc-19j92fr ebmt73l0\" readability=\"7\">\n<p dir=\"ltr\" class=\"bbc-hhl7in e17g058b0\">Eso podr\u00eda cambiar si la polic\u00eda los detiene por protestar.<\/p>\n<\/div>\n<figure class=\"bbc-1qn0xuy\" readability=\"1.5\">\n<div class=\"bbc-j1srjl\" readability=\"8\"><picture><img src=\"http:\/\/cordobadirecto.com\/wp-content\/uploads\/2024\/04\/tenemos-miedo-de-que-ee-uu-nos-deporte-por-protestar-en-la-universidad-contra-la-guerra-en-gaza-1.jpg\" srcset=\"http:\/\/cordobadirecto.com\/wp-content\/uploads\/2024\/04\/tenemos-miedo-de-que-ee-uu-nos-deporte-por-protestar-en-la-universidad-contra-la-guerra-en-gaza-10.jpg 240w, http:\/\/cordobadirecto.com\/wp-content\/uploads\/2024\/04\/tenemos-miedo-de-que-ee-uu-nos-deporte-por-protestar-en-la-universidad-contra-la-guerra-en-gaza-11.jpg 320w, http:\/\/cordobadirecto.com\/wp-content\/uploads\/2024\/04\/tenemos-miedo-de-que-ee-uu-nos-deporte-por-protestar-en-la-universidad-contra-la-guerra-en-gaza-12.jpg 480w, http:\/\/cordobadirecto.com\/wp-content\/uploads\/2024\/04\/tenemos-miedo-de-que-ee-uu-nos-deporte-por-protestar-en-la-universidad-contra-la-guerra-en-gaza-13.jpg 624w, http:\/\/cordobadirecto.com\/wp-content\/uploads\/2024\/04\/tenemos-miedo-de-que-ee-uu-nos-deporte-por-protestar-en-la-universidad-contra-la-guerra-en-gaza-14.jpg 800w\" sizes=\"(min-width: 1008px) 760px, 100vw\" alt=\"Jovenes siendo arrestados\" loading=\"lazy\" width=\"800\" height=\"450\" class=\"bbc-139onq\"><\/picture>\n<p class=\"bbc-by8ykd\" role=\"text\"><span class=\"bbc-m04vo2\">Fuente de la imagen, <\/span><span lang=\"en-GB\">Getty Images<\/span><\/p>\n<\/div><figcaption dir=\"ltr\" class=\"bbc-1jsyunq e6i104o0\"><span role=\"text\"><span class=\"bbc-m04vo2\">Pie de foto, <\/span><span data-testid=\"caption-paragraph\">La polic\u00eda de Nueva York ha arrestado a varios estudiantes por su participaci\u00f3n en las protestas a favor de la causa palestina.<\/span><\/span><\/figcaption><\/figure>\n<p><h2 id=\"Hasta-miedo-nos-da-estar-alrededor-del-campamento\" tabindex=\"-1\" class=\"bbc-1f03ibc eglt09e0\">\u201cHasta miedo nos da estar alrededor del campamento\u201d<\/h2>\n<\/p>\n<div dir=\"ltr\" class=\"bbc-19j92fr ebmt73l0\" readability=\"9\">\n<p dir=\"ltr\" class=\"bbc-hhl7in e17g058b0\">Alejandra y Mario no son sus verdaderos nombres, pero para hablar con BBC Mundo prefirieron no identificarse por temor a represalias.<\/p>\n<\/div>\n<div dir=\"ltr\" class=\"bbc-19j92fr ebmt73l0\" readability=\"9\">\n<p dir=\"ltr\" class=\"bbc-hhl7in e17g058b0\">Alejandra, de 21 a\u00f1os, estudia Religi\u00f3n y Ciencia Pol\u00edtica.<\/p>\n<\/div>\n<div dir=\"ltr\" class=\"bbc-19j92fr ebmt73l0\" readability=\"9\">\n<p dir=\"ltr\" class=\"bbc-hhl7in e17g058b0\">Mario, de 22, estudia Astrof\u00edsica.<\/p>\n<\/div>\n<div dir=\"ltr\" class=\"bbc-19j92fr ebmt73l0\" readability=\"11\">\n<p dir=\"ltr\" class=\"bbc-hhl7in e17g058b0\">Tras la incursi\u00f3n de Ham\u00e1s en territorio israel\u00ed el 7 de octubre y la posterior guerra en Gaza, estos dos amigos se unieron a las protestas y participaron en el campamento que se form\u00f3 en el campus para condenar la respuesta de Israel, que consideran desproporcionada<b>.<\/b><\/p>\n<\/div>\n<div dir=\"ltr\" class=\"bbc-19j92fr ebmt73l0\" readability=\"8\">\n<p dir=\"ltr\" class=\"bbc-hhl7in e17g058b0\">En el ataque de Ham\u00e1s murieron al menos a 1.200 personas -en su mayor\u00eda civiles- y llevaron a otras 253 a Gaza como rehenes. Decenas de ellos siguen cautivos.<\/p>\n<\/div>\n<div dir=\"ltr\" class=\"bbc-19j92fr ebmt73l0\" readability=\"9\">\n<p dir=\"ltr\" class=\"bbc-hhl7in e17g058b0\">Ese ataque fue el detonador de una guerra en Gaza, durante la cual m\u00e1s de 34.000 personas han muerto por la respuesta militar israel\u00ed.<\/p>\n<\/div>\n<div dir=\"ltr\" class=\"bbc-19j92fr ebmt73l0\" readability=\"10\">\n<p dir=\"ltr\" class=\"bbc-hhl7in e17g058b0\">Los activistas protestan, entre otras cosas, por el respaldo de EE.UU. a Israel y por la relaci\u00f3n de la universidad con empresas vinculadas al sector militar.<\/p>\n<\/div>\n<div dir=\"ltr\" class=\"bbc-19j92fr ebmt73l0\" readability=\"11\">\n<p dir=\"ltr\" class=\"bbc-hhl7in e17g058b0\">Hace una semana, cuando se avivaron las protestas y tras la dura respuesta de la direcci\u00f3n de la universidad para desmovilizar a los activistas, dejaron de hacerlo porque tienen miedo de ser arrestados y que eso derive autom\u00e1ticamente en su deportaci\u00f3n.<\/p>\n<\/div>\n<div dir=\"ltr\" class=\"bbc-19j92fr ebmt73l0\" readability=\"8\">\n<p dir=\"ltr\" class=\"bbc-hhl7in e17g058b0\">Las autoridades de la instituci\u00f3n educativa llamaron a la polic\u00eda y m\u00e1s de 100 manifestantes fueron arrestados el 18 de abril por acampar sin permiso.<\/p>\n<\/div>\n<div dir=\"ltr\" class=\"bbc-19j92fr ebmt73l0\" readability=\"9\">\n<p dir=\"ltr\" class=\"bbc-hhl7in e17g058b0\">Posteriormente, manifestantes regresaron a la zona con m\u00e1s carpas y pancartas en un claro gesto de desaf\u00edo que se ha extendido a otras universidades del pa\u00eds.<\/p>\n<\/div>\n<div dir=\"ltr\" class=\"bbc-19j92fr ebmt73l0\" readability=\"14\">\n<p dir=\"ltr\" class=\"bbc-hhl7in e17g058b0\">&#8220;Es demasiado peligroso, hasta miedo nos da estar alrededor del campamento aunque queramos apoyarlos. Es hasta peligroso que nosotros les llevemos comida, cobijas, un cargador para su tel\u00e9fono, lo que sea&#8221;, dice Alejandra.<\/p>\n<\/div>\n<div dir=\"ltr\" class=\"bbc-19j92fr ebmt73l0\" readability=\"11\">\n<p dir=\"ltr\" class=\"bbc-hhl7in e17g058b0\">&#8220;No es culpa de los que est\u00e1n protestando, ellos no est\u00e1n haciendo nada, sino que es la administraci\u00f3n de la universidad la que nos da tanto miedo\u201d, afirma.<\/p>\n<\/div>\n<figure class=\"bbc-1qn0xuy\" readability=\"1.5\">\n<div class=\"bbc-j1srjl\" readability=\"8\"><picture><img src=\"http:\/\/cordobadirecto.com\/wp-content\/uploads\/2024\/04\/tenemos-miedo-de-que-ee-uu-nos-deporte-por-protestar-en-la-universidad-contra-la-guerra-en-gaza-2.jpg\" srcset=\"http:\/\/cordobadirecto.com\/wp-content\/uploads\/2024\/04\/tenemos-miedo-de-que-ee-uu-nos-deporte-por-protestar-en-la-universidad-contra-la-guerra-en-gaza-15.jpg 240w, http:\/\/cordobadirecto.com\/wp-content\/uploads\/2024\/04\/tenemos-miedo-de-que-ee-uu-nos-deporte-por-protestar-en-la-universidad-contra-la-guerra-en-gaza-16.jpg 320w, http:\/\/cordobadirecto.com\/wp-content\/uploads\/2024\/04\/tenemos-miedo-de-que-ee-uu-nos-deporte-por-protestar-en-la-universidad-contra-la-guerra-en-gaza-17.jpg 480w, http:\/\/cordobadirecto.com\/wp-content\/uploads\/2024\/04\/tenemos-miedo-de-que-ee-uu-nos-deporte-por-protestar-en-la-universidad-contra-la-guerra-en-gaza-18.jpg 624w, http:\/\/cordobadirecto.com\/wp-content\/uploads\/2024\/04\/tenemos-miedo-de-que-ee-uu-nos-deporte-por-protestar-en-la-universidad-contra-la-guerra-en-gaza-19.jpg 800w\" sizes=\"(min-width: 1008px) 760px, 100vw\" alt=\"El campus de Columbia con los manifestantes\" loading=\"lazy\" width=\"1024\" height=\"683\" class=\"bbc-139onq\"><\/picture>\n<p class=\"bbc-by8ykd\" role=\"text\"><span class=\"bbc-m04vo2\">Fuente de la imagen, <\/span><span lang=\"en-GB\">Getty Images<\/span><\/p>\n<\/div>\n<\/figure>\n<div dir=\"ltr\" class=\"bbc-19j92fr ebmt73l0\" readability=\"10\">\n<p dir=\"ltr\" class=\"bbc-hhl7in e17g058b0\"><b>Mario dice que las estudiantes suspendidas de una de las facultades fueron expulsadas de las residencias y que les dieron solo 15 minutos para agarrar sus cosas<\/b>, algo reportado el martes por el peri\u00f3dico estudiantil Columbia Spectator.<\/p>\n<\/div>\n<div dir=\"ltr\" class=\"bbc-19j92fr ebmt73l0\" readability=\"12\">\n<p dir=\"ltr\" class=\"bbc-hhl7in e17g058b0\">&#8220;Si me suspenden, no tendr\u00eda ad\u00f3nde irme y no puedo obtener un trabajo para pagar las cuentas. Y si no me dejaran volver a Columbia, ser\u00eda superdif\u00edcil encontrar otra universidad en la que pudiera terminar la carrera y que me pagara todo como me pagan ahora&#8221;, dice Alejandra.<\/p>\n<\/div>\n<div dir=\"ltr\" class=\"bbc-19j92fr ebmt73l0\" readability=\"10\">\n<p dir=\"ltr\" class=\"bbc-hhl7in e17g058b0\"><b>&#8220;Habl\u00e9 con mi mam\u00e1 y ella me dijo que no me metiera porque si soy arrestada, lo primero que me va a pasar es que me van a deportar&#8221;, asegura.<\/b><\/p>\n<\/div>\n<div dir=\"ltr\" class=\"bbc-19j92fr ebmt73l0\" readability=\"13\">\n<p dir=\"ltr\" class=\"bbc-hhl7in e17g058b0\">&#8220;Ni nuestros amigos nos dejan ir, porque luego la polic\u00eda te para para checar tu mochila, y si te encuentran sospechoso te llevan a la estaci\u00f3n. Si eso me pasa, a m\u00ed tambi\u00e9n me van a deportar&#8221;, agrega Mario.<\/p>\n<\/div>\n<div dir=\"ltr\" class=\"bbc-19j92fr ebmt73l0\" readability=\"9\">\n<p dir=\"ltr\" class=\"bbc-hhl7in e17g058b0\">\u201cPor una semana no he ido a las bibliotecas porque tengo que pasar alrededor del campamento\u201d, cuenta ella.<\/p>\n<\/div>\n<div dir=\"ltr\" class=\"bbc-19j92fr ebmt73l0\" readability=\"9\">\n<p dir=\"ltr\" class=\"bbc-hhl7in e17g058b0\">&#8220;Tampoco quiero que me paren, porque da miedo&#8221;, dice Mario.<\/p>\n<\/div>\n<p><h2 id=\"No-podemos-expresar-nuestras-ideas\" tabindex=\"-1\" class=\"bbc-1f03ibc eglt09e0\">\u201cNo podemos expresar nuestras ideas\u201d<\/h2>\n<\/p>\n<figure class=\"bbc-1qn0xuy\" readability=\"1.5\">\n<div class=\"bbc-j1srjl\" readability=\"8\"><picture><img src=\"http:\/\/cordobadirecto.com\/wp-content\/uploads\/2024\/04\/tenemos-miedo-de-que-ee-uu-nos-deporte-por-protestar-en-la-universidad-contra-la-guerra-en-gaza-3.jpg\" srcset=\"http:\/\/cordobadirecto.com\/wp-content\/uploads\/2024\/04\/tenemos-miedo-de-que-ee-uu-nos-deporte-por-protestar-en-la-universidad-contra-la-guerra-en-gaza-20.jpg 240w, http:\/\/cordobadirecto.com\/wp-content\/uploads\/2024\/04\/tenemos-miedo-de-que-ee-uu-nos-deporte-por-protestar-en-la-universidad-contra-la-guerra-en-gaza-21.jpg 320w, http:\/\/cordobadirecto.com\/wp-content\/uploads\/2024\/04\/tenemos-miedo-de-que-ee-uu-nos-deporte-por-protestar-en-la-universidad-contra-la-guerra-en-gaza-22.jpg 480w, http:\/\/cordobadirecto.com\/wp-content\/uploads\/2024\/04\/tenemos-miedo-de-que-ee-uu-nos-deporte-por-protestar-en-la-universidad-contra-la-guerra-en-gaza-23.jpg 624w, http:\/\/cordobadirecto.com\/wp-content\/uploads\/2024\/04\/tenemos-miedo-de-que-ee-uu-nos-deporte-por-protestar-en-la-universidad-contra-la-guerra-en-gaza-24.jpg 800w\" sizes=\"(min-width: 1008px) 760px, 100vw\" alt=\"Estudiantes manifest\u00e1ndose en Nueva York\" loading=\"lazy\" width=\"1024\" height=\"683\" class=\"bbc-139onq\"><\/picture>\n<p class=\"bbc-by8ykd\" role=\"text\"><span class=\"bbc-m04vo2\">Fuente de la imagen, <\/span><span lang=\"en-GB\">Getty Images<\/span><\/p>\n<\/div><figcaption dir=\"ltr\" class=\"bbc-1jsyunq e6i104o0\"><span role=\"text\"><span class=\"bbc-m04vo2\">Pie de foto, <\/span><span data-testid=\"caption-paragraph\">Algunos estudiantes dicen tener miedo a expresar sus ideas abiertamente, por arriesgarse a represi\u00f3n de las autoridades.<\/span><\/span><\/figcaption><\/figure>\n<div dir=\"ltr\" class=\"bbc-19j92fr ebmt73l0\" readability=\"12\">\n<p dir=\"ltr\" class=\"bbc-hhl7in e17g058b0\">La Casa Blanca dijo este mi\u00e9rcoles que el presidente de EE.UU., <b>Joe Biden<\/b>, apoya la libertad de expresi\u00f3n en las universidades, pero estos estudiantes creen que no existe tal cosa hoy en d\u00eda en Columbia.<\/p>\n<\/div>\n<div dir=\"ltr\" class=\"bbc-19j92fr ebmt73l0\" readability=\"12\">\n<p dir=\"ltr\" class=\"bbc-hhl7in e17g058b0\">\u201cNo podemos expresar nuestras ideas, nuestras opiniones, nuestro apoyo a otros estudiantes. Si ni los estudiantes que s\u00ed tienen documentaci\u00f3n lo pueden hacer, menos nosotros\u201d, dice Alejandra.<\/p>\n<\/div>\n<div dir=\"ltr\" class=\"bbc-19j92fr ebmt73l0\" readability=\"8\">\n<p dir=\"ltr\" class=\"bbc-hhl7in e17g058b0\">Ambos se sienten decepcionados porque creen que su universidad ha traicionado algunos de los valores que hicieron que eligieran ir a Columbia.<\/p>\n<\/div>\n<div dir=\"ltr\" class=\"bbc-19j92fr ebmt73l0\" readability=\"8\">\n<p dir=\"ltr\" class=\"bbc-hhl7in e17g058b0\"><b>Los grupos de activistas han expresado que creen que la Universidad de Columbia tiene inversiones en empresas con intereses en Israel y que por eso han intentado disuadir las manifestaciones.<\/b><\/p>\n<\/div>\n<div dir=\"ltr\" class=\"bbc-19j92fr ebmt73l0\" readability=\"9\">\n<p dir=\"ltr\" class=\"bbc-hhl7in e17g058b0\">Un comit\u00e9 que asesora a la universidad sobre inversi\u00f3n socialmente responsable rechaz\u00f3 estas cr\u00edticas a principios de este a\u00f1o y dijo que hab\u00eda una falta de consenso en la comunidad de Columbia sobre el tema.<\/p>\n<\/div>\n<div dir=\"ltr\" class=\"bbc-19j92fr ebmt73l0\" readability=\"10\">\n<p dir=\"ltr\" class=\"bbc-hhl7in e17g058b0\">La universidad alega que los manifestantes han ido contra las reglas de la instituci\u00f3n, y que tras varios intentos de desmovilizaci\u00f3n, llam\u00f3 a la polic\u00eda.<\/p>\n<\/div>\n<p><h2 id=\"Nuestra-cr\u00edtica-es-al-gobierno-de-Israel\" tabindex=\"-1\" class=\"bbc-1f03ibc eglt09e0\">&#8220;Nuestra cr\u00edtica es al gobierno de Israel&#8221;<\/h2>\n<\/p>\n<figure class=\"bbc-1qn0xuy\" readability=\"1.5\">\n<div class=\"bbc-j1srjl\" readability=\"8\"><picture><img src=\"http:\/\/cordobadirecto.com\/wp-content\/uploads\/2024\/04\/tenemos-miedo-de-que-ee-uu-nos-deporte-por-protestar-en-la-universidad-contra-la-guerra-en-gaza-4.jpg\" srcset=\"http:\/\/cordobadirecto.com\/wp-content\/uploads\/2024\/04\/tenemos-miedo-de-que-ee-uu-nos-deporte-por-protestar-en-la-universidad-contra-la-guerra-en-gaza-25.jpg 240w, http:\/\/cordobadirecto.com\/wp-content\/uploads\/2024\/04\/tenemos-miedo-de-que-ee-uu-nos-deporte-por-protestar-en-la-universidad-contra-la-guerra-en-gaza-26.jpg 320w, http:\/\/cordobadirecto.com\/wp-content\/uploads\/2024\/04\/tenemos-miedo-de-que-ee-uu-nos-deporte-por-protestar-en-la-universidad-contra-la-guerra-en-gaza-27.jpg 480w, http:\/\/cordobadirecto.com\/wp-content\/uploads\/2024\/04\/tenemos-miedo-de-que-ee-uu-nos-deporte-por-protestar-en-la-universidad-contra-la-guerra-en-gaza-28.jpg 624w, http:\/\/cordobadirecto.com\/wp-content\/uploads\/2024\/04\/tenemos-miedo-de-que-ee-uu-nos-deporte-por-protestar-en-la-universidad-contra-la-guerra-en-gaza-29.jpg 800w\" sizes=\"(min-width: 1008px) 760px, 100vw\" alt=\"Estudiantes en el campus\" loading=\"lazy\" width=\"1024\" height=\"683\" class=\"bbc-139onq\"><\/picture>\n<p class=\"bbc-by8ykd\" role=\"text\"><span class=\"bbc-m04vo2\">Fuente de la imagen, <\/span><span lang=\"en-GB\">Getty Images<\/span><\/p>\n<\/div><figcaption dir=\"ltr\" class=\"bbc-1jsyunq e6i104o0\"><span role=\"text\"><span class=\"bbc-m04vo2\">Pie de foto, <\/span><span data-testid=\"caption-paragraph\">Algunos estudiantes se manifiestan a favor de la causa palestina, otros en contra de Israel<\/span><\/span><\/figcaption><\/figure>\n<div dir=\"ltr\" class=\"bbc-19j92fr ebmt73l0\" readability=\"10\">\n<p dir=\"ltr\" class=\"bbc-hhl7in e17g058b0\">En el campus principal de la Universidad de Columbia, estudiantes jud\u00edos expresaron su preocupaci\u00f3n por lo que sienten es un ambiente hostil hacia ellos y algunos sostienen que no se sienten ni seguros ni bienvenidos all\u00ed.<\/p>\n<\/div>\n<div dir=\"ltr\" class=\"bbc-19j92fr ebmt73l0\" readability=\"10\">\n<p dir=\"ltr\" class=\"bbc-hhl7in e17g058b0\">Dicen que, antes de que llegaran los periodistas en los \u00faltimos d\u00edas, escucharon c\u00e1nticos y consignas que interpretan como &#8220;antisemitas&#8221;.<\/p>\n<\/div>\n<div dir=\"ltr\" class=\"bbc-19j92fr ebmt73l0\" readability=\"9\">\n<p dir=\"ltr\" class=\"bbc-hhl7in e17g058b0\"><b>\u201cTengo miedo de usar mi kip\u00e1\u201d, le dijo un estudiante jud\u00edo al periodista de la BBC Bernd Debusmann Jr en el campus universitario.<\/b><\/p>\n<\/div>\n<div dir=\"ltr\" class=\"bbc-19j92fr ebmt73l0\" readability=\"8\">\n<p dir=\"ltr\" class=\"bbc-hhl7in e17g058b0\">Un rabino asociado a Columbia envi\u00f3 esta semana un mensaje a los estudiantes jud\u00edos en el que les pidi\u00f3 que volvieran a sus casas hasta que la situaci\u00f3n mejorara.<\/p>\n<\/div>\n<div dir=\"ltr\" class=\"bbc-19j92fr ebmt73l0\" readability=\"8\">\n<p dir=\"ltr\" class=\"bbc-hhl7in e17g058b0\">Pero manifestantes argumentaron que los incidentes de acoso a estudiantes jud\u00edos hab\u00edan sido excepcionales y exagerados por quienes se oponen a su reclamo.<\/p>\n<\/div>\n<div dir=\"ltr\" class=\"bbc-19j92fr ebmt73l0\" readability=\"9\">\n<p dir=\"ltr\" class=\"bbc-hhl7in e17g058b0\">La presidenta de la universidad, Nemat Shafik, ha dicho que no permitir\u00e1 consignas antisemitas.<\/p>\n<\/div>\n<div dir=\"ltr\" class=\"bbc-19j92fr ebmt73l0\" readability=\"10\">\n<p dir=\"ltr\" class=\"bbc-hhl7in e17g058b0\">Mario y Alejandra argumentan que ellos no son antisemitas sino antisionistas, es decir, que est\u00e1n en contra de la idea de establecer un hogar para el pueblo jud\u00edo en territorio palestino.<\/p>\n<\/div>\n<div dir=\"ltr\" class=\"bbc-19j92fr ebmt73l0\" readability=\"10\">\n<p dir=\"ltr\" class=\"bbc-hhl7in e17g058b0\"><b>Nuestra cr\u00edtica &#8220;no tiene que ver con una religi\u00f3n, sino con el gobierno y el pa\u00eds\u201d<\/b>, sostiene Alejandra.<\/p>\n<\/div>\n<figure class=\"bbc-1qn0xuy\">\n<div class=\"bbc-j1srjl\"><picture><img src=\"http:\/\/cordobadirecto.com\/wp-content\/uploads\/2024\/04\/tenemos-miedo-de-que-ee-uu-nos-deporte-por-protestar-en-la-universidad-contra-la-guerra-en-gaza.png\" srcset=\"http:\/\/cordobadirecto.com\/wp-content\/uploads\/2024\/04\/tenemos-miedo-de-que-ee-uu-nos-deporte-por-protestar-en-la-universidad-contra-la-guerra-en-gaza-1.png 240w, http:\/\/cordobadirecto.com\/wp-content\/uploads\/2024\/04\/tenemos-miedo-de-que-ee-uu-nos-deporte-por-protestar-en-la-universidad-contra-la-guerra-en-gaza-2.png 320w, http:\/\/cordobadirecto.com\/wp-content\/uploads\/2024\/04\/tenemos-miedo-de-que-ee-uu-nos-deporte-por-protestar-en-la-universidad-contra-la-guerra-en-gaza-3.png 480w, http:\/\/cordobadirecto.com\/wp-content\/uploads\/2024\/04\/tenemos-miedo-de-que-ee-uu-nos-deporte-por-protestar-en-la-universidad-contra-la-guerra-en-gaza-4.png 624w, http:\/\/cordobadirecto.com\/wp-content\/uploads\/2024\/04\/tenemos-miedo-de-que-ee-uu-nos-deporte-por-protestar-en-la-universidad-contra-la-guerra-en-gaza-5.png 800w\" sizes=\"(min-width: 1008px) 760px, 100vw\" alt=\"L\u00ednea gris\" loading=\"lazy\" width=\"800\" height=\"100\" class=\"bbc-139onq\"><\/picture><\/div>\n<\/figure>\n<div dir=\"ltr\" class=\"bbc-19j92fr ebmt73l0\" readability=\"5.7931034482759\">\n<p dir=\"ltr\" class=\"bbc-hhl7in e17g058b0\"><i class=\"bbc-h1y5j7 eih42320\">Haz <\/i><a href=\"https:\/\/www.bbc.com\/mundo\" class=\"focusIndicatorReducedWidth bbc-n8oauk e1p3sufg0\"><i class=\"bbc-h1y5j7 eih42320\">clic aqu\u00ed<\/i><\/a><i class=\"bbc-h1y5j7 eih42320\"> para leer m\u00e1s historias de BBC News Mundo.<\/i><\/p>\n<\/div>\n<div dir=\"ltr\" class=\"bbc-19j92fr ebmt73l0\" readability=\"8\">\n<p dir=\"ltr\" class=\"bbc-hhl7in e17g058b0\"><i class=\"bbc-h1y5j7 eih42320\">Y recuerda que puedes recibir notificaciones en nuestra app. Descarga la \u00faltima versi\u00f3n y act\u00edvalas.<\/i><\/p>\n<\/div>\n","protected":false},"excerpt":{"rendered":"<p>Fuente de la imagen, Getty Images Article information Protestas, detenciones, enfrentamientos con la polic\u00eda, clases y graduaciones suspendidas. La ola de protestas por la guerra en Gaza se extiende por los campus de las universidades de Estados Unidos. Pero Alejandra y Mario, alumnos de la Universidad de Columbia en Nueva York y activistas a favor [&hellip;]<\/p>\n","protected":false},"author":1,"featured_media":149452,"comment_status":"closed","ping_status":"closed","sticky":false,"template":"","format":"standard","meta":[],"categories":[24],"tags":[],"_links":{"self":[{"href":"http:\/\/cordobadirecto.com\/index.php\/wp-json\/wp\/v2\/posts\/149451"}],"collection":[{"href":"http:\/\/cordobadirecto.com\/index.php\/wp-json\/wp\/v2\/posts"}],"about":[{"href":"http:\/\/cordobadirecto.com\/index.php\/wp-json\/wp\/v2\/types\/post"}],"author":[{"embeddable":true,"href":"http:\/\/cordobadirecto.com\/index.php\/wp-json\/wp\/v2\/users\/1"}],"replies":[{"embeddable":true,"href":"http:\/\/cordobadirecto.com\/index.php\/wp-json\/wp\/v2\/comments?post=149451"}],"version-history":[{"count":0,"href":"http:\/\/cordobadirecto.com\/index.php\/wp-json\/wp\/v2\/posts\/149451\/revisions"}],"wp:featuredmedia":[{"embeddable":true,"href":"http:\/\/cordobadirecto.com\/index.php\/wp-json\/wp\/v2\/media\/149452"}],"wp:attachment":[{"href":"http:\/\/cordobadirecto.com\/index.php\/wp-json\/wp\/v2\/media?parent=149451"}],"wp:term":[{"taxonomy":"category","embeddable":true,"href":"http:\/\/cordobadirecto.com\/index.php\/wp-json\/wp\/v2\/categories?post=149451"},{"taxonomy":"post_tag","embeddable":true,"href":"http:\/\/cordobadirecto.com\/index.php\/wp-json\/wp\/v2\/tags?post=149451"}],"curies":[{"name":"wp","href":"https:\/\/api.w.org\/{rel}","templated":true}]}}