{"id":14946,"date":"2021-08-21T22:06:13","date_gmt":"2021-08-21T22:06:13","guid":{"rendered":"http:\/\/cordobadirecto.com\/index.php\/2021\/08\/21\/pilar-geijo-gano-la-medalla-de-bronce-en-macedonia-en-su-primera-prueba-desde-2019\/"},"modified":"2021-08-21T22:06:13","modified_gmt":"2021-08-21T22:06:13","slug":"pilar-geijo-gano-la-medalla-de-bronce-en-macedonia-en-su-primera-prueba-desde-2019","status":"publish","type":"post","link":"http:\/\/cordobadirecto.com\/index.php\/2021\/08\/21\/pilar-geijo-gano-la-medalla-de-bronce-en-macedonia-en-su-primera-prueba-desde-2019\/","title":{"rendered":"Pilar Geijo gan\u00f3 la medalla de bronce en Macedonia, en su primera prueba desde 2019"},"content":{"rendered":"<div class=\"image-left\" readability=\"8\"> <img src=\"http:\/\/cordobadirecto.com\/wp-content\/uploads\/2021\/08\/pilar-geijo-gano-la-medalla-de-bronce-en-macedonia-en-su-primera-prueba-desde-2019.png\" alt=\"Pilar Geijo, tercera en Macedonia\" title=\"Pilar Geijo, tercera en Macedonia\"><\/p>\n<p>Pilar Geijo, tercera en Macedonia<\/p>\n<\/div>\n<p>La nadadora porte\u00f1a Pilar Geijo, cinco veces campeona mundial del circuito de aguas abiertas que organiza la Federaci\u00f3n Internacional de Nataci\u00f3n (FINA), obtuvo este s\u00e1bado la medalla de bronce en Ohrid, Macedonia, por la primera fecha del circuito mundial, casi dos a\u00f1os despu\u00e9s de su \u00faltima competencia oficial por la pandemia de coronavirus.<\/p>\n<p><strong>Geijo, de 36 a\u00f1os<\/strong> y que disput\u00f3 su \u00faltima competencia del circuito mundial en la Capri-N\u00e1poles en septiembre de 2019, hizo los <strong>25 kil\u00f3metros de la prueba en 5hs 47m 21\/100<\/strong> y qued\u00f3 detr\u00e1s de las francesas Caroline Joussie (5hs 45m42\/100) y Oceane Cassignol, que gan\u00f3 con 5hs16m 39\/100.<\/p>\n<p>La argentina, quien se contagi\u00f3 de coronavirus en agosto del a\u00f1o pasado y que logr\u00f3 el torneo ecum\u00e9nico de aguas abiertas en 2010, 2011, 2014, 2015 y 2019, <strong>logr\u00f3 as\u00ed su podio n\u00famero 39 en copas mundiales<\/strong>: 13 medallas de oro, 17 de plata y nueve de bronce.<\/p>\n<p>&#8220;<strong>Estoy muy contenta con el resultado. Volv\u00ed a competir despu\u00e9s de tanto tiempo y con un podio, me pone muy feliz<\/strong>. La sensaci\u00f3n, al principio, fue como si nunca hubiera dejado de competir pero me hab\u00eda olvidado de los dolores que sent\u00eda muscularmente durante la carrera. Todo vali\u00f3 la pena&#8221;, afirm\u00f3 Geijo a T\u00e9lam desde Macedonia.<\/p>\n<p>Geijo, subcampeona mundial en 2009 y 2012, <strong>disputar\u00e1 la Capri-N\u00e1poles, en Italia, de 36 kil\u00f3metros, por la segunda fecha del circuito, el pr\u00f3ximo 5 de septiembre.<\/strong> <\/p>\n","protected":false},"excerpt":{"rendered":"<p>Pilar Geijo, tercera en Macedonia La nadadora porte\u00f1a Pilar Geijo, cinco veces campeona mundial del circuito de aguas abiertas que organiza la Federaci\u00f3n Internacional de Nataci\u00f3n (FINA), obtuvo este s\u00e1bado la medalla de bronce en Ohrid, Macedonia, por la primera fecha del circuito mundial, casi dos a\u00f1os despu\u00e9s de su \u00faltima competencia oficial por la [&hellip;]<\/p>\n","protected":false},"author":1,"featured_media":14947,"comment_status":"closed","ping_status":"closed","sticky":false,"template":"","format":"standard","meta":[],"categories":[21],"tags":[],"_links":{"self":[{"href":"http:\/\/cordobadirecto.com\/index.php\/wp-json\/wp\/v2\/posts\/14946"}],"collection":[{"href":"http:\/\/cordobadirecto.com\/index.php\/wp-json\/wp\/v2\/posts"}],"about":[{"href":"http:\/\/cordobadirecto.com\/index.php\/wp-json\/wp\/v2\/types\/post"}],"author":[{"embeddable":true,"href":"http:\/\/cordobadirecto.com\/index.php\/wp-json\/wp\/v2\/users\/1"}],"replies":[{"embeddable":true,"href":"http:\/\/cordobadirecto.com\/index.php\/wp-json\/wp\/v2\/comments?post=14946"}],"version-history":[{"count":0,"href":"http:\/\/cordobadirecto.com\/index.php\/wp-json\/wp\/v2\/posts\/14946\/revisions"}],"wp:featuredmedia":[{"embeddable":true,"href":"http:\/\/cordobadirecto.com\/index.php\/wp-json\/wp\/v2\/media\/14947"}],"wp:attachment":[{"href":"http:\/\/cordobadirecto.com\/index.php\/wp-json\/wp\/v2\/media?parent=14946"}],"wp:term":[{"taxonomy":"category","embeddable":true,"href":"http:\/\/cordobadirecto.com\/index.php\/wp-json\/wp\/v2\/categories?post=14946"},{"taxonomy":"post_tag","embeddable":true,"href":"http:\/\/cordobadirecto.com\/index.php\/wp-json\/wp\/v2\/tags?post=14946"}],"curies":[{"name":"wp","href":"https:\/\/api.w.org\/{rel}","templated":true}]}}