{"id":149465,"date":"2024-04-27T03:21:21","date_gmt":"2024-04-27T03:21:21","guid":{"rendered":"https:\/\/puntoapunto.com.ar\/?p=360012"},"modified":"2024-04-27T03:21:21","modified_gmt":"2024-04-27T03:21:21","slug":"industria-automotriz-que-implica-la-baja-de-aranceles-e-impuestos-que-anuncio-caputo","status":"publish","type":"post","link":"http:\/\/cordobadirecto.com\/index.php\/2024\/04\/27\/industria-automotriz-que-implica-la-baja-de-aranceles-e-impuestos-que-anuncio-caputo\/","title":{"rendered":"Industria automotriz: qu\u00e9 implica la baja de aranceles e impuestos que anunci\u00f3 Caputo"},"content":{"rendered":"<div class=\"g g-36\">\n<div class=\"g-dyn a-29 c-1\"><a class=\"gofollow\" data-track=\"MjksMzYsMSw2MA==\" href=\"https:\/\/www.harmoniechateau.com.ar\/\" target=\"_blank\" rel=\"noopener\"><img src=\"http:\/\/cordobadirecto.com\/wp-content\/uploads\/2024\/04\/industria-automotriz-que-implica-la-baja-de-aranceles-e-impuestos-que-anuncio-caputo.jpg\" loading=\"lazy\"><\/a><\/div>\n<\/div>\n<p>&nbsp;\n<\/p>\n<p>El ministro de Econom\u00eda, <strong>Luis Caputo, anunci\u00f3 una rebaja de aranceles e impuestos para la industria automotriz<\/strong>, en busca de <strong>mejorar la competitividad del sector.<\/strong>\n<\/p>\n<p>\u00abCon el objeto de mejorar la competitividad e impulsar el crecimiento del sector automotriz, lanzaremos una rebaja de aranceles e impuestos que beneficiar\u00e1 a este sector, que actualmente <strong>tiene el 10% de la producci\u00f3n total industrial y genera m\u00e1s de 75.000 empleos<\/strong>\u00ab, puntualiz\u00f3 el jefe del Palacio de Hacienda.\n<\/p>\n<p>En su cuenta de la red social X, Caputo inform\u00f3 adem\u00e1s que <strong>se mantendr\u00e1 la exenci\u00f3n de derechos de exportaci\u00f3n para las ventas al exterior incrementale<\/strong>s -que estaba vigente desde 2021- y se sistematizar\u00e1 y digitalizar\u00e1 el R\u00e9gimen de Reposici\u00f3n de Existencias (Repostock).\n<\/p>\n<blockquote class=\"twitter-tweet\" data-width=\"500\" data-dnt=\"true\" readability=\"10.531914893617\">\n<p lang=\"es\" dir=\"ltr\">Con el objeto de mejorar la competitividad e impulsar el crecimiento del sector automotriz, lanzaremos una rebaja de aranceles e impuestos que beneficiar\u00e1 a este sector que actualmente tiene el 10% de la producci\u00f3n total industrial y genera m\u00e1s de 75 mil empleos.\n<\/p>\n<p>Se mantendr\u00e1\u2026\n<\/p>\n<p>\u2014 totocaputo (@LuisCaputoAR) <a href=\"https:\/\/twitter.com\/LuisCaputoAR\/status\/1783895664197317063?ref_src=twsrc%5Etfw\">April 26, 2024<\/a><\/p>\n<\/blockquote>\n<p>\u00abEstas medidas permitir\u00e1n que los proveedores vendan partes a las terminales con una rebaja de aranceles e impuestos y que se genere una ca\u00edda en el costo de las autopartes nacionales con destino a exportaci\u00f3n\u00bb, destac\u00f3 el funcionario.\n<\/p>\n<p>Seg\u00fan lo dispuesto por Econom\u00eda, los aranceles de moldes de metal usados por la <strong>industria automotriz pasar\u00e1n del 35% al 12,6%, mientras que los moldes de inyecci\u00f3n pl\u00e1stica pasar\u00e1n del 24% al 12,6%.<\/strong>\n<\/p>\n<p>Seg\u00fan los \u00faltimos datos del sector difundidos por la Asociaci\u00f3n de F\u00e1bricas de Automotores (Adefa), la <strong>producci\u00f3n de veh\u00edculos en el pa\u00eds fue de de 43.159 unidades, un 15,1% m\u00e1s respecto de febrero y 29,4 % menos respecto del &nbsp;mismo mes del a\u00f1o pasado.<\/strong>\n<\/p>\n<p>Esta industria<strong> export\u00f3 23.484 veh\u00edculos en el tercer mes del a\u00f1o<\/strong>, con lo cual registr\u00f3 0,4 % menos en su comparaci\u00f3n con febrero, y 27,6 % por debajo del volumen que se contabiliz\u00f3 en marzo de 2023.\n<\/p>\n<p>En ventas mayoristas, el sector automotor comercializ\u00f3 a la<strong> red de concesionarios 30.176 unidades en marzo,<\/strong> 9,2% menos comparado con el mes anterior, y 20,8 % por debajo de marzo del a\u00f1o pasado.\n<\/p>\n<p>En el acumulado del primer trimestre, <strong>el sector produjo un total de 103.293 veh\u00edculos, un 23,2% menos respecto de las 134.574 unidades que se produjeron en el mismo per\u00edodo del 2023.<\/strong>\n<\/p>\n<div class=\"g g-38\">\n<div class=\"g-dyn a-12 c-1\"><a class=\"gofollow\" data-track=\"MTIsMzgsMSw2MA==\" href=\"https:\/\/form.jotform.com\/240784464263663\" target=\"_blank\" rel=\"noopener\"><img src=\"http:\/\/cordobadirecto.com\/wp-content\/uploads\/2024\/04\/industria-automotriz-que-implica-la-baja-de-aranceles-e-impuestos-que-anuncio-caputo-1.jpg\" loading=\"lazy\"><\/a><\/div>\n<\/div>\n","protected":false},"excerpt":{"rendered":"<p>&nbsp; El ministro de Econom\u00eda, Luis Caputo, anunci\u00f3 una rebaja de aranceles e impuestos para la industria automotriz, en busca de mejorar la competitividad del sector. \u00abCon el objeto de mejorar la competitividad e impulsar el crecimiento del sector automotriz, lanzaremos una rebaja de aranceles e impuestos que beneficiar\u00e1 a este sector, que actualmente tiene [&hellip;]<\/p>\n","protected":false},"author":1,"featured_media":149466,"comment_status":"closed","ping_status":"closed","sticky":false,"template":"","format":"standard","meta":[],"categories":[25],"tags":[],"_links":{"self":[{"href":"http:\/\/cordobadirecto.com\/index.php\/wp-json\/wp\/v2\/posts\/149465"}],"collection":[{"href":"http:\/\/cordobadirecto.com\/index.php\/wp-json\/wp\/v2\/posts"}],"about":[{"href":"http:\/\/cordobadirecto.com\/index.php\/wp-json\/wp\/v2\/types\/post"}],"author":[{"embeddable":true,"href":"http:\/\/cordobadirecto.com\/index.php\/wp-json\/wp\/v2\/users\/1"}],"replies":[{"embeddable":true,"href":"http:\/\/cordobadirecto.com\/index.php\/wp-json\/wp\/v2\/comments?post=149465"}],"version-history":[{"count":0,"href":"http:\/\/cordobadirecto.com\/index.php\/wp-json\/wp\/v2\/posts\/149465\/revisions"}],"wp:featuredmedia":[{"embeddable":true,"href":"http:\/\/cordobadirecto.com\/index.php\/wp-json\/wp\/v2\/media\/149466"}],"wp:attachment":[{"href":"http:\/\/cordobadirecto.com\/index.php\/wp-json\/wp\/v2\/media?parent=149465"}],"wp:term":[{"taxonomy":"category","embeddable":true,"href":"http:\/\/cordobadirecto.com\/index.php\/wp-json\/wp\/v2\/categories?post=149465"},{"taxonomy":"post_tag","embeddable":true,"href":"http:\/\/cordobadirecto.com\/index.php\/wp-json\/wp\/v2\/tags?post=149465"}],"curies":[{"name":"wp","href":"https:\/\/api.w.org\/{rel}","templated":true}]}}