{"id":149483,"date":"2024-04-27T20:48:15","date_gmt":"2024-04-27T20:48:15","guid":{"rendered":"https:\/\/www.ole.com.ar\/autos\/ciantini-quedo-pole_0_99VY6UllHw.html"},"modified":"2024-04-27T20:48:15","modified_gmt":"2024-04-27T20:48:15","slug":"tc-ciantini-volo-en-la-pampa-y-se-quedo-con-la-pole","status":"publish","type":"post","link":"http:\/\/cordobadirecto.com\/index.php\/2024\/04\/27\/tc-ciantini-volo-en-la-pampa-y-se-quedo-con-la-pole\/","title":{"rendered":"TC: Ciantini vol\u00f3 en La Pampa y se qued\u00f3 con la pole"},"content":{"rendered":"<div><img src=\"http:\/\/cordobadirecto.com\/wp-content\/uploads\/2024\/04\/tc-ciantini-volo-en-la-pampa-y-se-quedo-con-la-pole.jpg\" class=\"ff-og-image-inserted\"><\/div>\n<div readability=\"34\">\n<p>El Turismo Carretera llev\u00f3 a cabo su clasificaci\u00f3n en el aut\u00f3dromo de La Pampa, donde Diego Ciantini llev\u00f3 a su Chevrolet a lo m\u00e1s alto y se qued\u00f3 con la pole.<\/p>\n<\/div>\n<div readability=\"34\">\n<p>Ciantini cerr\u00f3 una vuelta de 1m13s629 y fue el m\u00e1s veloz de la clasificaci\u00f3n. Dej\u00f3 como escolta a Werner a una diferencia de 23 cent\u00e9simas y tercero a Agust\u00edn Mart\u00ednez a 336 mil\u00e9simas. Mientras que cerraron el top five Juan Bautista De Benedictis y Gast\u00f3n Mazzacane.<\/p>\n<\/div>\n<div readability=\"36\">\n<p>M\u00e1s atr\u00e1s se ubicaron Facundo Chapur (Dodge), Jonatan Castellano (Dodge), Juan Cruz Benvenuti (Chevrolet), Mauricio Lambiris (Ford) y Mart\u00edn V\u00e1zquez (Dodge).<\/p>\n<\/div>\n<div readability=\"35\">\n<p>La actividad para el Turismo Carretera en La Pampa continuar\u00e1 el domingo a las 10.05, 10.30 y 10.55, cuando se pongan en marcha las series.<\/p>\n<\/div>\n","protected":false},"excerpt":{"rendered":"<p>El Turismo Carretera llev\u00f3 a cabo su clasificaci\u00f3n en el aut\u00f3dromo de La Pampa, donde Diego Ciantini llev\u00f3 a su Chevrolet a lo m\u00e1s alto y se qued\u00f3 con la pole. Ciantini cerr\u00f3 una vuelta de 1m13s629 y fue el m\u00e1s veloz de la clasificaci\u00f3n. Dej\u00f3 como escolta a Werner a una diferencia de 23 [&hellip;]<\/p>\n","protected":false},"author":1,"featured_media":149484,"comment_status":"closed","ping_status":"closed","sticky":false,"template":"","format":"standard","meta":[],"categories":[21],"tags":[],"_links":{"self":[{"href":"http:\/\/cordobadirecto.com\/index.php\/wp-json\/wp\/v2\/posts\/149483"}],"collection":[{"href":"http:\/\/cordobadirecto.com\/index.php\/wp-json\/wp\/v2\/posts"}],"about":[{"href":"http:\/\/cordobadirecto.com\/index.php\/wp-json\/wp\/v2\/types\/post"}],"author":[{"embeddable":true,"href":"http:\/\/cordobadirecto.com\/index.php\/wp-json\/wp\/v2\/users\/1"}],"replies":[{"embeddable":true,"href":"http:\/\/cordobadirecto.com\/index.php\/wp-json\/wp\/v2\/comments?post=149483"}],"version-history":[{"count":0,"href":"http:\/\/cordobadirecto.com\/index.php\/wp-json\/wp\/v2\/posts\/149483\/revisions"}],"wp:featuredmedia":[{"embeddable":true,"href":"http:\/\/cordobadirecto.com\/index.php\/wp-json\/wp\/v2\/media\/149484"}],"wp:attachment":[{"href":"http:\/\/cordobadirecto.com\/index.php\/wp-json\/wp\/v2\/media?parent=149483"}],"wp:term":[{"taxonomy":"category","embeddable":true,"href":"http:\/\/cordobadirecto.com\/index.php\/wp-json\/wp\/v2\/categories?post=149483"},{"taxonomy":"post_tag","embeddable":true,"href":"http:\/\/cordobadirecto.com\/index.php\/wp-json\/wp\/v2\/tags?post=149483"}],"curies":[{"name":"wp","href":"https:\/\/api.w.org\/{rel}","templated":true}]}}