{"id":149521,"date":"2024-04-28T19:57:47","date_gmt":"2024-04-28T19:57:47","guid":{"rendered":"https:\/\/www.ole.com.ar\/autos\/formula-1-f1-lando-norris-nariz-piloto-mclaren-miami-gp-gran-premio-unidos_0_r4B29SzRQd.html"},"modified":"2024-04-28T19:57:47","modified_gmt":"2024-04-28T19:57:47","slug":"el-piloto-de-formula-1-que-salio-de-fiesta-y-se-rompio-la-nariz-llega-al-gp-de-miami","status":"publish","type":"post","link":"http:\/\/cordobadirecto.com\/index.php\/2024\/04\/28\/el-piloto-de-formula-1-que-salio-de-fiesta-y-se-rompio-la-nariz-llega-al-gp-de-miami\/","title":{"rendered":"El piloto de F\u00f3rmula 1 que sali\u00f3 de fiesta y se rompi\u00f3 la nariz: \u00bfllega al GP de Miami?"},"content":{"rendered":"<p><time class=\"createDate\" datetime=\"2024-04-28T16:57:47-03:00\">28\/04\/2024 16:57hs.<\/time><\/p>\n<div id=\"storyBody\">\n<div class=\"custom-text \" readability=\"37.226069246436\">\n<p>Los pilotos de la <strong><a href=\"https:\/\/www.ole.com.ar\/tema\/formula-1.html\" title=\"F\u00f3rmula 1\" alt=\"F\u00f3rmula 1\" class=\"slug\">F\u00f3rmula 1<\/a><\/strong> tuvieron algunos d\u00edas libres, ya que el pr\u00f3ximo Gran Premio -el de Miami- ser\u00e1 dentro de una semana, y aprovecharon para descansar. Claro que cada uno tiene su propia manera de hacerlo, y una de las figuras m\u00e1s grandes de la M\u00e1xima eligi\u00f3 desconectarse<strong> y\u00e9ndose de fiesta a los Pa\u00edses Bajos<\/strong>. Lo que \u00e9l no imaginaba era que en esas mini vacaciones se dar\u00eda <strong>un golpazo tremendo en la nariz<\/strong> que podr\u00eda poner en duda su participaci\u00f3n en la pr\u00f3xima fecha.<\/p>\n<\/div>\n<div class=\"custom-text \" readability=\"40.357541899441\">\n<p><strong>Se trata de Lando Norris, piloto de McLaren<\/strong>,<strong> <\/strong>quien ten\u00eda razones de sobra para celebrar: en la \u00faltima carrera, el Gran Premio de China, ubic\u00f3 a su m\u00e1quina naranja en el segundo puesto (el ganador, como viene siendo costumbre, fue <a href=\"https:\/\/www.ole.com.ar\/tema\/max-verstappen.html\" title=\"Max Verstappen\" alt=\"Max Verstappen\" class=\"slug\">Max Verstappen<\/a>). Quiz\u00e1s haci\u00e9ndole honor a su auto, <strong>el brit\u00e1nico viaj\u00f3 a tierras naranjas para festejar el D\u00eda del Rey.<\/strong><\/p>\n<\/div>\n<div type=\"embed\" class=\"sc-3f46f5ae-0 djVTgz\">\n<div class=\"sc-3f46f5ae-1 fTjZec videoText\" id=\"contentTitleembed0OPPYsIK\" type=\"embed\"><svg fill=\"#ffffff\"><symbol id=\"play\" viewBox=\"0 0 512 512\"><path d=\"M512 256C512 397.4 397.4 512 256 512C114.6 512 0 397.4 0 256C0 114.6 114.6 0 256 0C397.4 0 512 114.6 512 256zM176 168V344C176 352.7 180.7 360.7 188.3 364.9C195.8 369.2 205.1 369 212.5 364.5L356.5 276.5C363.6 272.1 368 264.4 368 256C368 247.6 363.6 239.9 356.5 235.5L212.5 147.5C205.1 142.1 195.8 142.8 188.3 147.1C180.7 151.3 176 159.3 176 168V168z\" \/><\/symbol><use xlink:href=\"#play\" \/><\/svg><\/p>\n<div class=\"right\">\n<p>F\u00f3rmula 1<!-- --> &#8211;<!-- --> <span>28-4-2024<\/span><\/p>\n<h2 class=\"title-vid\">Lando Norris, piloto de F\u00f3rmula 1, de fiesta en Pa\u00edses Bajos <\/h2>\n<\/div>\n<\/div>\n<p><span class=\"back\" id=\"spanBackembed0OPPYsIK\"><\/span><\/div>\n<div class=\"custom-text \" readability=\"37\">\n<p>Una vez all\u00ed, el volante de McLaren fue captado bailando, cantando y saltando de un lado al otro al ritmo de la m\u00fasica electr\u00f3nica de Martin Garrix y dem\u00e1s DJs. Y no fue lo \u00fanico que se vio de \u00e9l: en las redes sociales se viraliz\u00f3 <strong>una foto de Lando con la nariz ensangrentada y un vendaje casero cubri\u00e9ndole la cara. <\/strong><\/p>\n<\/div>\n<div class=\"custom-text \" readability=\"38\">\n<p>Se desconoce la forma en la que se lastim\u00f3, si bien se sabe que fue en el marco de los festejos neerlandeses (en la foto, Norris est\u00e1 navegando en una de las barcazas en las que se lo vio bailando). \u00bfTendr\u00e1 problemas para llegar al Gran Premio de Miami? A\u00fan no hay certezas, aunque a priori hay algo positivo: <strong>el golpe no le caus\u00f3 una fractura.<\/strong><\/p>\n<\/div>\n<div class=\"sc-e7b891c4-0 jPbnQF\"><img alt=\"Lando Norris, con la nariz ensangrentada. (@Bohnes)\" src=\"http:\/\/cordobadirecto.com\/wp-content\/uploads\/2024\/04\/el-piloto-de-formula-1-que-salio-de-fiesta-y-se-rompio-la-nariz-llega-al-gp-de-miami.jpg\" width=\"720\" height=\"100\" decoding=\"async\" data-nimg=\"future\" loading=\"lazy\"><span class=\"epigraphe\">Lando Norris, con la nariz ensangrentada. (@Bohnes)<\/span><\/div>\n<p><h2><strong>C\u00f3mo se disputar\u00e1 el Gran Premio de Miami de la F\u00f3rmula 1<\/strong><\/h2>\n<\/p>\n<div class=\"custom-text \" readability=\"38\">\n<p>El pr\u00f3ximo fin de semana, la F\u00f3rmula 1 volver\u00e1 a Florida para disputar el GP de Miami (es una de las tres carreras que se llevan a cabo en los Estados Unidos) y contar\u00e1 con <strong>un evento Sprint<\/strong> -la carrera corta que se celebra un d\u00eda antes de la principal-. La acci\u00f3n en suelo yanqui comenzar\u00e1 <strong>el viernes 3 de mayo a las 13.30<\/strong> con el primer entrenamiento libre. Ese mismo d\u00eda, desde las 17.30, se celebrar\u00e1 la clasificaci\u00f3n del Sprint.<\/p>\n<\/div>\n<div class=\"custom-text \" readability=\"39\">\n<p>El s\u00e1bado habr\u00e1 dos eventazos: primero la carrera Sprint, desde las 13, y luego la clasificaci\u00f3n, desde las 16. <strong>El domingo a las 17, en tanto, se disputar\u00e1 la final de la F-1<\/strong>. Toda la acci\u00f3n podr\u00e1 sintonizarse por <strong>Fox Sports y Star +<\/strong>.<\/p>\n<\/div>\n<div class=\"sc-e7b891c4-0 jPbnQF\"><img alt=\"A ver si alguien puede cortar la hegemon\u00eda de Max Verstappen en Miami... (EFE)\" src=\"http:\/\/cordobadirecto.com\/wp-content\/uploads\/2024\/04\/el-piloto-de-formula-1-que-salio-de-fiesta-y-se-rompio-la-nariz-llega-al-gp-de-miami-1.jpg\" width=\"720\" height=\"100\" decoding=\"async\" data-nimg=\"future\" loading=\"lazy\"><span class=\"epigraphe\">A ver si alguien puede cortar la hegemon\u00eda de Max Verstappen en Miami&#8230; (EFE)<\/span><\/div>\n<div class=\"sc-a7166897-0 exHLBh\" readability=\"6\">\n<section readability=\"2\"><picture><img alt=\"TC en Toay: Werner le arrebat\u00f3 el triunfo a Ciantini en el final\" src=\"http:\/\/cordobadirecto.com\/wp-content\/uploads\/2024\/04\/el-piloto-de-formula-1-que-salio-de-fiesta-y-se-rompio-la-nariz-llega-al-gp-de-miami-2.jpg\" width=\"290\" height=\"290\" decoding=\"async\" data-nimg=\"future\" loading=\"lazy\"><\/picture>\n<p><span>Mir\u00e1 tambi\u00e9n<\/span><\/p>\n<hr>\n<h3>TC en Toay: Werner le arrebat\u00f3 el triunfo a Ciantini en el final<\/h3>\n<\/p>\n<\/section>\n<\/div>\n<div class=\"sc-a7166897-0 exHLBh\" readability=\"6\">\n<section readability=\"2\"><picture><img alt=\"Tabla de posiciones del TC: c\u00f3mo qued\u00f3 despu\u00e9s del triunfo de Werner\" src=\"http:\/\/cordobadirecto.com\/wp-content\/uploads\/2024\/04\/el-piloto-de-formula-1-que-salio-de-fiesta-y-se-rompio-la-nariz-llega-al-gp-de-miami-3.jpg\" width=\"290\" height=\"290\" decoding=\"async\" data-nimg=\"future\" loading=\"lazy\"><\/picture>\n<p><span>Mir\u00e1 tambi\u00e9n<\/span><\/p>\n<hr>\n<h3>Tabla de posiciones del TC: c\u00f3mo qued\u00f3 despu\u00e9s del triunfo de Werner<\/h3>\n<\/p>\n<\/section>\n<\/div>\n<div class=\"sc-a7166897-0 exHLBh\" readability=\"6\">\n<section readability=\"2\"><picture><img alt=\"Video ins\u00f3lito: tiraron un maniqu\u00ed en plena carrera de la IndyCar\" src=\"http:\/\/cordobadirecto.com\/wp-content\/uploads\/2024\/04\/el-piloto-de-formula-1-que-salio-de-fiesta-y-se-rompio-la-nariz-llega-al-gp-de-miami-4.jpg\" width=\"290\" height=\"290\" decoding=\"async\" data-nimg=\"future\" loading=\"lazy\"><\/picture>\n<p><span>Mir\u00e1 tambi\u00e9n<\/span><\/p>\n<hr>\n<h3>Video ins\u00f3lito: tiraron un maniqu\u00ed en plena carrera de la IndyCar<\/h3>\n<\/p>\n<\/section>\n<\/div>\n<div class=\"sc-a7166897-0 exHLBh\" readability=\"6.5\">\n<section readability=\"3\"><picture><img alt=\"Los 14 estadios de la Copa Am\u00e9rica 2024: capacidad, partidos y m\u00e1s\" src=\"http:\/\/cordobadirecto.com\/wp-content\/uploads\/2024\/04\/el-piloto-de-formula-1-que-salio-de-fiesta-y-se-rompio-la-nariz-llega-al-gp-de-miami-5.jpg\" width=\"290\" height=\"290\" decoding=\"async\" data-nimg=\"future\" loading=\"lazy\"><\/picture>\n<p><span>Mir\u00e1 tambi\u00e9n<\/span><\/p>\n<hr>\n<h3>Los 14 estadios de la Copa Am\u00e9rica 2024: capacidad, partidos y m\u00e1s<\/h3>\n<\/p>\n<\/section>\n<\/div>\n<\/div>\n","protected":false},"excerpt":{"rendered":"<p>28\/04\/2024 16:57hs. Los pilotos de la F\u00f3rmula 1 tuvieron algunos d\u00edas libres, ya que el pr\u00f3ximo Gran Premio -el de Miami- ser\u00e1 dentro de una semana, y aprovecharon para descansar. Claro que cada uno tiene su propia manera de hacerlo, y una de las figuras m\u00e1s grandes de la M\u00e1xima eligi\u00f3 desconectarse y\u00e9ndose de fiesta [&hellip;]<\/p>\n","protected":false},"author":1,"featured_media":149522,"comment_status":"closed","ping_status":"closed","sticky":false,"template":"","format":"standard","meta":[],"categories":[21],"tags":[],"_links":{"self":[{"href":"http:\/\/cordobadirecto.com\/index.php\/wp-json\/wp\/v2\/posts\/149521"}],"collection":[{"href":"http:\/\/cordobadirecto.com\/index.php\/wp-json\/wp\/v2\/posts"}],"about":[{"href":"http:\/\/cordobadirecto.com\/index.php\/wp-json\/wp\/v2\/types\/post"}],"author":[{"embeddable":true,"href":"http:\/\/cordobadirecto.com\/index.php\/wp-json\/wp\/v2\/users\/1"}],"replies":[{"embeddable":true,"href":"http:\/\/cordobadirecto.com\/index.php\/wp-json\/wp\/v2\/comments?post=149521"}],"version-history":[{"count":0,"href":"http:\/\/cordobadirecto.com\/index.php\/wp-json\/wp\/v2\/posts\/149521\/revisions"}],"wp:featuredmedia":[{"embeddable":true,"href":"http:\/\/cordobadirecto.com\/index.php\/wp-json\/wp\/v2\/media\/149522"}],"wp:attachment":[{"href":"http:\/\/cordobadirecto.com\/index.php\/wp-json\/wp\/v2\/media?parent=149521"}],"wp:term":[{"taxonomy":"category","embeddable":true,"href":"http:\/\/cordobadirecto.com\/index.php\/wp-json\/wp\/v2\/categories?post=149521"},{"taxonomy":"post_tag","embeddable":true,"href":"http:\/\/cordobadirecto.com\/index.php\/wp-json\/wp\/v2\/tags?post=149521"}],"curies":[{"name":"wp","href":"https:\/\/api.w.org\/{rel}","templated":true}]}}