{"id":149529,"date":"2024-04-28T21:49:51","date_gmt":"2024-04-28T21:49:51","guid":{"rendered":"https:\/\/cordoba.gob.ar\/?p=57290"},"modified":"2024-04-28T21:49:51","modified_gmt":"2024-04-28T21:49:51","slug":"en-el-dia-internacional-de-la-danza-el-elenco-municipal-danza-teatro-lo-celebra-bailando-con-plancton","status":"publish","type":"post","link":"http:\/\/cordobadirecto.com\/index.php\/2024\/04\/28\/en-el-dia-internacional-de-la-danza-el-elenco-municipal-danza-teatro-lo-celebra-bailando-con-plancton\/","title":{"rendered":"En el D\u00eda Internacional de la Danza, el Elenco Municipal Danza Teatro lo celebra bailando con Plancton"},"content":{"rendered":"<div><img src=\"http:\/\/cordobadirecto.com\/wp-content\/uploads\/2024\/04\/en-el-dia-internacional-de-la-danza-el-elenco-municipal-danza-teatro-lo-celebra-bailando-con-plancton.jpg\" class=\"ff-og-image-inserted\"><\/div>\n<ul>\n<li><strong>Ser\u00e1 ma\u00f1ana, a las 20:00 horas, en el Auditorio Per\u00f3n de la Ciudad de las Artes. Con entrada libre y gratuita.<\/strong><\/li>\n<li><strong>Con la direcci\u00f3n de Cristian Setien y la actuaci\u00f3n del Elenco Municipal de Danza Teatro.<\/strong><\/li>\n<\/ul>\n<hr>\n<p>Este lunes 29 de abril, el mundo conmemora el D\u00eda Internacional de la Danza y el Elenco Municipal de Danza Teatro, en conjunto con la Compa\u00f1\u00eda independiente Cortejo Escena, invitan hoy a la presentaci\u00f3n de \u201cPlancton\u201d y \u201cEl invernadero. Pieza Danzada.\u201d<\/p>\n<p>Ser\u00e1 ma\u00f1ana a las 20:00 horas en el Auditorio Per\u00f3n de la Ciudad de las Artes.<\/p>\n<p>Plancton es una obra de danza contempor\u00e1nea dirigida por Cristian Setien del Elenco Municipal de Danza Teatro y con la puesta en escena de los doce bailarines del elenco.<\/p>\n<p>La pieza como eje propulsor de la propuesta, como una fuerza que atraviesa lo grupal, los a\u00fana y hace viajar. Su columna vertebral en el trabajo corporal sobre el pulso musical como una informaci\u00f3n que comparte y los mueve a todos los bailarines precipita un cardumen que, a\u00fan en la pulsi\u00f3n colectiva, se alimenta y constituye de cada singularidad en movimiento.<\/p>\n<p>En tanto, la compa\u00f1\u00eda independiente de danza Cortejo Escena, presenta un espect\u00e1culo coreogr\u00e1fico que pone sobre el tapete la problem\u00e1tica del calentamiento global y el impacto brutal del efecto invernadero.<\/p>\n<p>La pieza, con coreograf\u00eda de Ezequiel Rodr\u00edguez, presenta a 3 int\u00e9rpretes en escena y cuenta con la versi\u00f3n coral de Frank Krawczyk sobre \u00abInvierno\u00bb de Antonio Vivaldi, una de las obras m\u00e1s significativas de la m\u00fasica barroca.<\/p>\n<p><strong>Sobre el Elenco de Danza Teatro<\/strong><\/p>\n<p>El elenco se cre\u00f3 en 2005, y desde entonces realiza funciones en la ciudad de C\u00f3rdoba. Trabaja para ampliar la difusi\u00f3n y recepci\u00f3n de las artes esc\u00e9nicas con espect\u00e1culos de calidad y gratuitos. Su repertorio abarca diferentes est\u00e9ticas, incluyendo espect\u00e1culos para infancias y adultos.<\/p>\n<p>En los \u00faltimos a\u00f1os, trabaj\u00f3 con diferentes artistas del medio local, produciendo obras muy diversas, reforzando el rasgo ecl\u00e9ctico y heterog\u00e9neo que caracteriza al cuerpo. En este mismo sentido es que el elenco se relaciona con el circuito independiente del teatro y la danza, participando en festivales, ciclos y encuentros local, nacional y regionales.<\/p>\n","protected":false},"excerpt":{"rendered":"<p>Ser\u00e1 ma\u00f1ana, a las 20:00 horas, en el Auditorio Per\u00f3n de la Ciudad de las Artes. Con entrada libre y gratuita. Con la direcci\u00f3n de Cristian Setien y la actuaci\u00f3n del Elenco Municipal de Danza Teatro. Este lunes 29 de abril, el mundo conmemora el D\u00eda Internacional de la Danza y el Elenco Municipal de [&hellip;]<\/p>\n","protected":false},"author":1,"featured_media":149530,"comment_status":"closed","ping_status":"closed","sticky":false,"template":"","format":"standard","meta":[],"categories":[44],"tags":[],"_links":{"self":[{"href":"http:\/\/cordobadirecto.com\/index.php\/wp-json\/wp\/v2\/posts\/149529"}],"collection":[{"href":"http:\/\/cordobadirecto.com\/index.php\/wp-json\/wp\/v2\/posts"}],"about":[{"href":"http:\/\/cordobadirecto.com\/index.php\/wp-json\/wp\/v2\/types\/post"}],"author":[{"embeddable":true,"href":"http:\/\/cordobadirecto.com\/index.php\/wp-json\/wp\/v2\/users\/1"}],"replies":[{"embeddable":true,"href":"http:\/\/cordobadirecto.com\/index.php\/wp-json\/wp\/v2\/comments?post=149529"}],"version-history":[{"count":0,"href":"http:\/\/cordobadirecto.com\/index.php\/wp-json\/wp\/v2\/posts\/149529\/revisions"}],"wp:featuredmedia":[{"embeddable":true,"href":"http:\/\/cordobadirecto.com\/index.php\/wp-json\/wp\/v2\/media\/149530"}],"wp:attachment":[{"href":"http:\/\/cordobadirecto.com\/index.php\/wp-json\/wp\/v2\/media?parent=149529"}],"wp:term":[{"taxonomy":"category","embeddable":true,"href":"http:\/\/cordobadirecto.com\/index.php\/wp-json\/wp\/v2\/categories?post=149529"},{"taxonomy":"post_tag","embeddable":true,"href":"http:\/\/cordobadirecto.com\/index.php\/wp-json\/wp\/v2\/tags?post=149529"}],"curies":[{"name":"wp","href":"https:\/\/api.w.org\/{rel}","templated":true}]}}