{"id":149531,"date":"2024-04-28T18:00:11","date_gmt":"2024-04-28T18:00:11","guid":{"rendered":"https:\/\/cordoba.gob.ar\/?p=57309"},"modified":"2024-04-28T18:00:11","modified_gmt":"2024-04-28T18:00:11","slug":"se-lanzo-la-campana-hay-otro-modo-crecer-sin-violencia-es-posible","status":"publish","type":"post","link":"http:\/\/cordobadirecto.com\/index.php\/2024\/04\/28\/se-lanzo-la-campana-hay-otro-modo-crecer-sin-violencia-es-posible\/","title":{"rendered":"Se lanz\u00f3 la campa\u00f1a \u201cHay otro modo. Crecer sin violencia es posible\u201d"},"content":{"rendered":"<div><img src=\"http:\/\/cordobadirecto.com\/wp-content\/uploads\/2024\/04\/se-lanzo-la-campana-hay-otro-modo-crecer-sin-violencia-es-posible.jpg\" class=\"ff-og-image-inserted\"><\/div>\n<ul>\n<li data-pm-slice=\"1 1 []\"><strong><strong>Fue formulada para repensar las pr\u00e1cticas heredadas de crianza que muchas veces reproducen violencias arraigadas.<\/strong><\/strong><br \/>\n<hr>\n<\/li>\n<\/ul>\n<p>A partir de la incorporaci\u00f3n de la Municipalidad de C\u00f3rdoba a MUNA y la articulaci\u00f3n con UNICEF, se dise\u00f1\u00f3 un plan de acci\u00f3n para contribuir a que ni\u00f1os, ni\u00f1as y adolescentes puedan desarrollarse y crecer en entorno libres de violencias.<\/p>\n<p>Por tal motivo, y en el marco del Sistema de Protecci\u00f3n y Promoci\u00f3n de Derechos, desde la Secretar\u00eda de Pol\u00edticas Sociales y Desarrollo Humano, la Subsecretar\u00eda de Familias y Desarrollo Comunitario, se plantearon actividades y metas a alcanzar a corto, mediano y largo plazo.<\/p>\n<p>En ese marco, el pasado 25 de abril, d\u00eda Internacional de la Lucha Contra el Maltrato Infantil, se lanz\u00f3 la campa\u00f1a de sensibilizaci\u00f3n y prevenci\u00f3n de acceso masivo e inclusivo \u201cHay otro modo. Crecer sin violencia es posible\u201d.<\/p>\n<p>Busca que los vecinos y vecinas puedan reflexionar sobre los diferentes estilos de crianza, y poder reflexionar sobre aquellas que muchas veces han naturalizado distintos tipos de violencia, invitando a descubrir otros modos de educar y relacionarse con ni\u00f1as, ni\u00f1os y adolescentes.<\/p>\n<p>Al respecto, Marysel Segovia, directora General de infancias y Adolescencias, manifest\u00f3: <em>\u201cEs parte de nuestra responsabilidad trabajar en la comunidad, en los territorios y en los distintos \u00e1mbitos, para que el maltrato en las infancias y la violencia se vaya acortando. Es responsabilidad del Estado, de la comunidad y la familias trabajar para que los ni\u00f1os puedan crecer felices, desarrollarse sin castigos f\u00edsicos ni de ning\u00fan tipo\u201d<\/em>.<\/p>\n<p>Durante la actividad, que se llev\u00f3 a cabo en la Plaza de la Intendencia y que continuar\u00e1 recorriendo diferentes puntos de la ciudad, particip\u00f3 un gran n\u00famero de vecinos a los que se les reparti\u00f3 folleter\u00eda informativa y educativa sobre la tem\u00e1tica del maltrato infantil y la importancia de la escucha y de los derechos del ni\u00f1o en cuanto a gozar de una crianza respetuosa.<\/p>\n<p>Adem\u00e1s, se coloc\u00f3 una instalaci\u00f3n que ser\u00e1 itinerante y se trasladar\u00e1 a lo largo del a\u00f1o por distintas instituciones p\u00fablicas de la ciudad de C\u00f3rdoba, promoviendo la reflexi\u00f3n en torno a la pregunta \u00bfQu\u00e9 tipos de tratos recibiste cuando eras chico\/a?.<\/p>\n<p>Para dar respuesta a este interrogante se colocaron seis cub\u00edculos de acr\u00edlico. En cada uno se hizo referencia a un tipo de maltrato y cada persona coloc\u00f3 una tapita pl\u00e1stica en el cub\u00edculo que represent\u00f3 aquellos malos tratos o violencias que vivi\u00f3 y atraves\u00f3 en su infancia.<\/p>\n<p>Todas las tapitas recolectadas, ser\u00e1n entregadas al COYS para su reciclado, promoviendo tambi\u00e9n el cuidado del ambiente.<\/p>\n<p><strong>Sobre el programa:<\/strong><\/p>\n<p>\u201cHay otro modo. Crecer sin violencia es posible\u201d cuenta con un dispositivo que invita a repensar las pr\u00e1cticas heredadas de crianza que muchas veces reproducen violencias arraigadas.<\/p>\n<p>Frecuentemente existen modos invisibilizados y\/o sub-reportados de maltrato, las cuales se manifiestan de distintas maneras, generando da\u00f1os f\u00edsicos y psicol\u00f3gicos que comprometen el desarrollo pleno e integral de las infancias.<\/p>\n<p>Uno de los derechos claves de ni\u00f1os y ni\u00f1as es el derecho a la protecci\u00f3n y el resguardo en su entorno seguro y libre de violencia que permita su sano crecimiento, cuando este no es garantizado hablamos de maltrato infantil. En ese sentido, la Municipalidad de C\u00f3rdoba considera esencial involucrarse colectivamente como agentes de cambio social.<\/p>\n<p>Es importante pensar las consecuencias de no tratar a tiempo el impacto psicol\u00f3gico que sufren las ni\u00f1as, ni\u00f1os y adolescentes, debido a los diferentes tipos de violencia, ya que existe la posibilidad de desencadenar actitudes negativas que puedan continuar de una generaci\u00f3n a otra.<\/p>\n<p><strong>Servicios de Protecci\u00f3n de Derechos<\/strong><\/p>\n<p>Seg\u00fan datos de UNICEF, en Argentina solo 3 de cada 10 hogares cr\u00edan a sus hijos sin ning\u00fan tipo de violencia. Sus encuestas revelaron que el 63% de los hogares utiliza agresi\u00f3n verbal hacia los ni\u00f1os, el 40% alg\u00fan tipo de castigo f\u00edsico y un 10% castigos f\u00edsicos severos. Estos datos resultan alarmantes ya que, a\u00f1o tras a\u00f1o, existe un aumento pronunciado de estas situaciones de maltrato.<\/p>\n<p>En ese contexto, la Subdirecci\u00f3n de Promoci\u00f3n de las Infancias llev\u00f3 a cabo Campa\u00f1as de Concientizaci\u00f3n y Sensibilizaciones, acompa\u00f1ado de Talleres de Buen Trato en espacios comunitarios, comedores, merenderos e instituciones de la Ciudad de C\u00f3rdoba, llegando a 400 referentes de las crianzas durante el 2023.<\/p>\n<p>Cabe recordar que, frente a las situaciones de amenaza o vulneraci\u00f3n de derechos de ni\u00f1as, ni\u00f1os y adolescentes, la Secretar\u00eda de Pol\u00edticas Sociales y Desarrollo Humano, cuenta con Servicios Municipales de Protecci\u00f3n de los Derechos en los distintos CPC de la ciudad.<\/p>\n<p>Estos espacios se encargan de la recepci\u00f3n de casos de posible vulneraci\u00f3n de derechos de ni\u00f1as, ni\u00f1os y adolescentes, por parte de familiares, vecinos, instituciones (escuelas, centros de salud, etc.), organizaciones comunitarias, entre otras.<\/p>\n<p>Cada situaci\u00f3n es abordada por equipos interdisciplinarios, quienes valoran incorporando la palabra de ni\u00f1as, ni\u00f1os y adolescentes, la de sus familias e instituciones y otros actores relevantes, con quienes se relaciona.<\/p>\n<p>As\u00ed mismo, y si la situaci\u00f3n lo requiere, se implementan medidas de protecci\u00f3n, se realizan acciones conjuntas con redes ampliadas en relaci\u00f3n a la protecci\u00f3n de derechos de ni\u00f1as, ni\u00f1os y adolescentes y se articula con instituciones del primer nivel de intervenci\u00f3n.<\/p>\n<p>En casos extremos, se remite a SeNaf a fin de que realicen las acciones que valore adecuadas desde su competencia.<\/p>\n","protected":false},"excerpt":{"rendered":"<p>Fue formulada para repensar las pr\u00e1cticas heredadas de crianza que muchas veces reproducen violencias arraigadas. A partir de la incorporaci\u00f3n de la Municipalidad de C\u00f3rdoba a MUNA y la articulaci\u00f3n con UNICEF, se dise\u00f1\u00f3 un plan de acci\u00f3n para contribuir a que ni\u00f1os, ni\u00f1as y adolescentes puedan desarrollarse y crecer en entorno libres de violencias. [&hellip;]<\/p>\n","protected":false},"author":1,"featured_media":149532,"comment_status":"closed","ping_status":"closed","sticky":false,"template":"","format":"standard","meta":[],"categories":[44],"tags":[],"_links":{"self":[{"href":"http:\/\/cordobadirecto.com\/index.php\/wp-json\/wp\/v2\/posts\/149531"}],"collection":[{"href":"http:\/\/cordobadirecto.com\/index.php\/wp-json\/wp\/v2\/posts"}],"about":[{"href":"http:\/\/cordobadirecto.com\/index.php\/wp-json\/wp\/v2\/types\/post"}],"author":[{"embeddable":true,"href":"http:\/\/cordobadirecto.com\/index.php\/wp-json\/wp\/v2\/users\/1"}],"replies":[{"embeddable":true,"href":"http:\/\/cordobadirecto.com\/index.php\/wp-json\/wp\/v2\/comments?post=149531"}],"version-history":[{"count":0,"href":"http:\/\/cordobadirecto.com\/index.php\/wp-json\/wp\/v2\/posts\/149531\/revisions"}],"wp:featuredmedia":[{"embeddable":true,"href":"http:\/\/cordobadirecto.com\/index.php\/wp-json\/wp\/v2\/media\/149532"}],"wp:attachment":[{"href":"http:\/\/cordobadirecto.com\/index.php\/wp-json\/wp\/v2\/media?parent=149531"}],"wp:term":[{"taxonomy":"category","embeddable":true,"href":"http:\/\/cordobadirecto.com\/index.php\/wp-json\/wp\/v2\/categories?post=149531"},{"taxonomy":"post_tag","embeddable":true,"href":"http:\/\/cordobadirecto.com\/index.php\/wp-json\/wp\/v2\/tags?post=149531"}],"curies":[{"name":"wp","href":"https:\/\/api.w.org\/{rel}","templated":true}]}}