{"id":149534,"date":"2024-04-26T19:58:04","date_gmt":"2024-04-26T19:58:04","guid":{"rendered":"https:\/\/es.digitaltrends.com\/?p=1025662"},"modified":"2024-04-26T19:58:04","modified_gmt":"2024-04-26T19:58:04","slug":"social-network-2-aaron-sorkin-esta-escribiendo-un-guion","status":"publish","type":"post","link":"http:\/\/cordobadirecto.com\/index.php\/2024\/04\/26\/social-network-2-aaron-sorkin-esta-escribiendo-un-guion\/","title":{"rendered":"Social Network 2: Aaron Sorkin est\u00e1 escribiendo un guion"},"content":{"rendered":"<p>El premiado guionista Aaron Sorkin, est\u00e1 manos a la obra con una secuela de Social Network, la pel\u00edcula protagonizada por Jesse Eisenberg y que relata el nacimiento de la red social <a href=\"https:\/\/es.digitaltrends.com\/sociales\/facebook-como-crear-varios-perfiles\/\"><strong>Facebook<\/strong><\/a>.<\/p>\n<p id=\"mntl-sc-block_5-0\" class=\"comp mntl-sc-block mntl-sc-block-html\">La noticia, y algunos detalles de la premisa del proyecto, se produjeron cuando se le pregunt\u00f3 a Sorkin sobre el papel que Facebook y otras empresas de redes sociales deber\u00edan desempe\u00f1ar en la moderaci\u00f3n de los medios y la democracia en el \u00faltimo episodio&nbsp;<a href=\"https:\/\/podcasts.apple.com\/us\/podcast\/aaron-sorkin-live-from-d-c\/id1612131897?i=1000653648026\" target=\"_blank\" rel=\"nofollow noopener\" data-component=\"link\" data-source=\"inlineLink\" data-type=\"externalLink\" data-ordinal=\"1\">del podcast&nbsp;<em>The Town&nbsp;<\/em>de Matthew Belloni<\/a>.<\/p>\n<figure id=\"attachment_874403\" aria-describedby=\"caption-attachment-874403\" class=\"wp-caption alignnone\"><img src=\"http:\/\/cordobadirecto.com\/wp-content\/uploads\/2024\/04\/social-network-2-aaron-sorkin-esta-escribiendo-un-guion.gif\" data-dt-lazy-src=\"https:\/\/es.digitaltrends.com\/wp-content\/uploads\/2021\/10\/zuckerberg-the-social-network.jpg?fit=720%2C405&amp;p=1\" onerror=\"dti_load_error(this)\" fetchpriority=\"high\" decoding=\"async\" class=\" size-large wp-image-874403 h-lightbox is-zoomable dt-lazy-load dt-lazy-pending\" alt=\"Social Network\"><figcaption id=\"caption-attachment-874403\" class=\"wp-caption-text\"><span class=\"credit\">Digital Trends Espa\u00f1ol<\/span><\/figcaption><\/figure>\n<p id=\"mntl-sc-block_7-0\" class=\"comp mntl-sc-block mntl-sc-block-html\">\u00abEscribir\u00e9 sobre esto\u00bb, respondi\u00f3 Sorkin. \u00abCulpo a Facebook por el 6 de enero\u00bb.<\/p>\n<p id=\"mntl-sc-block_9-0\" class=\"comp mntl-sc-block mntl-sc-block-html\"><span>Entonces, \u00bfc\u00f3mo abordar\u00e1 exactamente la cr\u00f3nica del impactante d\u00eda en que los partidarios de Donald Trump irrumpieron en el Capitolio de Estados Unidos? \u00abVas a tener que comprar una entrada de cine\u00bb, dijo Sorkin.<\/span><\/p>\n<p id=\"mntl-sc-block_12-0\" class=\"comp mntl-sc-block mntl-sc-block-html\">\u00abFacebook ha estado, entre otras cosas, ajustando su algoritmo para promover el material m\u00e1s divisivo posible porque eso es lo que aumentar\u00e1 la participaci\u00f3n\u00bb, dijo Sorkin. \u00abEso es lo que te llevar\u00e1 a lo que llaman dentro de los pasillos de Facebook \u2018el pergamino infinito&#8217;\u00bb.<\/p>\n<h4 class=\"b-editors-recs-title h-editors-recs-title\"> Recomendaciones del editor<\/h4>\n<p> <span id=\"publisher-md\" itemprop=\"publisher\" itemscope itemtype=\"https:\/\/schema.org\/Organization\"> <span itemprop=\"url\" itemtype=\"https:\/\/schema.org\/Url\" content=\"https:\/\/es.digitaltrends.com\"> <span itemprop=\"logo\" itemscope itemtype=\"https:\/\/schema.org\/ImageObject\"> <meta itemprop=\"url\" content=\"https:\/\/cdn.dtcn.com\/dt\/dt-logo-small.png\"> <meta itemprop=\"width\" content=\"0\"> <meta itemprop=\"height\" content=\"0\"> <\/span> <meta itemprop=\"name\" content=\"Digital Trends Espa\u00f1ol\"> <\/span> <span itemprop=\"image\" itemscope itemtype=\"https:\/\/schema.org\/ImageObject\"> <meta itemprop=\"url\" content=\"https:\/\/es.digitaltrends.com\/wp-content\/uploads\/2021\/10\/the-social-network.jpg?p=1\"> <\/span> <\/span> <\/p>\n","protected":false},"excerpt":{"rendered":"<p>El premiado guionista Aaron Sorkin, est\u00e1 manos a la obra con una secuela de Social Network, la pel\u00edcula protagonizada por Jesse Eisenberg y que relata el nacimiento de la red social Facebook. La noticia, y algunos detalles de la premisa del proyecto, se produjeron cuando se le pregunt\u00f3 a Sorkin sobre el papel que Facebook [&hellip;]<\/p>\n","protected":false},"author":1,"featured_media":149535,"comment_status":"closed","ping_status":"closed","sticky":false,"template":"","format":"standard","meta":[],"categories":[18],"tags":[],"_links":{"self":[{"href":"http:\/\/cordobadirecto.com\/index.php\/wp-json\/wp\/v2\/posts\/149534"}],"collection":[{"href":"http:\/\/cordobadirecto.com\/index.php\/wp-json\/wp\/v2\/posts"}],"about":[{"href":"http:\/\/cordobadirecto.com\/index.php\/wp-json\/wp\/v2\/types\/post"}],"author":[{"embeddable":true,"href":"http:\/\/cordobadirecto.com\/index.php\/wp-json\/wp\/v2\/users\/1"}],"replies":[{"embeddable":true,"href":"http:\/\/cordobadirecto.com\/index.php\/wp-json\/wp\/v2\/comments?post=149534"}],"version-history":[{"count":0,"href":"http:\/\/cordobadirecto.com\/index.php\/wp-json\/wp\/v2\/posts\/149534\/revisions"}],"wp:featuredmedia":[{"embeddable":true,"href":"http:\/\/cordobadirecto.com\/index.php\/wp-json\/wp\/v2\/media\/149535"}],"wp:attachment":[{"href":"http:\/\/cordobadirecto.com\/index.php\/wp-json\/wp\/v2\/media?parent=149534"}],"wp:term":[{"taxonomy":"category","embeddable":true,"href":"http:\/\/cordobadirecto.com\/index.php\/wp-json\/wp\/v2\/categories?post=149534"},{"taxonomy":"post_tag","embeddable":true,"href":"http:\/\/cordobadirecto.com\/index.php\/wp-json\/wp\/v2\/tags?post=149534"}],"curies":[{"name":"wp","href":"https:\/\/api.w.org\/{rel}","templated":true}]}}