{"id":149545,"date":"2024-04-29T17:36:37","date_gmt":"2024-04-29T17:36:37","guid":{"rendered":"https:\/\/www.bbc.com\/mundo\/articles\/c8vzrdn5rnvo#0"},"modified":"2024-04-29T17:36:37","modified_gmt":"2024-04-29T17:36:37","slug":"asesinato-de-3-carabineros-en-chile-el-nivel-de-violencia-y-de-brutalidad-de-este-homicidio-es-totalmente-inedito-y-peligroso-algo-que-no-habiamos-visto-en-el-pais","status":"publish","type":"post","link":"http:\/\/cordobadirecto.com\/index.php\/2024\/04\/29\/asesinato-de-3-carabineros-en-chile-el-nivel-de-violencia-y-de-brutalidad-de-este-homicidio-es-totalmente-inedito-y-peligroso-algo-que-no-habiamos-visto-en-el-pais\/","title":{"rendered":"Asesinato de 3 carabineros en Chile: &#8220;El nivel de violencia y de brutalidad de este homicidio es totalmente in\u00e9dito y peligroso, algo que no hab\u00edamos visto en el pa\u00eds&#8221;"},"content":{"rendered":"<figure class=\"bbc-1qn0xuy\" readability=\"1.5\">\n<div class=\"bbc-j1srjl\" readability=\"8\"><picture><img loading=\"lazy\" src=\"http:\/\/cordobadirecto.com\/wp-content\/uploads\/2024\/04\/asesinato-de-3-carabineros-en-chile-el-nivel-de-violencia-y-de-brutalidad-de-este-homicidio-es-totalmente-inedito-y-peligroso-algo-que-no-habiamos-visto-en-el-pais.jpg\" srcset=\"http:\/\/cordobadirecto.com\/wp-content\/uploads\/2024\/04\/asesinato-de-3-carabineros-en-chile-el-nivel-de-violencia-y-de-brutalidad-de-este-homicidio-es-totalmente-inedito-y-peligroso-algo-que-no-habiamos-visto-en-el-pais-6.jpg 240w, http:\/\/cordobadirecto.com\/wp-content\/uploads\/2024\/04\/asesinato-de-3-carabineros-en-chile-el-nivel-de-violencia-y-de-brutalidad-de-este-homicidio-es-totalmente-inedito-y-peligroso-algo-que-no-habiamos-visto-en-el-pais-7.jpg 320w, http:\/\/cordobadirecto.com\/wp-content\/uploads\/2024\/04\/asesinato-de-3-carabineros-en-chile-el-nivel-de-violencia-y-de-brutalidad-de-este-homicidio-es-totalmente-inedito-y-peligroso-algo-que-no-habiamos-visto-en-el-pais-8.jpg 480w, http:\/\/cordobadirecto.com\/wp-content\/uploads\/2024\/04\/asesinato-de-3-carabineros-en-chile-el-nivel-de-violencia-y-de-brutalidad-de-este-homicidio-es-totalmente-inedito-y-peligroso-algo-que-no-habiamos-visto-en-el-pais-9.jpg 624w, http:\/\/cordobadirecto.com\/wp-content\/uploads\/2024\/04\/asesinato-de-3-carabineros-en-chile-el-nivel-de-violencia-y-de-brutalidad-de-este-homicidio-es-totalmente-inedito-y-peligroso-algo-que-no-habiamos-visto-en-el-pais-10.jpg 800w\" sizes=\"(min-width: 1008px) 760px, 100vw\" alt=\"Camioneta calcinada de los carabineros\" width=\"1500\" height=\"843\" class=\"bbc-139onq\"><\/picture>\n<p class=\"bbc-by8ykd\" role=\"text\"><span class=\"bbc-m04vo2\">Fuente de la imagen, <\/span><span lang=\"en-GB\">Reuters<\/span><\/p>\n<\/div><figcaption dir=\"ltr\" class=\"bbc-1jsyunq e6i104o0\"><span role=\"text\"><span class=\"bbc-m04vo2\">Pie de foto, <\/span><span data-testid=\"caption-paragraph\">En la madrugada del s\u00e1bado, tres carabineros fueron asesinados en la provincia de Arauco, en el centro sur de Chile. En la foto, la camioneta donde se encontraron los cuerpos calcinados. <\/span><\/span><\/figcaption><\/figure>\n<section role=\"region\" aria-labelledby=\"article-byline\" class=\"bbc-1vjaf6b\"><strong id=\"article-byline\" aria-hidden=\"true\" class=\"bbc-m04vo2\">Article information<\/strong><\/p>\n<ul role=\"list\" class=\"bbc-1rvtlej\">\n<li><span role=\"text\"><span class=\"bbc-m04vo2\">Author, <\/span><span class=\"bbc-1ypcc2\">Fernanda Pa\u00fal<\/span><\/span><\/li>\n<li><span role=\"text\"><span class=\"bbc-m04vo2\">Role, <!-- --> <\/span><span class=\"bbc-1y5sx98\">BBC News Mundo<\/span><\/span><\/li>\n<li class=\"bbc-v8pmqw\">\n<p><time datetime=\"2024-04-29\" class=\"bbc-1dafq0j e1mklfmt0\">6 horas<\/time><\/p>\n<\/li>\n<\/ul>\n<\/section>\n<div dir=\"ltr\" class=\"bbc-19j92fr ebmt73l0\" readability=\"7\">\n<p dir=\"ltr\" class=\"bbc-hhl7in e17g058b0\"><b>El asesinato de tres carabineros en Chile ha causado una profunda conmoci\u00f3n en ese pa\u00eds. <\/b><\/p>\n<\/div>\n<div dir=\"ltr\" class=\"bbc-19j92fr ebmt73l0\" readability=\"14\">\n<p dir=\"ltr\" class=\"bbc-hhl7in e17g058b0\">El crimen -que ocurri\u00f3 en la madrugada del s\u00e1bado 27 de abril en la localidad de Ca\u00f1ete, en la regi\u00f3n del Biob\u00edo- fue calificado como un <b>&#8220;cobarde atentado&#8221; <\/b>por el presidente chileno, <b>Gabriel Boric<\/b>, quien, adem\u00e1s, declar\u00f3 duelo nacional durante 3 d\u00edas. <\/p>\n<\/div>\n<div dir=\"ltr\" class=\"bbc-19j92fr ebmt73l0\" readability=\"9\">\n<p dir=\"ltr\" class=\"bbc-hhl7in e17g058b0\">De acuerdo con la informaci\u00f3n oficial, un grupo armado habr\u00eda disparado contra la patrulla policial en la que se encontraban los tres funcionarios caus\u00e1ndoles la muerte.<\/p>\n<\/div>\n<div dir=\"ltr\" class=\"bbc-19j92fr ebmt73l0\" readability=\"7\">\n<p dir=\"ltr\" class=\"bbc-hhl7in e17g058b0\">Tambi\u00e9n le prendieron fuego al auto policial con los agentes en su interior.<\/p>\n<\/div>\n<div dir=\"ltr\" class=\"bbc-19j92fr ebmt73l0\" readability=\"13\">\n<p dir=\"ltr\" class=\"bbc-hhl7in e17g058b0\">La emboscada tuvo lugar en la llamada macrozona sur de Chile, una regi\u00f3n en estado de excepci\u00f3n desde 2022 cuya poblaci\u00f3n ha vivido en los \u00faltimos a\u00f1os atentados incendiarios contra iglesias, quema de viviendas, ataques armados contra conductores en caminos rurales y la muerte tanto de mapuches como de agricultores y carabineros.<\/p>\n<\/div>\n<div dir=\"ltr\" class=\"bbc-19j92fr ebmt73l0\" readability=\"9\">\n<p dir=\"ltr\" class=\"bbc-hhl7in e17g058b0\">Hasta el momento, <b>no se sabe qui\u00e9nes est\u00e1n detr\u00e1s del homicidio de los tres carabineros<\/b>. Nadie ha reivindicado el atentado ni las autoridades han apuntado a posibles responsables.<\/p>\n<\/div>\n<div dir=\"ltr\" class=\"bbc-19j92fr ebmt73l0\" readability=\"9\">\n<p dir=\"ltr\" class=\"bbc-hhl7in e17g058b0\">Las v\u00edctimas fueron identificadas como el sargento Carlos Cisterna Navarro y los cabos Sergio Ar\u00e9valo Lobos y Misael Vidal Cid, todos con una larga trayectoria de servicio.<\/p>\n<\/div>\n<div dir=\"ltr\" class=\"bbc-19j92fr ebmt73l0\" readability=\"10\">\n<p dir=\"ltr\" class=\"bbc-hhl7in e17g058b0\">En BBC Mundo conversamos sobre la dimensi\u00f3n de este ataque con Pablo Zeballos, que fue oficial de Carabineros por m\u00e1s de 20 a\u00f1os y actualmente es consultor en temas de seguridad y experto internacional en crimen organizado.<\/p>\n<\/div>\n<div dir=\"ltr\" class=\"bbc-19j92fr ebmt73l0\" readability=\"9\">\n<p dir=\"ltr\" class=\"bbc-hhl7in e17g058b0\">Para \u00e9l, este asesinato es un &#8220;punto de inflexi\u00f3n&#8221; respecto a los niveles de violencia que est\u00e1n ocurriendo en Chile. <\/p>\n<\/div>\n<figure class=\"bbc-1qn0xuy\" readability=\"1.5\">\n<div class=\"bbc-j1srjl\" readability=\"8\"><picture><img src=\"http:\/\/cordobadirecto.com\/wp-content\/uploads\/2024\/04\/asesinato-de-3-carabineros-en-chile-el-nivel-de-violencia-y-de-brutalidad-de-este-homicidio-es-totalmente-inedito-y-peligroso-algo-que-no-habiamos-visto-en-el-pais-1.jpg\" srcset=\"http:\/\/cordobadirecto.com\/wp-content\/uploads\/2024\/04\/asesinato-de-3-carabineros-en-chile-el-nivel-de-violencia-y-de-brutalidad-de-este-homicidio-es-totalmente-inedito-y-peligroso-algo-que-no-habiamos-visto-en-el-pais-11.jpg 240w, http:\/\/cordobadirecto.com\/wp-content\/uploads\/2024\/04\/asesinato-de-3-carabineros-en-chile-el-nivel-de-violencia-y-de-brutalidad-de-este-homicidio-es-totalmente-inedito-y-peligroso-algo-que-no-habiamos-visto-en-el-pais-12.jpg 320w, http:\/\/cordobadirecto.com\/wp-content\/uploads\/2024\/04\/asesinato-de-3-carabineros-en-chile-el-nivel-de-violencia-y-de-brutalidad-de-este-homicidio-es-totalmente-inedito-y-peligroso-algo-que-no-habiamos-visto-en-el-pais-13.jpg 480w, http:\/\/cordobadirecto.com\/wp-content\/uploads\/2024\/04\/asesinato-de-3-carabineros-en-chile-el-nivel-de-violencia-y-de-brutalidad-de-este-homicidio-es-totalmente-inedito-y-peligroso-algo-que-no-habiamos-visto-en-el-pais-14.jpg 624w, http:\/\/cordobadirecto.com\/wp-content\/uploads\/2024\/04\/asesinato-de-3-carabineros-en-chile-el-nivel-de-violencia-y-de-brutalidad-de-este-homicidio-es-totalmente-inedito-y-peligroso-algo-que-no-habiamos-visto-en-el-pais-15.jpg 800w\" sizes=\"(min-width: 1008px) 760px, 100vw\" alt=\"Pablo Zeballos\" loading=\"lazy\" width=\"960\" height=\"1280\" class=\"bbc-139onq\"><\/picture>\n<p class=\"bbc-by8ykd\" role=\"text\"><span class=\"bbc-m04vo2\">Fuente de la imagen, <\/span><span lang=\"en-GB\">Pablo Zeballos<\/span><\/p>\n<\/div><figcaption dir=\"ltr\" class=\"bbc-1jsyunq e6i104o0\"><span role=\"text\"><span class=\"bbc-m04vo2\">Pie de foto, <\/span><span data-testid=\"caption-paragraph\">Pablo Zeballos es exoficial de Carabineros. Ha investigado lo que ocurre en la macrozona sur de Chile y otros focos violentos del pa\u00eds.<\/span><\/span><\/figcaption><\/figure>\n<figure class=\"bbc-1qn0xuy\">\n<div class=\"bbc-j1srjl\"><picture><img src=\"http:\/\/cordobadirecto.com\/wp-content\/uploads\/2024\/04\/asesinato-de-3-carabineros-en-chile-el-nivel-de-violencia-y-de-brutalidad-de-este-homicidio-es-totalmente-inedito-y-peligroso-algo-que-no-habiamos-visto-en-el-pais.png\" srcset=\"http:\/\/cordobadirecto.com\/wp-content\/uploads\/2024\/04\/asesinato-de-3-carabineros-en-chile-el-nivel-de-violencia-y-de-brutalidad-de-este-homicidio-es-totalmente-inedito-y-peligroso-algo-que-no-habiamos-visto-en-el-pais-1.png 240w, http:\/\/cordobadirecto.com\/wp-content\/uploads\/2024\/04\/asesinato-de-3-carabineros-en-chile-el-nivel-de-violencia-y-de-brutalidad-de-este-homicidio-es-totalmente-inedito-y-peligroso-algo-que-no-habiamos-visto-en-el-pais-2.png 320w, http:\/\/cordobadirecto.com\/wp-content\/uploads\/2024\/04\/asesinato-de-3-carabineros-en-chile-el-nivel-de-violencia-y-de-brutalidad-de-este-homicidio-es-totalmente-inedito-y-peligroso-algo-que-no-habiamos-visto-en-el-pais-3.png 480w, http:\/\/cordobadirecto.com\/wp-content\/uploads\/2024\/04\/asesinato-de-3-carabineros-en-chile-el-nivel-de-violencia-y-de-brutalidad-de-este-homicidio-es-totalmente-inedito-y-peligroso-algo-que-no-habiamos-visto-en-el-pais-4.png 624w, http:\/\/cordobadirecto.com\/wp-content\/uploads\/2024\/04\/asesinato-de-3-carabineros-en-chile-el-nivel-de-violencia-y-de-brutalidad-de-este-homicidio-es-totalmente-inedito-y-peligroso-algo-que-no-habiamos-visto-en-el-pais-5.png 800w\" sizes=\"(min-width: 1008px) 760px, 100vw\" alt=\"linea gris\" loading=\"lazy\" width=\"800\" height=\"100\" class=\"bbc-139onq\"><\/picture><\/div>\n<\/figure>\n<div dir=\"ltr\" class=\"bbc-19j92fr ebmt73l0\" readability=\"8\">\n<p dir=\"ltr\" class=\"bbc-hhl7in e17g058b0\"><b>Tres carabineros fueron brutalmente asesinados en la madrugada del s\u00e1bado en la regi\u00f3n del Biob\u00edo. \u00bfC\u00f3mo impacta este crimen en Chile?<\/b><\/p>\n<\/div>\n<div dir=\"ltr\" class=\"bbc-19j92fr ebmt73l0\" readability=\"15\">\n<p dir=\"ltr\" class=\"bbc-hhl7in e17g058b0\">Este triple homicidio, del que todav\u00eda no existe certeza sobre c\u00f3mo sucedi\u00f3 realmente, ha impactado profundamente en Chile. Un evento de esta naturaleza, con este nivel de violencia, de brutalidad, es totalmente in\u00e9dito y peligroso, algo que no hab\u00edamos visto en el pa\u00eds.<\/p>\n<\/div>\n<div dir=\"ltr\" class=\"bbc-19j92fr ebmt73l0\" readability=\"12\">\n<p dir=\"ltr\" class=\"bbc-hhl7in e17g058b0\">Es un acontecimiento feroz que, hasta el momento, no ha tenido ning\u00fan tipo de reivindicaci\u00f3n y, por lo tanto, abre espacio a la especulaci\u00f3n.<\/p>\n<\/div>\n<div dir=\"ltr\" class=\"bbc-19j92fr ebmt73l0\" readability=\"12\">\n<p dir=\"ltr\" class=\"bbc-hhl7in e17g058b0\">Impacta no s\u00f3lo por las caracter\u00edsticas del crimen, y la forma en que fueron hallados los cuerpos de los carabineros, sino tambi\u00e9n porque es parte de una seguidilla de otros asesinatos a polic\u00edas que han venido ocurriendo en el pa\u00eds en un contexto muy complejo de reconfiguraci\u00f3n del crimen organizado.<\/p>\n<\/div>\n<div dir=\"ltr\" class=\"bbc-19j92fr ebmt73l0\" readability=\"11\">\n<p dir=\"ltr\" class=\"bbc-hhl7in e17g058b0\">A mi juicio, este hecho es definitivamente un punto de inflexi\u00f3n en Chile respecto a los niveles de violencia, a c\u00f3mo las autoridades est\u00e1n viendo los cambios criminales en el pa\u00eds y c\u00f3mo la sociedad responde a ellos.<\/p>\n<\/div>\n<figure class=\"bbc-1qn0xuy\">\n<div class=\"bbc-j1srjl\"><picture><img src=\"http:\/\/cordobadirecto.com\/wp-content\/uploads\/2024\/04\/asesinato-de-3-carabineros-en-chile-el-nivel-de-violencia-y-de-brutalidad-de-este-homicidio-es-totalmente-inedito-y-peligroso-algo-que-no-habiamos-visto-en-el-pais-2.jpg\" srcset=\"http:\/\/cordobadirecto.com\/wp-content\/uploads\/2024\/04\/asesinato-de-3-carabineros-en-chile-el-nivel-de-violencia-y-de-brutalidad-de-este-homicidio-es-totalmente-inedito-y-peligroso-algo-que-no-habiamos-visto-en-el-pais-16.jpg 240w, http:\/\/cordobadirecto.com\/wp-content\/uploads\/2024\/04\/asesinato-de-3-carabineros-en-chile-el-nivel-de-violencia-y-de-brutalidad-de-este-homicidio-es-totalmente-inedito-y-peligroso-algo-que-no-habiamos-visto-en-el-pais-17.jpg 320w, http:\/\/cordobadirecto.com\/wp-content\/uploads\/2024\/04\/asesinato-de-3-carabineros-en-chile-el-nivel-de-violencia-y-de-brutalidad-de-este-homicidio-es-totalmente-inedito-y-peligroso-algo-que-no-habiamos-visto-en-el-pais-18.jpg 480w, http:\/\/cordobadirecto.com\/wp-content\/uploads\/2024\/04\/asesinato-de-3-carabineros-en-chile-el-nivel-de-violencia-y-de-brutalidad-de-este-homicidio-es-totalmente-inedito-y-peligroso-algo-que-no-habiamos-visto-en-el-pais-19.jpg 624w, http:\/\/cordobadirecto.com\/wp-content\/uploads\/2024\/04\/asesinato-de-3-carabineros-en-chile-el-nivel-de-violencia-y-de-brutalidad-de-este-homicidio-es-totalmente-inedito-y-peligroso-algo-que-no-habiamos-visto-en-el-pais-20.jpg 800w\" sizes=\"(min-width: 1008px) 760px, 100vw\" alt=\"Una ni\u00f1a sujeta una bandera que dice &quot;No m\u00e1s carabineros muertos&quot;\" loading=\"lazy\" width=\"5472\" height=\"3648\" class=\"bbc-139onq\"><\/picture>\n<p class=\"bbc-by8ykd\" role=\"text\"><span class=\"bbc-m04vo2\">Fuente de la imagen, <\/span><span lang=\"en-GB\">EPA<\/span><\/p>\n<\/div>\n<\/figure>\n<div dir=\"ltr\" class=\"bbc-19j92fr ebmt73l0\">\n<p dir=\"ltr\" class=\"bbc-hhl7in e17g058b0\"><b>\u00bfPor qu\u00e9?<\/b><\/p>\n<\/div>\n<div dir=\"ltr\" class=\"bbc-19j92fr ebmt73l0\" readability=\"13\">\n<p dir=\"ltr\" class=\"bbc-hhl7in e17g058b0\">Primero, por el tipo de delito, algo que no se hab\u00eda observado en la historia reciente chilena. Hay un cambio absoluto, un desaf\u00edo a la autoridad. Es un punto de inflexi\u00f3n por la brutalidad del crimen, algo que no hab\u00edamos visto nunca antes.<\/p>\n<\/div>\n<div dir=\"ltr\" class=\"bbc-19j92fr ebmt73l0\" readability=\"8\">\n<p dir=\"ltr\" class=\"bbc-hhl7in e17g058b0\">Por otra parte, uno ve c\u00f3mo la ciudadan\u00eda est\u00e1 diciendo &#8220;basta ya&#8221; a los niveles de violencia.<\/p>\n<\/div>\n<div dir=\"ltr\" class=\"bbc-19j92fr ebmt73l0\" readability=\"9\">\n<p dir=\"ltr\" class=\"bbc-hhl7in e17g058b0\">No podemos olvidar que este crimen se da en un contexto donde Chile est\u00e1 viviendo una constante pugna entre el Estado y los mensajes de intimidaci\u00f3n que est\u00e1n generando los delincuentes o el crimen organizado.<\/p>\n<\/div>\n<div dir=\"ltr\" class=\"bbc-19j92fr ebmt73l0\" readability=\"12\">\n<p dir=\"ltr\" class=\"bbc-hhl7in e17g058b0\"><b>La ministra del Interior, Carolina Toh\u00e1, ha dicho que a\u00fan no hay evidencia que permita afirmar categ\u00f3ricamente qu\u00e9 grupo est\u00e1 detr\u00e1s del delito. \u00bfNo es pronto para hablar de crimen organizado, entonces?<\/b><\/p>\n<\/div>\n<div dir=\"ltr\" class=\"bbc-19j92fr ebmt73l0\" readability=\"9\">\n<p dir=\"ltr\" class=\"bbc-hhl7in e17g058b0\">S\u00ed, lo que yo planteo es que puede haber estructuras con justificaciones ideol\u00f3gicas o pol\u00edticas donde sus formas de actuar pueden obedecer a l\u00f3gicas de crimen organizado. <\/p>\n<\/div>\n<div dir=\"ltr\" class=\"bbc-19j92fr ebmt73l0\" readability=\"12\">\n<p dir=\"ltr\" class=\"bbc-hhl7in e17g058b0\">Lo que vemos ac\u00e1 es un golpe al Estado de Chile, venga de quien venga. Pueden existir justificaciones ideol\u00f3gicas, pero estas pr\u00e1cticas de emboscar, atacar y asesinar uno las observa en organizaciones guerrilleras y del crimen organizado.<\/p>\n<\/div>\n<div dir=\"ltr\" class=\"bbc-19j92fr ebmt73l0\" readability=\"12\">\n<p dir=\"ltr\" class=\"bbc-hhl7in e17g058b0\">Entonces, m\u00e1s que la ideolog\u00eda que hay detr\u00e1s de esto, es el m\u00e9todo que est\u00e1 detr\u00e1s, de intimidaci\u00f3n y desaf\u00edo al estado, lo que hay que observar. <\/p>\n<\/div>\n<div dir=\"ltr\" class=\"bbc-19j92fr ebmt73l0\" readability=\"10\">\n<p dir=\"ltr\" class=\"bbc-hhl7in e17g058b0\"><b>\u00bfUsted lo ve, entonces, como una se\u00f1al de alerta respecto a c\u00f3mo operan grupos delictivos en Chile?<\/b><\/p>\n<\/div>\n<div dir=\"ltr\" class=\"bbc-19j92fr ebmt73l0\" readability=\"10\">\n<p dir=\"ltr\" class=\"bbc-hhl7in e17g058b0\">S\u00ed, creo que es una se\u00f1al de alerta. Hoy, en el caso de la criminalidad en Am\u00e9rica Latina sabemos que los grupos delincuenciales van marcando ciertos sellos para potenciar sus marcas.<\/p>\n<\/div>\n<div dir=\"ltr\" class=\"bbc-19j92fr ebmt73l0\" readability=\"7\">\n<p dir=\"ltr\" class=\"bbc-hhl7in e17g058b0\">Hay una lucha por el control territorial y la \u00fanica forma de ganar es imponi\u00e9ndose sobre el otro.<\/p>\n<\/div>\n<div dir=\"ltr\" class=\"bbc-19j92fr ebmt73l0\" readability=\"10\">\n<p dir=\"ltr\" class=\"bbc-hhl7in e17g058b0\">Este delito atroz involucra un cambio que tenemos que observar claramente. No es algo que deba pasar como un hecho puntual que sucedi\u00f3, sino como parte de una cadena de eventos que viene sucediendo en el pa\u00eds.<\/p>\n<\/div>\n<figure class=\"bbc-1qn0xuy\">\n<div class=\"bbc-j1srjl\"><picture><img src=\"http:\/\/cordobadirecto.com\/wp-content\/uploads\/2024\/04\/asesinato-de-3-carabineros-en-chile-el-nivel-de-violencia-y-de-brutalidad-de-este-homicidio-es-totalmente-inedito-y-peligroso-algo-que-no-habiamos-visto-en-el-pais-3.jpg\" srcset=\"http:\/\/cordobadirecto.com\/wp-content\/uploads\/2024\/04\/asesinato-de-3-carabineros-en-chile-el-nivel-de-violencia-y-de-brutalidad-de-este-homicidio-es-totalmente-inedito-y-peligroso-algo-que-no-habiamos-visto-en-el-pais-21.jpg 240w, http:\/\/cordobadirecto.com\/wp-content\/uploads\/2024\/04\/asesinato-de-3-carabineros-en-chile-el-nivel-de-violencia-y-de-brutalidad-de-este-homicidio-es-totalmente-inedito-y-peligroso-algo-que-no-habiamos-visto-en-el-pais-22.jpg 320w, http:\/\/cordobadirecto.com\/wp-content\/uploads\/2024\/04\/asesinato-de-3-carabineros-en-chile-el-nivel-de-violencia-y-de-brutalidad-de-este-homicidio-es-totalmente-inedito-y-peligroso-algo-que-no-habiamos-visto-en-el-pais-23.jpg 480w, http:\/\/cordobadirecto.com\/wp-content\/uploads\/2024\/04\/asesinato-de-3-carabineros-en-chile-el-nivel-de-violencia-y-de-brutalidad-de-este-homicidio-es-totalmente-inedito-y-peligroso-algo-que-no-habiamos-visto-en-el-pais-24.jpg 624w, http:\/\/cordobadirecto.com\/wp-content\/uploads\/2024\/04\/asesinato-de-3-carabineros-en-chile-el-nivel-de-violencia-y-de-brutalidad-de-este-homicidio-es-totalmente-inedito-y-peligroso-algo-que-no-habiamos-visto-en-el-pais-25.jpg 800w\" sizes=\"(min-width: 1008px) 760px, 100vw\" alt=\"Gabriel Boric\" loading=\"lazy\" width=\"5158\" height=\"2901\" class=\"bbc-139onq\"><\/picture>\n<p class=\"bbc-by8ykd\" role=\"text\"><span class=\"bbc-m04vo2\">Fuente de la imagen, <\/span><span lang=\"en-GB\">EPA<\/span><\/p>\n<\/div><figcaption dir=\"ltr\" class=\"bbc-1jsyunq e6i104o0\"><span role=\"text\"><span class=\"bbc-m04vo2\">Pie de foto, <\/span><span data-testid=\"caption-paragraph\">&#8220;Les aseguro a los chilenos y chilenas que no habr\u00e1 impunidad y que daremos con el paradero de los autores de este terrible crimen&#8221;, dijo el presidente Boric.<\/span><\/span><\/figcaption><\/figure>\n<div dir=\"ltr\" class=\"bbc-19j92fr ebmt73l0\" readability=\"7\">\n<p dir=\"ltr\" class=\"bbc-hhl7in e17g058b0\"><b>\u00bfA qu\u00e9 tipo de eventos se refiere?<\/b><\/p>\n<\/div>\n<div dir=\"ltr\" class=\"bbc-19j92fr ebmt73l0\">\n<p dir=\"ltr\" class=\"bbc-hhl7in e17g058b0\">Son varios fen\u00f3menos.<\/p>\n<\/div>\n<div dir=\"ltr\" class=\"bbc-19j92fr ebmt73l0\" readability=\"12\">\n<p dir=\"ltr\" class=\"bbc-hhl7in e17g058b0\">Uno es la transformaci\u00f3n de la tradicional delincuencia chilena. Ahora est\u00e1 actuando m\u00e1s en redes, est\u00e1 tendiendo a valorizar otro tipo de delitos que antes no eran conocidos en Chile como la extorsi\u00f3n, el narcotr\u00e1fico interno, etc.<\/p>\n<\/div>\n<div dir=\"ltr\" class=\"bbc-19j92fr ebmt73l0\" readability=\"14\">\n<p dir=\"ltr\" class=\"bbc-hhl7in e17g058b0\">Por otro lado, tenemos el ingreso de estructuras criminales extranjeras que vienen con experiencias y modos de operar diferentes, muy desafiantes de la autoridad y con mucho desprecio a la vida. Hay una resignificaci\u00f3n de lo que es la c\u00e1rcel, ya no como un lugar donde los delincuentes son recluidos, sino como un verdadero centro de control criminal.<\/p>\n<\/div>\n<div dir=\"ltr\" class=\"bbc-19j92fr ebmt73l0\" readability=\"11\">\n<p dir=\"ltr\" class=\"bbc-hhl7in e17g058b0\">En este caso, este triple homicidio nos habla de un m\u00e9todo absolutamente distinto, no observado, y que podr\u00eda tener como intenci\u00f3n marcar una diferencia.<\/p>\n<\/div>\n<div dir=\"ltr\" class=\"bbc-19j92fr ebmt73l0\" readability=\"13\">\n<p dir=\"ltr\" class=\"bbc-hhl7in e17g058b0\">Queda mucho trabajo por delante, mucha investigaci\u00f3n, pero lo que queda claro es que, despu\u00e9s de esto, el Estado chileno no puede seguir reaccionando de la forma como lo ven\u00eda haciendo respecto a las transformaciones criminales o de la violencia.<\/p>\n<\/div>\n<div dir=\"ltr\" class=\"bbc-19j92fr ebmt73l0\" readability=\"10\">\n<p dir=\"ltr\" class=\"bbc-hhl7in e17g058b0\"><b>Ca\u00f1ete, donde sucedi\u00f3 el homicidio de los carabineros, es parte de una zona en Chile que ha sido azotada por la violencia hace a\u00f1os. \u00bfC\u00f3mo describir\u00eda usted lo que pasa ah\u00ed?<\/b><\/p>\n<\/div>\n<div dir=\"ltr\" class=\"bbc-19j92fr ebmt73l0\" readability=\"7\">\n<p dir=\"ltr\" class=\"bbc-hhl7in e17g058b0\">Ca\u00f1ete es parte de la llamada &#8220;Macrozona Sur&#8221; de Chile que la componen m\u00e1s de dos regiones.<\/p>\n<\/div>\n<div dir=\"ltr\" class=\"bbc-19j92fr ebmt73l0\" readability=\"15\">\n<p dir=\"ltr\" class=\"bbc-hhl7in e17g058b0\">Lo que viene sucediendo ah\u00ed, a mi juicio, es la pugna entre organizaciones que est\u00e1n tratando de mantener presencia. Hemos observado que estas organizaciones, que tienen un origen en reivindicaciones de car\u00e1cter indigenista, en este caso mapuche, necesitan un financiamiento continuo y ese financiamiento viene de actividades criminales y delictivas.<\/p>\n<\/div>\n<div dir=\"ltr\" class=\"bbc-19j92fr ebmt73l0\" readability=\"12\">\n<p dir=\"ltr\" class=\"bbc-hhl7in e17g058b0\">Este no es un fen\u00f3menos nuevo. Es un fen\u00f3meno que hemos observado en varios pa\u00edses de la regi\u00f3n latinoamericana, donde estas organizaciones despu\u00e9s de un tiempo s\u00f3lo justifican ideol\u00f3gicamente sus acciones criminales, pero en la pr\u00e1ctica son m\u00e1s organizaciones criminales que de reivindicaci\u00f3n pol\u00edtica u ideol\u00f3gica\u2026<\/p>\n<\/div>\n<figure class=\"bbc-1qn0xuy\" readability=\"1.5\">\n<div class=\"bbc-j1srjl\" readability=\"8\"><picture><img src=\"http:\/\/cordobadirecto.com\/wp-content\/uploads\/2024\/04\/asesinato-de-3-carabineros-en-chile-el-nivel-de-violencia-y-de-brutalidad-de-este-homicidio-es-totalmente-inedito-y-peligroso-algo-que-no-habiamos-visto-en-el-pais-4.jpg\" srcset=\"http:\/\/cordobadirecto.com\/wp-content\/uploads\/2024\/04\/asesinato-de-3-carabineros-en-chile-el-nivel-de-violencia-y-de-brutalidad-de-este-homicidio-es-totalmente-inedito-y-peligroso-algo-que-no-habiamos-visto-en-el-pais-26.jpg 240w, http:\/\/cordobadirecto.com\/wp-content\/uploads\/2024\/04\/asesinato-de-3-carabineros-en-chile-el-nivel-de-violencia-y-de-brutalidad-de-este-homicidio-es-totalmente-inedito-y-peligroso-algo-que-no-habiamos-visto-en-el-pais-27.jpg 320w, http:\/\/cordobadirecto.com\/wp-content\/uploads\/2024\/04\/asesinato-de-3-carabineros-en-chile-el-nivel-de-violencia-y-de-brutalidad-de-este-homicidio-es-totalmente-inedito-y-peligroso-algo-que-no-habiamos-visto-en-el-pais-28.jpg 480w, http:\/\/cordobadirecto.com\/wp-content\/uploads\/2024\/04\/asesinato-de-3-carabineros-en-chile-el-nivel-de-violencia-y-de-brutalidad-de-este-homicidio-es-totalmente-inedito-y-peligroso-algo-que-no-habiamos-visto-en-el-pais-29.jpg 624w, http:\/\/cordobadirecto.com\/wp-content\/uploads\/2024\/04\/asesinato-de-3-carabineros-en-chile-el-nivel-de-violencia-y-de-brutalidad-de-este-homicidio-es-totalmente-inedito-y-peligroso-algo-que-no-habiamos-visto-en-el-pais-30.jpg 800w\" sizes=\"(min-width: 1008px) 760px, 100vw\" alt=\"Carabineros en el lugar del homicidio\" loading=\"lazy\" width=\"1024\" height=\"576\" class=\"bbc-139onq\"><\/picture>\n<p class=\"bbc-by8ykd\" role=\"text\"><span class=\"bbc-m04vo2\">Fuente de la imagen, <\/span><span lang=\"en-GB\">Getty Images<\/span><\/p>\n<\/div><figcaption dir=\"ltr\" class=\"bbc-1jsyunq e6i104o0\"><span role=\"text\"><span class=\"bbc-m04vo2\">Pie de foto, <\/span><span data-testid=\"caption-paragraph\">El homicidio de los tres carabineros ocurri\u00f3 en la localidad de Ca\u00f1ete, regi\u00f3n del Biob\u00edo.<\/span><\/span><\/figcaption><\/figure>\n<div dir=\"ltr\" class=\"bbc-19j92fr ebmt73l0\" readability=\"15\">\n<p dir=\"ltr\" class=\"bbc-hhl7in e17g058b0\">Es lo que ocurre con la disidencia de las FARC en el sur de Colombia, en el l\u00edmite con Ecuador, o con Sendero Rojo, el antiguo Sendero Luminoso de Per\u00fa\u2026 es decir, hay muchas organizaciones que ideol\u00f3gicamente han mutado y se han convertido en estructuras criminales, pero manteniendo esta fachada pol\u00edtica e ideol\u00f3gica que en realidad no existe.<\/p>\n<\/div>\n<div dir=\"ltr\" class=\"bbc-19j92fr ebmt73l0\" readability=\"7\">\n<p dir=\"ltr\" class=\"bbc-hhl7in e17g058b0\">Lo que tenemos que observar nosotros en Chile es si tenemos o no ese fen\u00f3meno con fuerza.<\/p>\n<\/div>\n<div dir=\"ltr\" class=\"bbc-19j92fr ebmt73l0\" readability=\"15\">\n<p dir=\"ltr\" class=\"bbc-hhl7in e17g058b0\">Personalmente creo que hay una mutaci\u00f3n tremendamente poderosa hacia la criminalidad por parte de algunas estructuras que han visto en el robo de madera, en el tr\u00e1fico de drogas y en el robo de otras sustancias, como salmones, pescados y mariscos del sur, una forma que no solo potencia sus actividades antiestatales, sino que impulsa sus actividades delictivas.<\/p>\n<\/div>\n<div dir=\"ltr\" class=\"bbc-19j92fr ebmt73l0\" readability=\"7\">\n<p dir=\"ltr\" class=\"bbc-hhl7in e17g058b0\">Se est\u00e1n transformando abiertamente en grupos cuyo primer objetivo es la criminalidad.<\/p>\n<\/div>\n<div dir=\"ltr\" class=\"bbc-19j92fr ebmt73l0\" readability=\"7\">\n<p dir=\"ltr\" class=\"bbc-hhl7in e17g058b0\"><b>Usted fue carabinero durante 20 a\u00f1os. \u00bfC\u00f3mo se vive este crimen dentro de la instituci\u00f3n?<\/b><\/p>\n<\/div>\n<div dir=\"ltr\" class=\"bbc-19j92fr ebmt73l0\" readability=\"12\">\n<p dir=\"ltr\" class=\"bbc-hhl7in e17g058b0\">Carabineros es una instituci\u00f3n tremendamente resiliente. Es un modelo de resiliencia quiz\u00e1s \u00fanico en el mundo. Ha vivido momentos muy complejos, problemas de liderazgo e incluso de deslegitimaci\u00f3n social, como en el estallido social de octubre de 2019, y aun as\u00ed sigue funcionando y operando.<\/p>\n<\/div>\n<div dir=\"ltr\" class=\"bbc-19j92fr ebmt73l0\" readability=\"8\">\n<p dir=\"ltr\" class=\"bbc-hhl7in e17g058b0\">Pero lo que uno puede observar es que estas cosas golpean muy fuertemente al alma institucional. Afecta y genera m\u00e1s contradicciones en las reglas del uso de la fuerza.<\/p>\n<\/div>\n<div dir=\"ltr\" class=\"bbc-19j92fr ebmt73l0\" readability=\"7\">\n<p dir=\"ltr\" class=\"bbc-hhl7in e17g058b0\">Uno tiene que entender que esto tambi\u00e9n desmotiva en la medida que no haya justicia.<\/p>\n<\/div>\n<div dir=\"ltr\" class=\"bbc-19j92fr ebmt73l0\" readability=\"10\">\n<p dir=\"ltr\" class=\"bbc-hhl7in e17g058b0\">Justicia en el sentido de que no solo se encuentre a los culpables, sino que el sistema de cumplimiento de la ley sea capaz de demostrar ante tribunales qui\u00e9nes fueron los culpables y que esos tribunales los juzguen como se debe.<\/p>\n<\/div>\n<div dir=\"ltr\" class=\"bbc-19j92fr ebmt73l0\" readability=\"11\">\n<p dir=\"ltr\" class=\"bbc-hhl7in e17g058b0\">Este es un hecho atroz, sin precedentes, y el Estado completo y la sociedad chilena son quienes deben responder. No solamente un grupo de abogados, fiscales o jueces.<\/p>\n<\/div>\n<div dir=\"ltr\" class=\"bbc-19j92fr ebmt73l0\" readability=\"8\">\n<p dir=\"ltr\" class=\"bbc-hhl7in e17g058b0\">Hay que evitar que esto se normalice porque el gran problema que tenemos en la regi\u00f3n latinoamericana es que eventos que aparentemente son disruptivos en poco tiempo comienzan a ser normalizados.<\/p>\n<\/div>\n<div dir=\"ltr\" class=\"bbc-19j92fr ebmt73l0\" readability=\"8\">\n<p dir=\"ltr\" class=\"bbc-hhl7in e17g058b0\">La gente ya no se sorprende de nada. Ese es un problema que yo he observado en casi toda la regi\u00f3n y que estamos empezando a observar en Chile.<\/p>\n<\/div>\n<div dir=\"ltr\" class=\"bbc-19j92fr ebmt73l0\" readability=\"9\">\n<p dir=\"ltr\" class=\"bbc-hhl7in e17g058b0\">Quiz\u00e1s dentro de esta tragedia, la luz de esperanza que uno observa es c\u00f3mo toda la sociedad en Chile reaccion\u00f3 ante este evento.<\/p>\n<\/div>\n<figure class=\"bbc-1qn0xuy\" readability=\"1.5\">\n<div class=\"bbc-j1srjl\" readability=\"8\"><picture><img src=\"http:\/\/cordobadirecto.com\/wp-content\/uploads\/2024\/04\/asesinato-de-3-carabineros-en-chile-el-nivel-de-violencia-y-de-brutalidad-de-este-homicidio-es-totalmente-inedito-y-peligroso-algo-que-no-habiamos-visto-en-el-pais-5.jpg\" srcset=\"http:\/\/cordobadirecto.com\/wp-content\/uploads\/2024\/04\/asesinato-de-3-carabineros-en-chile-el-nivel-de-violencia-y-de-brutalidad-de-este-homicidio-es-totalmente-inedito-y-peligroso-algo-que-no-habiamos-visto-en-el-pais-31.jpg 240w, http:\/\/cordobadirecto.com\/wp-content\/uploads\/2024\/04\/asesinato-de-3-carabineros-en-chile-el-nivel-de-violencia-y-de-brutalidad-de-este-homicidio-es-totalmente-inedito-y-peligroso-algo-que-no-habiamos-visto-en-el-pais-32.jpg 320w, http:\/\/cordobadirecto.com\/wp-content\/uploads\/2024\/04\/asesinato-de-3-carabineros-en-chile-el-nivel-de-violencia-y-de-brutalidad-de-este-homicidio-es-totalmente-inedito-y-peligroso-algo-que-no-habiamos-visto-en-el-pais-33.jpg 480w, http:\/\/cordobadirecto.com\/wp-content\/uploads\/2024\/04\/asesinato-de-3-carabineros-en-chile-el-nivel-de-violencia-y-de-brutalidad-de-este-homicidio-es-totalmente-inedito-y-peligroso-algo-que-no-habiamos-visto-en-el-pais-34.jpg 624w, http:\/\/cordobadirecto.com\/wp-content\/uploads\/2024\/04\/asesinato-de-3-carabineros-en-chile-el-nivel-de-violencia-y-de-brutalidad-de-este-homicidio-es-totalmente-inedito-y-peligroso-algo-que-no-habiamos-visto-en-el-pais-35.jpg 800w\" sizes=\"(min-width: 1008px) 760px, 100vw\" alt=\"Funeral de uno de los carabineros muertos\" loading=\"lazy\" width=\"4128\" height=\"2752\" class=\"bbc-139onq\"><\/picture>\n<p class=\"bbc-by8ykd\" role=\"text\"><span class=\"bbc-m04vo2\">Fuente de la imagen, <\/span><span lang=\"en-GB\">Carabineros de Chile<\/span><\/p>\n<\/div>\n<\/figure>\n<div dir=\"ltr\" class=\"bbc-19j92fr ebmt73l0\" readability=\"9\">\n<p dir=\"ltr\" class=\"bbc-hhl7in e17g058b0\"><b>Usted ha investigado sobre hechos delictivos en otros pa\u00edses de Am\u00e9rica Latina y el mundo. Este ataque, \u00bftiene similitudes con lo que sucede en otros pa\u00edses?<\/b><\/p>\n<\/div>\n<div dir=\"ltr\" class=\"bbc-19j92fr ebmt73l0\" readability=\"8\">\n<p dir=\"ltr\" class=\"bbc-hhl7in e17g058b0\">S\u00ed. Este fue un evento de violencia irracional donde se atac\u00f3 a la autoridad porque la autoridad representa al Estado.<\/p>\n<\/div>\n<div dir=\"ltr\" class=\"bbc-19j92fr ebmt73l0\" readability=\"11\">\n<p dir=\"ltr\" class=\"bbc-hhl7in e17g058b0\">Indudablemente esto es un sello de esta nueva ola de violencia que observamos en la regi\u00f3n de Latinoam\u00e9rica, propiciada por el crimen organizado, y que tiene que ver con c\u00f3mo yo demuestro mi capacidad operativa.<\/p>\n<\/div>\n<div dir=\"ltr\" class=\"bbc-19j92fr ebmt73l0\" readability=\"7\">\n<p dir=\"ltr\" class=\"bbc-hhl7in e17g058b0\">Es un fen\u00f3meno muy complejo.<\/p>\n<\/div>\n<div dir=\"ltr\" class=\"bbc-19j92fr ebmt73l0\" readability=\"8\">\n<p dir=\"ltr\" class=\"bbc-hhl7in e17g058b0\"><b>Y \u00bfcu\u00e1les son las medidas que se deben adoptar para evitar que sigan ocurriendo este tipo de cr\u00edmenes en Chile?<\/b><\/p>\n<\/div>\n<div dir=\"ltr\" class=\"bbc-19j92fr ebmt73l0\" readability=\"12\">\n<p dir=\"ltr\" class=\"bbc-hhl7in e17g058b0\">Lo m\u00e1s importante es que esto demuestra que se requiere mayor coordinaci\u00f3n entre todos los servicios del estado, se requiere una mayor capacidad de monitoreo, de colocar sensores en todos los activos policiales de tal manera que siempre sepamos d\u00f3nde se encuentran y en qu\u00e9 condici\u00f3n se encuentran.<\/p>\n<\/div>\n<div dir=\"ltr\" class=\"bbc-19j92fr ebmt73l0\" readability=\"10\">\n<p dir=\"ltr\" class=\"bbc-hhl7in e17g058b0\">Lleg\u00f3 el momento de propiciar una mayor interacci\u00f3n entre agencias del estado, tanto de las fuerzas armadas, como de polic\u00edas y otros servicios p\u00fablicos.<\/p>\n<\/div>\n<div dir=\"ltr\" class=\"bbc-19j92fr ebmt73l0\" readability=\"8\">\n<p dir=\"ltr\" class=\"bbc-hhl7in e17g058b0\"><b>Y \u00bfpor d\u00f3nde cree usted que pasa el desaf\u00edo que el gobierno de Gabriel Boric tiene ahora en seguridad?<\/b><\/p>\n<\/div>\n<div dir=\"ltr\" class=\"bbc-19j92fr ebmt73l0\" readability=\"8\">\n<p dir=\"ltr\" class=\"bbc-hhl7in e17g058b0\">El desaf\u00edo m\u00e1s importante del gobierno es evitar la contradicci\u00f3n entre lo que se dice y lo que se hace.<\/p>\n<\/div>\n<div dir=\"ltr\" class=\"bbc-19j92fr ebmt73l0\" readability=\"12\">\n<p dir=\"ltr\" class=\"bbc-hhl7in e17g058b0\">La sociedad chilena lleva bastante tiempo con pugnas m\u00e1s bien ideol\u00f3gicas de car\u00e1cter pol\u00edtico, recriminaciones entre unos sectores y otros, y la sociedad cada vez cree menos en la pol\u00edtica, piensa que todos son culpables.<\/p>\n<\/div>\n<div dir=\"ltr\" class=\"bbc-19j92fr ebmt73l0\" readability=\"9\">\n<p dir=\"ltr\" class=\"bbc-hhl7in e17g058b0\">Todas esas divisiones lo \u00fanico que han generado es una sociedad m\u00e1s bien confundida. Y lo que est\u00e1 claro es que las sociedades desinformadas y confundidas son el caldo de cultivo predilecto de las organizaciones criminales.<\/p>\n<\/div>\n<div dir=\"ltr\" class=\"bbc-19j92fr ebmt73l0\" readability=\"8\">\n<p dir=\"ltr\" class=\"bbc-hhl7in e17g058b0\">Estos dram\u00e1ticos eventos que hemos visto en el \u00faltimo tiempo son quiz\u00e1s las \u00faltimas alertas que nos indican que todav\u00eda hay tiempo de reaccionar.<\/p>\n<\/div>\n<div dir=\"ltr\" class=\"bbc-19j92fr ebmt73l0\" readability=\"8\">\n<p dir=\"ltr\" class=\"bbc-hhl7in e17g058b0\">Y si no reaccionamos, nos vamos a arrepentir de haber perdido el tiempo.<\/p>\n<\/div>\n<figure class=\"bbc-1qn0xuy\">\n<div class=\"bbc-j1srjl\"><picture><img src=\"http:\/\/cordobadirecto.com\/wp-content\/uploads\/2024\/04\/asesinato-de-3-carabineros-en-chile-el-nivel-de-violencia-y-de-brutalidad-de-este-homicidio-es-totalmente-inedito-y-peligroso-algo-que-no-habiamos-visto-en-el-pais.png\" srcset=\"http:\/\/cordobadirecto.com\/wp-content\/uploads\/2024\/04\/asesinato-de-3-carabineros-en-chile-el-nivel-de-violencia-y-de-brutalidad-de-este-homicidio-es-totalmente-inedito-y-peligroso-algo-que-no-habiamos-visto-en-el-pais-6.png 240w, http:\/\/cordobadirecto.com\/wp-content\/uploads\/2024\/04\/asesinato-de-3-carabineros-en-chile-el-nivel-de-violencia-y-de-brutalidad-de-este-homicidio-es-totalmente-inedito-y-peligroso-algo-que-no-habiamos-visto-en-el-pais-7.png 320w, http:\/\/cordobadirecto.com\/wp-content\/uploads\/2024\/04\/asesinato-de-3-carabineros-en-chile-el-nivel-de-violencia-y-de-brutalidad-de-este-homicidio-es-totalmente-inedito-y-peligroso-algo-que-no-habiamos-visto-en-el-pais-8.png 480w, http:\/\/cordobadirecto.com\/wp-content\/uploads\/2024\/04\/asesinato-de-3-carabineros-en-chile-el-nivel-de-violencia-y-de-brutalidad-de-este-homicidio-es-totalmente-inedito-y-peligroso-algo-que-no-habiamos-visto-en-el-pais-9.png 624w, http:\/\/cordobadirecto.com\/wp-content\/uploads\/2024\/04\/asesinato-de-3-carabineros-en-chile-el-nivel-de-violencia-y-de-brutalidad-de-este-homicidio-es-totalmente-inedito-y-peligroso-algo-que-no-habiamos-visto-en-el-pais-10.png 800w\" sizes=\"(min-width: 1008px) 760px, 100vw\" alt=\"linea gris\" loading=\"lazy\" width=\"800\" height=\"100\" class=\"bbc-139onq\"><\/picture><\/div>\n<\/figure>\n<div dir=\"ltr\" class=\"bbc-19j92fr ebmt73l0\" readability=\"5.7931034482759\">\n<p dir=\"ltr\" class=\"bbc-hhl7in e17g058b0\"><i class=\"bbc-h1y5j7 eih42320\">Haz <\/i><a href=\"https:\/\/www.bbc.com\/mundo\" class=\"focusIndicatorReducedWidth bbc-n8oauk e1p3sufg0\"><i class=\"bbc-h1y5j7 eih42320\">clic aqu\u00ed<\/i><\/a><i class=\"bbc-h1y5j7 eih42320\"> para leer m\u00e1s historias de BBC News Mundo.<\/i><\/p>\n<\/div>\n<div dir=\"ltr\" class=\"bbc-19j92fr ebmt73l0\" readability=\"8\">\n<p dir=\"ltr\" class=\"bbc-hhl7in e17g058b0\"><i class=\"bbc-h1y5j7 eih42320\">Y recuerda que puedes recibir notificaciones en nuestra app. Descarga la \u00faltima versi\u00f3n y act\u00edvalas<\/i>.<\/p>\n<\/div>\n","protected":false},"excerpt":{"rendered":"<p>Fuente de la imagen, Reuters Pie de foto, En la madrugada del s\u00e1bado, tres carabineros fueron asesinados en la provincia de Arauco, en el centro sur de Chile. En la foto, la camioneta donde se encontraron los cuerpos calcinados. Article information Author, Fernanda Pa\u00fal Role, BBC News Mundo 6 horas El asesinato de tres carabineros [&hellip;]<\/p>\n","protected":false},"author":1,"featured_media":149546,"comment_status":"closed","ping_status":"closed","sticky":false,"template":"","format":"standard","meta":[],"categories":[24],"tags":[],"_links":{"self":[{"href":"http:\/\/cordobadirecto.com\/index.php\/wp-json\/wp\/v2\/posts\/149545"}],"collection":[{"href":"http:\/\/cordobadirecto.com\/index.php\/wp-json\/wp\/v2\/posts"}],"about":[{"href":"http:\/\/cordobadirecto.com\/index.php\/wp-json\/wp\/v2\/types\/post"}],"author":[{"embeddable":true,"href":"http:\/\/cordobadirecto.com\/index.php\/wp-json\/wp\/v2\/users\/1"}],"replies":[{"embeddable":true,"href":"http:\/\/cordobadirecto.com\/index.php\/wp-json\/wp\/v2\/comments?post=149545"}],"version-history":[{"count":0,"href":"http:\/\/cordobadirecto.com\/index.php\/wp-json\/wp\/v2\/posts\/149545\/revisions"}],"wp:featuredmedia":[{"embeddable":true,"href":"http:\/\/cordobadirecto.com\/index.php\/wp-json\/wp\/v2\/media\/149546"}],"wp:attachment":[{"href":"http:\/\/cordobadirecto.com\/index.php\/wp-json\/wp\/v2\/media?parent=149545"}],"wp:term":[{"taxonomy":"category","embeddable":true,"href":"http:\/\/cordobadirecto.com\/index.php\/wp-json\/wp\/v2\/categories?post=149545"},{"taxonomy":"post_tag","embeddable":true,"href":"http:\/\/cordobadirecto.com\/index.php\/wp-json\/wp\/v2\/tags?post=149545"}],"curies":[{"name":"wp","href":"https:\/\/api.w.org\/{rel}","templated":true}]}}