{"id":149547,"date":"2024-04-29T20:40:54","date_gmt":"2024-04-29T20:40:54","guid":{"rendered":"https:\/\/www.ole.com.ar\/autos\/turismo-carretera-cambios-tabla-posiciones_0_4deFPYFh6R.html"},"modified":"2024-04-29T20:40:54","modified_gmt":"2024-04-29T20:40:54","slug":"por-que-hubo-cambios-en-la-tabla-de-posiciones-del-tc","status":"publish","type":"post","link":"http:\/\/cordobadirecto.com\/index.php\/2024\/04\/29\/por-que-hubo-cambios-en-la-tabla-de-posiciones-del-tc\/","title":{"rendered":"\u00bfPor qu\u00e9 hubo cambios en la tabla de posiciones del TC?"},"content":{"rendered":"<p><time class=\"createDate\" datetime=\"2024-04-29T17:40:54-03:00\">29\/04\/2024 17:40hs.<\/time><\/p>\n<div id=\"storyBody\">\n<div class=\"custom-text \" readability=\"34.545454545455\">\n<p>Pas\u00f3 un nuevo fin de semana de competencia en el <strong>Turismo Carretera<\/strong> con la cuarta fecha en Toay, en la que <strong><a href=\"https:\/\/www.ole.com.ar\/autos\/turismo-carretera-tc-toay-vivo-horario-ver-werner-ciantini-tv-online-series-carrera-final_0_8gLvPVAVFv.html\" target=\"_blank\" title=\"Mariano Werner festej\u00f3 el primer puesto \" alt=\"Mariano Werner festej\u00f3 el primer puesto \" rel=\"noopener\">Mariano Werner <\/a><\/strong><a href=\"https:\/\/www.ole.com.ar\/autos\/turismo-carretera-tc-toay-vivo-horario-ver-werner-ciantini-tv-online-series-carrera-final_0_8gLvPVAVFv.html\" target=\"_blank\" title=\"Mariano Werner festej\u00f3 el primer puesto \" alt=\"Mariano Werner festej\u00f3 el primer puesto \" rel=\"noopener\">festej\u00f3 el primer puesto <\/a>tanto del d\u00eda como de la tabla de posiciones. Las <strong>paradas a boxes <\/strong>obligatorias y los <strong>cambios de neum\u00e1ticos<\/strong> fueron factores que condicionaron a los pilotos. As\u00ed se pudo ver despu\u00e9s de la jornada, cuando se dieron a conocer las <strong>sanciones<\/strong>, que fueron muchas m\u00e1s de las esperadas.<\/p>\n<\/div>\n<div class=\"custom-text \" readability=\"37\">\n<p>Las penalizaciones y recargos de la carrera especial que registraron los Comisarios Deportivos fueron <strong>toques <\/strong>entre autos, <strong>el ingreso a boxes en vueltas incorrectas<\/strong>, <strong>excesos de velocidad<\/strong> en la calle, los <strong>cambios de neum\u00e1ticos<\/strong> e <strong>invasi\u00f3n <\/strong>de linea amarilla en la salida de la zona de detenci\u00f3n.<\/p>\n<\/div>\n<div class=\"sc-e7b891c4-0 jPbnQF\"><img alt=\"El auto de Werner en boxes (@actcargentina).\" src=\"http:\/\/cordobadirecto.com\/wp-content\/uploads\/2024\/04\/por-que-hubo-cambios-en-la-tabla-de-posiciones-del-tc.jpg\" width=\"720\" height=\"100\" decoding=\"async\" data-nimg=\"future\" loading=\"lazy\"><span class=\"epigraphe\">El auto de Werner en boxes (@actcargentina).<\/span><\/div>\n<div class=\"custom-text \" readability=\"44\">\n<p>Los corredores que recibieron sanciones tras la acci\u00f3n en La Pampa fueron Juan Cruz <strong>Benvenuti<\/strong>, Nicol\u00e1s <strong>Cotignola<\/strong>, Emiliano <strong>Spataro<\/strong>, Leandro <strong>Mulet<\/strong>, Augusto <strong>Carinelli<\/strong>, Christian <strong>Dose<\/strong>, Marcelo <strong>Agrelo<\/strong>, Sergio <strong>Alaux<\/strong>, Kevin <strong>Candela<\/strong>, Esteban <strong>Gini<\/strong>, Diego <strong>De Carlo <\/strong>y Valent\u00edn <strong>Aguirre<\/strong>.<\/p>\n<\/div>\n<div class=\"custom-text \" readability=\"40\">\n<p><strong>Estos son las razones por las que los pilotos fueron penalizados: <\/strong>Benvenuti por un toque al auto de Castellano y Cotignola al de Santero; Spataro, Mulet, Carinelli y Dose por ingresar en vuelta incorrecta; Agrelo, Alaux, Candela y Spataro por exceso de velocidad en la calle de boxes en el cambio de neum\u00e1ticos (recargo de cinco segundos); Gini, De Carlo y Aguirre por invasi\u00f3n de la linea amarilla en la salida de boxes (recargo de cinco segundos).<\/p>\n<\/div>\n<p><h2>La tabla de posiciones del TC con los cambios (el top 15)<\/h2>\n<\/p>\n<div class=\"custom-text \">\n<ol>\n<li>Mariano Werner 144,5 (un triunfo)<\/li>\n<li>Jos\u00e9 Manuel Urcera (un triunfo) 127,5<\/li>\n<li>Esteban Gini 111,5<\/li>\n<li>Diego Ciantini 108<\/li>\n<li>Elio Craparo 107,5<\/li>\n<li>Juli\u00e1n Santero (un triunfo) 106,5<\/li>\n<li>Lautaro de la Iglesia 106,5<\/li>\n<li>Mauricio Lambiris 106<\/li>\n<li>Agust\u00edn Mart\u00ednez 91,5<\/li>\n<li>Marcos Quijada 91<\/li>\n<li>Santiago \u00c1lvarez 87<\/li>\n<li>Marcos Landa 85,5<\/li>\n<li>Juan De Benedictis 77,5<\/li>\n<li>Juan Cruz Benvenuti 87<\/li>\n<li>Germ\u00e1n Todino 75<\/li>\n<\/ol>\n<\/div>\n<div class=\"sc-e7b891c4-0 jPbnQF\"><img alt=\"Werner y el primer triunfo del Mustang (@actcargentina).\" src=\"http:\/\/cordobadirecto.com\/wp-content\/uploads\/2024\/04\/por-que-hubo-cambios-en-la-tabla-de-posiciones-del-tc-1.jpg\" width=\"720\" height=\"100\" decoding=\"async\" data-nimg=\"future\" loading=\"lazy\"><span class=\"epigraphe\">Werner y el primer triunfo del Mustang (@actcargentina).<\/span><\/div>\n<div class=\"custom-text \" readability=\"39\">\n<p>M\u00e1s all\u00e1 de ser sancionado, <strong>Gini mantiene su tercer puesto <\/strong>con dos puntos menos; <strong>Lambiris pas\u00f3 del sexto lugar al octavo<\/strong> con media unidad menos; y <strong>Benvenuti baj\u00f3 del 11\u00b0 al 14\u00b0 <\/strong>puesto con una reducci\u00f3n de 10 puntos. Esto les permiti\u00f3 subir una posici\u00f3n a Santero, De La Iglesia, \u00c1lvarez, Landa y De Benedictis.<\/p>\n<\/div>\n<div class=\"custom-text \" readability=\"37\">\n<p>M\u00e1s all\u00e1 de que apenas transcurrieron cuatro jornadas de la temporada, las \u00faltimas cinco fechas tendr\u00e1n puntuaci\u00f3n especial porque corresponder\u00e1n a la <strong>Copa de Oro<\/strong>, esto significa que es muy importante para los pilotos <strong>terminar entre los 12 primeros en la 10\u00b0 fecha <\/strong>y ganar al menos una carrera para pelear por el t\u00edtulo.<\/p>\n<\/div>\n<p><h2>\u00bfCu\u00e1ndo es la pr\u00f3xima fecha del TC?<\/h2>\n<\/p>\n<div class=\"custom-text \" readability=\"34\">\n<p>La pr\u00f3xima fecha del TC se disputar\u00e1 el <strong>domingo 12 de mayo<\/strong> en el circuito internacional de <strong>Termas <\/strong>de R\u00edo Hondo, en Santiago del Estero.<\/p>\n<\/div>\n<div class=\"sc-e7b891c4-0 jPbnQF\"><img alt=\"Acci\u00f3n en Toay (@actcargentina).\" src=\"http:\/\/cordobadirecto.com\/wp-content\/uploads\/2024\/04\/por-que-hubo-cambios-en-la-tabla-de-posiciones-del-tc-2.jpg\" width=\"720\" height=\"100\" decoding=\"async\" data-nimg=\"future\" loading=\"lazy\"><span class=\"epigraphe\">Acci\u00f3n en Toay (@actcargentina).<\/span><\/div>\n<p><h2>Los ganadores de cada carrera del a\u00f1o en el Turismo Carretera<\/h2>\n<\/p>\n<div class=\"custom-text \">\n<ul>\n<li>El Calafate, fecha 1: Tob\u00edas Mart\u00ednez<\/li>\n<\/ul>\n<\/div>\n<div class=\"custom-text \">\n<ul>\n<li>Viedma, fecha 2: Juli\u00e1n Santero<\/li>\n<\/ul>\n<\/div>\n<div class=\"custom-text \">\n<ul>\n<li>Neuqu\u00e9n, fecha 3: Jos\u00e9 Manuel Urcera<\/li>\n<\/ul>\n<\/div>\n<div class=\"custom-text \">\n<ul>\n<li>Toay, fecha 4: Mariano Werner<\/li>\n<\/ul>\n<\/div>\n<div class=\"sc-a7166897-0 exHLBh\" readability=\"6\">\n<section readability=\"2\"><picture><img alt=\"TC en Toay: Werner le arrebat\u00f3 el triunfo a Ciantini en el final\" src=\"http:\/\/cordobadirecto.com\/wp-content\/uploads\/2024\/04\/por-que-hubo-cambios-en-la-tabla-de-posiciones-del-tc-3.jpg\" width=\"290\" height=\"290\" decoding=\"async\" data-nimg=\"future\" loading=\"lazy\"><\/picture>\n<p><span>Mir\u00e1 tambi\u00e9n<\/span><\/p>\n<hr>\n<h3>TC en Toay: Werner le arrebat\u00f3 el triunfo a Ciantini en el final<\/h3>\n<\/p>\n<\/section>\n<\/div>\n<div class=\"sc-a7166897-0 exHLBh\" readability=\"6\">\n<section readability=\"2\"><picture><img alt=\"Video: impactante accidente en el TC Pista\" src=\"http:\/\/cordobadirecto.com\/wp-content\/uploads\/2024\/04\/por-que-hubo-cambios-en-la-tabla-de-posiciones-del-tc-4.jpg\" width=\"290\" height=\"290\" decoding=\"async\" data-nimg=\"future\" loading=\"lazy\"><\/picture>\n<p><span>Mir\u00e1 tambi\u00e9n<\/span><\/p>\n<hr>\n<h3>Video: impactante accidente en el TC Pista<\/h3>\n<\/p>\n<\/section>\n<\/div>\n<div class=\"sc-a7166897-0 exHLBh\" readability=\"6\">\n<section readability=\"2\"><picture><img alt=\"Las bombas de la Formula 1: el piloto que cambia de equipo y \u00bfVerstappen a Mercedes?\" src=\"http:\/\/cordobadirecto.com\/wp-content\/uploads\/2024\/04\/por-que-hubo-cambios-en-la-tabla-de-posiciones-del-tc-5.jpg\" width=\"290\" height=\"290\" decoding=\"async\" data-nimg=\"future\" loading=\"lazy\"><\/picture>\n<p><span>Mir\u00e1 tambi\u00e9n<\/span><\/p>\n<hr>\n<h3>Las bombas de la Formula 1: el piloto que cambia de equipo y \u00bfVerstappen a Mercedes?<\/h3>\n<\/p>\n<\/section>\n<\/div>\n<div class=\"sc-a7166897-0 exHLBh\" readability=\"7.5\">\n<section readability=\"5\"><picture><img alt=\"Canapino en Barber: excelente largada, problemas en boxes, penalizaci\u00f3n y un 20\u00ba puesto final\" src=\"http:\/\/cordobadirecto.com\/wp-content\/uploads\/2024\/04\/por-que-hubo-cambios-en-la-tabla-de-posiciones-del-tc-6.jpg\" width=\"290\" height=\"290\" decoding=\"async\" data-nimg=\"future\" loading=\"lazy\"><\/picture>\n<p><span>Mir\u00e1 tambi\u00e9n<\/span><\/p>\n<hr>\n<h3>Canapino en Barber: excelente largada, problemas en boxes, penalizaci\u00f3n y un 20\u00ba puesto final<\/h3>\n<\/p>\n<\/section>\n<\/div>\n<\/div>\n","protected":false},"excerpt":{"rendered":"<p>29\/04\/2024 17:40hs. Pas\u00f3 un nuevo fin de semana de competencia en el Turismo Carretera con la cuarta fecha en Toay, en la que Mariano Werner festej\u00f3 el primer puesto tanto del d\u00eda como de la tabla de posiciones. Las paradas a boxes obligatorias y los cambios de neum\u00e1ticos fueron factores que condicionaron a los pilotos. [&hellip;]<\/p>\n","protected":false},"author":1,"featured_media":149548,"comment_status":"closed","ping_status":"closed","sticky":false,"template":"","format":"standard","meta":[],"categories":[21],"tags":[],"_links":{"self":[{"href":"http:\/\/cordobadirecto.com\/index.php\/wp-json\/wp\/v2\/posts\/149547"}],"collection":[{"href":"http:\/\/cordobadirecto.com\/index.php\/wp-json\/wp\/v2\/posts"}],"about":[{"href":"http:\/\/cordobadirecto.com\/index.php\/wp-json\/wp\/v2\/types\/post"}],"author":[{"embeddable":true,"href":"http:\/\/cordobadirecto.com\/index.php\/wp-json\/wp\/v2\/users\/1"}],"replies":[{"embeddable":true,"href":"http:\/\/cordobadirecto.com\/index.php\/wp-json\/wp\/v2\/comments?post=149547"}],"version-history":[{"count":0,"href":"http:\/\/cordobadirecto.com\/index.php\/wp-json\/wp\/v2\/posts\/149547\/revisions"}],"wp:featuredmedia":[{"embeddable":true,"href":"http:\/\/cordobadirecto.com\/index.php\/wp-json\/wp\/v2\/media\/149548"}],"wp:attachment":[{"href":"http:\/\/cordobadirecto.com\/index.php\/wp-json\/wp\/v2\/media?parent=149547"}],"wp:term":[{"taxonomy":"category","embeddable":true,"href":"http:\/\/cordobadirecto.com\/index.php\/wp-json\/wp\/v2\/categories?post=149547"},{"taxonomy":"post_tag","embeddable":true,"href":"http:\/\/cordobadirecto.com\/index.php\/wp-json\/wp\/v2\/tags?post=149547"}],"curies":[{"name":"wp","href":"https:\/\/api.w.org\/{rel}","templated":true}]}}