{"id":149549,"date":"2024-04-28T19:23:22","date_gmt":"2024-04-28T19:23:22","guid":{"rendered":"https:\/\/www.ole.com.ar\/autos\/video-maniqui-indy-car-barber_0_2kJiWJosLT.html"},"modified":"2024-04-28T19:23:22","modified_gmt":"2024-04-28T19:23:22","slug":"video-insolito-tiraron-un-maniqui-en-plena-carrera-de-la-indycar","status":"publish","type":"post","link":"http:\/\/cordobadirecto.com\/index.php\/2024\/04\/28\/video-insolito-tiraron-un-maniqui-en-plena-carrera-de-la-indycar\/","title":{"rendered":"Video ins\u00f3lito: tiraron un maniqu\u00ed en plena carrera de la IndyCar"},"content":{"rendered":"<div><img src=\"http:\/\/cordobadirecto.com\/wp-content\/uploads\/2024\/04\/video-insolito-tiraron-un-maniqui-en-plena-carrera-de-la-indycar.jpg\" class=\"ff-og-image-inserted\"><\/div>\n<div readability=\"39\">\n<p>El circuito de <strong>Barber<\/strong>, uno de los m\u00e1s interesantes para la conducci\u00f3n de los pilotos y para los espectadores que se colocan en las laderas de la cinta asf\u00e1ltica, alberg\u00f3 la cuarta fecha de la <strong>IndyCar<\/strong>. Y si bien parec\u00eda que el \u00fanico invitado fuera de la l\u00f3gica pod\u00eda ser la lluvia, que nunca termin\u00f3 de hacerse presente pese a algunas gotas, lo que nadie esperaba era ver <strong>un maniqu\u00ed caer de una estructura de hierro<\/strong> ubicada en el medio de la pista.<\/p>\n<\/div>\n<div readability=\"37\">\n<p>Y como varios pilotos se lo llevaron puesto y era un peligro para los conductores, a la organizaci\u00f3n no le qued\u00f3 m\u00e1s opci\u00f3n que poner una bandera amarilla, reducir la velocidad de la actividad y esperar a que se limpiara la zona. Esta situaci\u00f3n ocurri\u00f3 poco despu\u00e9s de la mitad de los 90 giros esperados.<\/p>\n<\/div>\n<div readability=\"37\">\n<p>Los pilotos, en ese entonces, aprovecharon para cuidar el combustible y la vida \u00fatil de los neum\u00e1ticos. Adem\u00e1s, otros hicieron una parada en los boxes para poder llegar con mayor margen al \u00faltimo stint.<\/p>\n<\/div>\n","protected":false},"excerpt":{"rendered":"<p>El circuito de Barber, uno de los m\u00e1s interesantes para la conducci\u00f3n de los pilotos y para los espectadores que se colocan en las laderas de la cinta asf\u00e1ltica, alberg\u00f3 la cuarta fecha de la IndyCar. Y si bien parec\u00eda que el \u00fanico invitado fuera de la l\u00f3gica pod\u00eda ser la lluvia, que nunca termin\u00f3 [&hellip;]<\/p>\n","protected":false},"author":1,"featured_media":149550,"comment_status":"closed","ping_status":"closed","sticky":false,"template":"","format":"standard","meta":[],"categories":[21],"tags":[],"_links":{"self":[{"href":"http:\/\/cordobadirecto.com\/index.php\/wp-json\/wp\/v2\/posts\/149549"}],"collection":[{"href":"http:\/\/cordobadirecto.com\/index.php\/wp-json\/wp\/v2\/posts"}],"about":[{"href":"http:\/\/cordobadirecto.com\/index.php\/wp-json\/wp\/v2\/types\/post"}],"author":[{"embeddable":true,"href":"http:\/\/cordobadirecto.com\/index.php\/wp-json\/wp\/v2\/users\/1"}],"replies":[{"embeddable":true,"href":"http:\/\/cordobadirecto.com\/index.php\/wp-json\/wp\/v2\/comments?post=149549"}],"version-history":[{"count":0,"href":"http:\/\/cordobadirecto.com\/index.php\/wp-json\/wp\/v2\/posts\/149549\/revisions"}],"wp:featuredmedia":[{"embeddable":true,"href":"http:\/\/cordobadirecto.com\/index.php\/wp-json\/wp\/v2\/media\/149550"}],"wp:attachment":[{"href":"http:\/\/cordobadirecto.com\/index.php\/wp-json\/wp\/v2\/media?parent=149549"}],"wp:term":[{"taxonomy":"category","embeddable":true,"href":"http:\/\/cordobadirecto.com\/index.php\/wp-json\/wp\/v2\/categories?post=149549"},{"taxonomy":"post_tag","embeddable":true,"href":"http:\/\/cordobadirecto.com\/index.php\/wp-json\/wp\/v2\/tags?post=149549"}],"curies":[{"name":"wp","href":"https:\/\/api.w.org\/{rel}","templated":true}]}}