{"id":149569,"date":"2024-04-30T05:10:34","date_gmt":"2024-04-30T05:10:34","guid":{"rendered":"https:\/\/puntoapunto.com.ar\/?p=360069"},"modified":"2024-04-30T05:10:34","modified_gmt":"2024-04-30T05:10:34","slug":"encuesta-cual-es-el-principal-gasto-de-los-argentinos-spoiler-alert-no-es-el-alquiler","status":"publish","type":"post","link":"http:\/\/cordobadirecto.com\/index.php\/2024\/04\/30\/encuesta-cual-es-el-principal-gasto-de-los-argentinos-spoiler-alert-no-es-el-alquiler\/","title":{"rendered":"Encuesta: \u00bfcu\u00e1l es el principal gasto de los argentinos? (spoiler alert: no es el alquiler)"},"content":{"rendered":"<div class=\"g g-36\">\n<div class=\"g-dyn a-29 c-1\"><a class=\"gofollow\" data-track=\"MjksMzYsMSw2MA==\" href=\"https:\/\/www.harmoniechateau.com.ar\/\" target=\"_blank\" rel=\"noopener\"><img src=\"http:\/\/cordobadirecto.com\/wp-content\/uploads\/2024\/04\/encuesta-cual-es-el-principal-gasto-de-los-argentinos-spoiler-alert-no-es-el-alquiler.jpg\" loading=\"lazy\"><\/a><\/div>\n<\/div>\n<p>&nbsp;\n<\/p>\n<p>En Argentina, la situaci\u00f3n econ\u00f3mica es m\u00e1s que complicada y as\u00ed lo muestra el \u00faltimo estudio de&nbsp;<a href=\"https:\/\/www.adecco.com.ar\/\" target=\"_blank\" rel=\"noopener\"> Adecco Argentina<\/a>. As\u00ed por ejemplo, se observ\u00f3 que <strong>el&nbsp;66% de los trabajadores destina la&nbsp;mayor parte de su salario a los gastos en el supermercado<\/strong>. Sin embargo, la diferencia entre los precios y el poder adquisitivo hace que se consuma menos.\n<\/p>\n<p>De acuerdo con el estudio,&nbsp;un&nbsp;<strong>65% asegur\u00f3 que&nbsp;consume menos que el a\u00f1o pasado<\/strong>, mientras que el&nbsp;&nbsp;25% dijo que se mantiene estable, y&nbsp;un 10% respondi\u00f3 que lo est\u00e1 aumentando.\n<\/p>\n<p>En cuanto al resto de los gastos,&nbsp;el&nbsp;<strong>25% se destina&nbsp;al alquiler y un 5% a gastos en remedios y temas relacionados a la salud.<\/strong>\n<\/p>\n<p>Acerca de las posibilidades de encontrar o cambiar de trabajo,&nbsp;m\u00e1s de la mitad (<strong>55%) consider\u00f3 que el&nbsp;mercado laboral&nbsp;est\u00e1 peor que en 2023<\/strong>.&nbsp;En un mismo sentido, un 57% destac\u00f3 que la remuneraci\u00f3n que recibe no est\u00e1 acorde con el trabajo que realiza,&nbsp;&nbsp;un 25% m\u00e1s o menos y solo el&nbsp;18% se siente bien remunerado<\/p>\n<p>\u201c<strong>El mercado laboral argentino experimenta un momento de grandes fluctuaciones que tienen directa relaci\u00f3n con los \u00edndices de inflaci\u00f3n y la dificultad que tienen algunos sectores para encontrar los perfiles que necesitan<\/strong>. Las consecuencias de todo esto impactan de lleno en las personas, en su estabilidad y estado de \u00e1nimo, que se refleja en quienes buscan empleo o quieren cambiar el que tienen\u201d, explic\u00f3 Carla Cantisani, Directora de Servicios, Calidad &amp; Transformaci\u00f3n de Adecco Argentina.\n<\/p>\n<p><strong>\u00bfEs dif\u00edcil conseguir trabajo en Argentina?<\/strong>\n<\/p>\n<p>Un <strong>79% coincide en que s\u00ed,<\/strong> en que no es una tarea sencilla <a href=\"https:\/\/puntoapunto.com.ar\/radiografia-del-empleo-en-argentina-puestos-mas-buscados-reactivacion-y-reforma-laboral\/\" target=\"_blank\" rel=\"noopener\">conseguir trabajo<\/a> en el pa\u00eds. En contraposici\u00f3n a ello, un 21% sostiene que no es tan complicado como algunos creen.\n<\/p>\n<p>M\u00e1s de la mitad sostuvo que no, ya que no est\u00e1n dadas las condiciones. Un 29% sostuvo que s\u00ed cuenta con posibilidades y un porcentaje bastante alto y llamativo (19%) desconoce esas posibilidades.\n<\/p>\n<p><strong>Estr\u00e9s laboral<\/strong>\n<\/p>\n<p>En momentos en que los temas de salud mental ocupan un lugar destacado dentro de la sociedad, un&nbsp;<strong>37% reconoci\u00f3 sentirse estresado frecuentemente<\/strong>, un 50% ocasionalmente y un 13% remarc\u00f3 que no se estresa pr\u00e1cticamente nunca.\n<\/p>\n<p>En una misma l\u00ednea, un&nbsp;<strong>54% dijo que los temas relacionados a la salud mental no son considerados en su lugar de trabajo.<\/strong>&nbsp;En contraposici\u00f3n a ello, un 23% sostuvo que s\u00ed y otro 23% que ocasionalmente.\n<\/p>\n<p><strong>\u00bfEs posible una semana laboral de 4 d\u00edas?<\/strong>\n<\/p>\n<p>Un&nbsp;<strong>55% remarc\u00f3 que es totalmente aplicable la semana laboral de 4 d\u00edas en Argentina<\/strong>, un 31% manifest\u00f3 que no y un 14% estim\u00f3 que solo la aplicar\u00edan con la posibilidad de reducir los salarios.\n<\/p>\n<p>Al respecto, un&nbsp;<strong>39% estar\u00eda dispuesto a trabajar 4 d\u00edas con la condici\u00f3n que se respete su salario actual<\/strong>. Un 48%, sin hacer foco en el sueldo, destac\u00f3 que le gustar\u00eda trabajar solo 4 d\u00edas por semana, y un 8% dijo que no. El 5% restante lo descart\u00f3, considerando que ello implicar\u00eda trabajar m\u00e1s horas durante los d\u00edas laborables.\n<\/p>\n<div class=\"g g-38\">\n<div class=\"g-dyn a-12 c-1\"><a class=\"gofollow\" data-track=\"MTIsMzgsMSw2MA==\" href=\"https:\/\/form.jotform.com\/240784464263663\" target=\"_blank\" rel=\"noopener\"><img src=\"http:\/\/cordobadirecto.com\/wp-content\/uploads\/2024\/04\/encuesta-cual-es-el-principal-gasto-de-los-argentinos-spoiler-alert-no-es-el-alquiler-1.jpg\" loading=\"lazy\"><\/a><\/div>\n<\/div>\n","protected":false},"excerpt":{"rendered":"<p>&nbsp; En Argentina, la situaci\u00f3n econ\u00f3mica es m\u00e1s que complicada y as\u00ed lo muestra el \u00faltimo estudio de&nbsp; Adecco Argentina. As\u00ed por ejemplo, se observ\u00f3 que el&nbsp;66% de los trabajadores destina la&nbsp;mayor parte de su salario a los gastos en el supermercado. Sin embargo, la diferencia entre los precios y el poder adquisitivo hace que [&hellip;]<\/p>\n","protected":false},"author":1,"featured_media":149570,"comment_status":"closed","ping_status":"closed","sticky":false,"template":"","format":"standard","meta":[],"categories":[25],"tags":[],"_links":{"self":[{"href":"http:\/\/cordobadirecto.com\/index.php\/wp-json\/wp\/v2\/posts\/149569"}],"collection":[{"href":"http:\/\/cordobadirecto.com\/index.php\/wp-json\/wp\/v2\/posts"}],"about":[{"href":"http:\/\/cordobadirecto.com\/index.php\/wp-json\/wp\/v2\/types\/post"}],"author":[{"embeddable":true,"href":"http:\/\/cordobadirecto.com\/index.php\/wp-json\/wp\/v2\/users\/1"}],"replies":[{"embeddable":true,"href":"http:\/\/cordobadirecto.com\/index.php\/wp-json\/wp\/v2\/comments?post=149569"}],"version-history":[{"count":0,"href":"http:\/\/cordobadirecto.com\/index.php\/wp-json\/wp\/v2\/posts\/149569\/revisions"}],"wp:featuredmedia":[{"embeddable":true,"href":"http:\/\/cordobadirecto.com\/index.php\/wp-json\/wp\/v2\/media\/149570"}],"wp:attachment":[{"href":"http:\/\/cordobadirecto.com\/index.php\/wp-json\/wp\/v2\/media?parent=149569"}],"wp:term":[{"taxonomy":"category","embeddable":true,"href":"http:\/\/cordobadirecto.com\/index.php\/wp-json\/wp\/v2\/categories?post=149569"},{"taxonomy":"post_tag","embeddable":true,"href":"http:\/\/cordobadirecto.com\/index.php\/wp-json\/wp\/v2\/tags?post=149569"}],"curies":[{"name":"wp","href":"https:\/\/api.w.org\/{rel}","templated":true}]}}