{"id":149572,"date":"2024-04-30T10:22:14","date_gmt":"2024-04-30T10:22:14","guid":{"rendered":"https:\/\/cordoba.gob.ar\/?p=57361"},"modified":"2024-04-30T10:22:14","modified_gmt":"2024-04-30T10:22:14","slug":"durante-todo-mayo-el-programa-salud-escolar-recorrera-diferentes-instituciones-de-la-ciudad","status":"publish","type":"post","link":"http:\/\/cordobadirecto.com\/index.php\/2024\/04\/30\/durante-todo-mayo-el-programa-salud-escolar-recorrera-diferentes-instituciones-de-la-ciudad\/","title":{"rendered":"Durante todo mayo, el programa Salud Escolar recorrer\u00e1 diferentes instituciones de la ciudad"},"content":{"rendered":"<div><img src=\"http:\/\/cordobadirecto.com\/wp-content\/uploads\/2024\/04\/durante-todo-mayo-el-programa-salud-escolar-recorrera-diferentes-instituciones-de-la-ciudad.jpg\" class=\"ff-og-image-inserted\"><\/div>\n<p>A trav\u00e9s de un trabajo conjunto entre las secretarias de Educaci\u00f3n y Salud municipales, el Programa Salud Escolar llegar\u00e1 a diversos puntos de la ciudad para prevenir problemas que afectan el rendimiento y la adecuada inserci\u00f3n de los ni\u00f1os y ni\u00f1as en las escuelas.<\/p>\n<p>Se atender\u00e1 a infantes de sala de 5 a\u00f1os y cuarto grado que concurren a las 38 escuelas municipales.<\/p>\n<p>Durante la consulta se les realizar\u00e1 una evaluaci\u00f3n nutricional, oftalmol\u00f3gica, control de inmunizaciones y examen cl\u00ednico pedi\u00e1trico.<\/p>\n<p>Adem\u00e1s, padres y docentes recibir\u00e1n asesoramiento y consejer\u00eda a trav\u00e9s de charlas y talleres sobre problem\u00e1ticas del \u00e1mbito de la pediatr\u00eda, que surjan en el desarrollo de la actividad escolar.<\/p>\n<p>En el mes de mayo, los profesionales estar\u00e1n visitando los siguientes establecimientos:<\/p>\n<ul class=\"ak-ul\">\n<li>30 de abril y 02 de mayo: escuela Pedro Carande Carro, ubicada en Enrique Mart\u00ednez Paz 98, de barrio Centro Am\u00e9rica.<\/li>\n<li>06 de mayo: escuela Donato Latella Fr\u00edas, D\u00edaz Velez 2500, de barrio Patricios<\/li>\n<li>07 de mayo: escuela Brigadier San Martin, Trenque Lauquen 3200 Esq. Patagones, barrio Jos\u00e9 Hern\u00e1ndez<\/li>\n<li>08 y 09 de mayo: escuela Horacio Garc\u00eda, Tabacu\u00e9 9150 esq. Cauque, barrio Villa Corn\u00fa<\/li>\n<li>13 y 14 de mayo: escuela Jorge Orgaz, ubicada en Laguna Larga (8900) Esq. Rinc\u00f3n de Luna B\u00b0 V. Rivera Indarte<\/li>\n<li>15 y 16 de mayo: escuela Santiago H. Del Castillo, que se ecuentra sobre la calle Octaviano Navarro N\u00b02577, de barrio Rosedal.<\/li>\n<li>20 y 21 de mayo: escuela Arturo Illia, ubicado sobre calle Martin de Maguna 2755, de barrio Jos\u00e9 Ignacio D\u00edaz III Secci\u00f3n.<\/li>\n<li>22 y 23 de mayo: escuela Amadeo Sabattini, con direcci\u00f3n en Diego de Pacheco 4980, de barrio Jos\u00e9 Ignacio D\u00edaz IV secci\u00f3n.<\/li>\n<li>27 y 28 de mayo: escuela Justo Paez Molina, ubicado sobre la calle Quebracho Herrado esquina Yav\u00ed, de barrio Las Palmas.<\/li>\n<li>29 y 30 de mayo: escuela Jos\u00e9 A. Ceballos, que se encuentra en Frank 5541 Esquina Vucetich, de barrio Ituzaing\u00f3 Anexo.<\/li>\n<\/ul>\n","protected":false},"excerpt":{"rendered":"<p>A trav\u00e9s de un trabajo conjunto entre las secretarias de Educaci\u00f3n y Salud municipales, el Programa Salud Escolar llegar\u00e1 a diversos puntos de la ciudad para prevenir problemas que afectan el rendimiento y la adecuada inserci\u00f3n de los ni\u00f1os y ni\u00f1as en las escuelas. Se atender\u00e1 a infantes de sala de 5 a\u00f1os y cuarto [&hellip;]<\/p>\n","protected":false},"author":1,"featured_media":149573,"comment_status":"closed","ping_status":"closed","sticky":false,"template":"","format":"standard","meta":[],"categories":[44],"tags":[],"_links":{"self":[{"href":"http:\/\/cordobadirecto.com\/index.php\/wp-json\/wp\/v2\/posts\/149572"}],"collection":[{"href":"http:\/\/cordobadirecto.com\/index.php\/wp-json\/wp\/v2\/posts"}],"about":[{"href":"http:\/\/cordobadirecto.com\/index.php\/wp-json\/wp\/v2\/types\/post"}],"author":[{"embeddable":true,"href":"http:\/\/cordobadirecto.com\/index.php\/wp-json\/wp\/v2\/users\/1"}],"replies":[{"embeddable":true,"href":"http:\/\/cordobadirecto.com\/index.php\/wp-json\/wp\/v2\/comments?post=149572"}],"version-history":[{"count":0,"href":"http:\/\/cordobadirecto.com\/index.php\/wp-json\/wp\/v2\/posts\/149572\/revisions"}],"wp:featuredmedia":[{"embeddable":true,"href":"http:\/\/cordobadirecto.com\/index.php\/wp-json\/wp\/v2\/media\/149573"}],"wp:attachment":[{"href":"http:\/\/cordobadirecto.com\/index.php\/wp-json\/wp\/v2\/media?parent=149572"}],"wp:term":[{"taxonomy":"category","embeddable":true,"href":"http:\/\/cordobadirecto.com\/index.php\/wp-json\/wp\/v2\/categories?post=149572"},{"taxonomy":"post_tag","embeddable":true,"href":"http:\/\/cordobadirecto.com\/index.php\/wp-json\/wp\/v2\/tags?post=149572"}],"curies":[{"name":"wp","href":"https:\/\/api.w.org\/{rel}","templated":true}]}}