{"id":149574,"date":"2024-04-29T21:41:30","date_gmt":"2024-04-29T21:41:30","guid":{"rendered":"https:\/\/cordoba.gob.ar\/?p=57377"},"modified":"2024-04-29T21:41:30","modified_gmt":"2024-04-29T21:41:30","slug":"passerini-en-rosario-queremos-buscar-soluciones-a-la-inequidad-del-financiamiento-nacional-en-el-transporte","status":"publish","type":"post","link":"http:\/\/cordobadirecto.com\/index.php\/2024\/04\/29\/passerini-en-rosario-queremos-buscar-soluciones-a-la-inequidad-del-financiamiento-nacional-en-el-transporte\/","title":{"rendered":"Passerini en Rosario: \u201cQueremos buscar soluciones a la inequidad del financiamiento nacional en el transporte\u201d"},"content":{"rendered":"<div><img src=\"http:\/\/cordobadirecto.com\/wp-content\/uploads\/2024\/04\/passerini-en-rosario-queremos-buscar-soluciones-a-la-inequidad-del-financiamiento-nacional-en-el-transporte.jpg\" class=\"ff-og-image-inserted\"><\/div>\n<ul>\n<li><strong>El Encuentro Federal de Ciudades Capitales y Alternas congreg\u00f3 a m\u00e1s de 20 intendentes del territorio argentino y cont\u00f3 con la presencia del gobernador de la provincia de Santa Fe, Maximiliano Pullaro.<\/strong><\/li>\n<li><strong><strong><em>\u201cSomos conscientes de la gravedad de la situaci\u00f3n que se vive en todo el pa\u00eds. Por eso venimos a construir soluciones para nuestra gente\u201d<\/em>, expres\u00f3 Passerini.<\/strong><\/strong><br \/>\n<hr>\n<\/li>\n<\/ul>\n<p>El intendente Daniel Passerini fue parte de la comitiva de ciudades capitales y alternas que integran la Red Federal de Intendentes, reunida junto al ministro del interior, Guillermo Francos, en la localidad de Rosario.<\/p>\n<p><em>\u201cHace un mes nos convocamos jefes y jefas comunales de todas las provincias y espectros pol\u00edticos para iniciar un camino, cuyo objetivo era tener esta reuni\u00f3n. Somos conscientes de la gravedad de la situaci\u00f3n que se vive en todo el pa\u00eds. Por eso venimos a construir soluciones para nuestra gente. Hoy tenemos la expectativa de comenzar a resolverlos\u201d<\/em>, explic\u00f3 el intendente de C\u00f3rdoba una vez concluido el evento.<\/p>\n<p>El Encuentro Federal de Ciudades Capitales y Alternas tuvo como ejes la discusi\u00f3n de problem\u00e1ticas comunes de los municipios m\u00e1s grandes del pa\u00eds: el transporte urbano y obras p\u00fablicas a cargo del Ejecutivo Nacional que se encuentran paralizadas.<\/p>\n<p>M\u00e1s de 20 intendentes de todo el pa\u00eds se reunieron en la localidad de Rosario, como s\u00edmbolo de respaldo de todas las ciudades de Argentina y la situaci\u00f3n social que se est\u00e1 atravesando. Cont\u00f3 tambi\u00e9n con la participaci\u00f3n del gobernador de la provincia de Santa Fe, Maximiliano Pullaro.<\/p>\n<p><em>\u201cSabemos que hay una decisi\u00f3n irrevocable: a pesar de su continuaci\u00f3n en CABA y AMBA, para el interior no habr\u00e1 m\u00e1s subsidios. Queremos discutir la problem\u00e1tica del transporte y buscar soluciones a la inequidad del financiamiento nacional, sin crear nuevos impuestos. En conjunto plantearemos un mecanismo a nivel legislativo para la adecuaci\u00f3n en la distribuci\u00f3n de un fondo que ya existe, que es la Ley de Combustibles\u201d<\/em>, fueron las palabras del intendente cordob\u00e9s.<\/p>\n<p>Adem\u00e1s, cada una de las ciudades del Encuentro Federal present\u00f3 un listado de las obras paralizadas que desarrollaba el Gobierno Nacional o ten\u00edan financiamiento internacional pasible de ejecuci\u00f3n.<\/p>\n<p><em>\u201cEsperamos que esta sea la primera de una serie de acciones. Aqu\u00ed lo que sobra es federalismo y representatividad, porque todos somos intendentes electos por nuestras ciudades y representamos a pr\u00e1cticamente todo el espectro pol\u00edtico. Ac\u00e1 hay diversidad de procedencias pero uniformidad de objetivos\u201d<\/em>, sentenci\u00f3 Passerini.<\/p>\n<p>A su tiempo, Francos resalt\u00f3: <em>\u201cNecesitamos una organizaci\u00f3n m\u00e1s eficiente para que cada uno de los municipios y cada una de las provincias puedan resolver sus problemas con autonom\u00eda\u201d<\/em>. El ministro del Interior estuvo acompa\u00f1ado por el secretario del Interior, Lisandro Catal\u00e1n; el secretario de Provincias y Municipios, Javier Milano; y el subsecretario de Relaciones con los Municipios, Carlos Marcelo D\u2019abate.<\/p>\n<p>La Red Federal de Intendentes, creada este a\u00f1o en pos de buscar soluciones colectivas a problem\u00e1ticas comunes de los municipios, expande por primera vez los t\u00f3picos de discusi\u00f3n. Hasta la fecha, buscaban en conjunto una resoluci\u00f3n a la inequidad de subsidios del transporte, y hoy abarcan la obra p\u00fablica, entre otras tem\u00e1ticas.<\/p>\n<p>Participaron las y los intendentes de C\u00f3rdoba, Daniel Passerini; Rosario, Pablo Javkin; Neuqu\u00e9n, Mariano Gaido; de Rawson, Dami\u00e1n Biss; de Santa Fe, Juan Pablo Poletti; de Mendoza, Ulpiano Su\u00e1rez; de Santa Rosa (La Pampa), Luciano Di N\u00e1poli; de Salta, Emiliano Durand; de Santiago del Estero, Norma Fuentes; de R\u00edo Gallegos, Pablo Grasso; de San Juan, Susana Laciar; de La Rioja, Armando Molina; de General Pueyrred\u00f3n, Guillermo Montenegro; de Paran\u00e1, Rosario Romero, y de Posadas, Leonardo Stelatto.<\/p>\n<p>Tambi\u00e9n asistieron representantes de las ciudades de San Salvador de Jujuy (Lisandro Aguiar, presidente del Concejo Deliberante); de Corrientes (Hugo Calvano y Guillermo Corrales, secretarios de Coordinaci\u00f3n de Gobierno y de Hacienda, respectivamente); de Formosa (Mauricio Nadalich, jefe de Gabinete); de San Fernando del Valle de Catamarca (Mariano Rosario, secretario de Gabinete y Modernizaci\u00f3n), y de Viedma (Juan Rosso, subsecretario de Gobierno y Juntas Vecinales).<\/p>\n<p>Concurrieron como invitados especiales los intendentes de Villa Gobernador G\u00e1lvez, Alberto Ricci, y de Villa Constituci\u00f3n, Jorge Berti<\/p>\n","protected":false},"excerpt":{"rendered":"<p>El Encuentro Federal de Ciudades Capitales y Alternas congreg\u00f3 a m\u00e1s de 20 intendentes del territorio argentino y cont\u00f3 con la presencia del gobernador de la provincia de Santa Fe, Maximiliano Pullaro. \u201cSomos conscientes de la gravedad de la situaci\u00f3n que se vive en todo el pa\u00eds. Por eso venimos a construir soluciones para nuestra [&hellip;]<\/p>\n","protected":false},"author":1,"featured_media":149575,"comment_status":"closed","ping_status":"closed","sticky":false,"template":"","format":"standard","meta":[],"categories":[44],"tags":[],"_links":{"self":[{"href":"http:\/\/cordobadirecto.com\/index.php\/wp-json\/wp\/v2\/posts\/149574"}],"collection":[{"href":"http:\/\/cordobadirecto.com\/index.php\/wp-json\/wp\/v2\/posts"}],"about":[{"href":"http:\/\/cordobadirecto.com\/index.php\/wp-json\/wp\/v2\/types\/post"}],"author":[{"embeddable":true,"href":"http:\/\/cordobadirecto.com\/index.php\/wp-json\/wp\/v2\/users\/1"}],"replies":[{"embeddable":true,"href":"http:\/\/cordobadirecto.com\/index.php\/wp-json\/wp\/v2\/comments?post=149574"}],"version-history":[{"count":0,"href":"http:\/\/cordobadirecto.com\/index.php\/wp-json\/wp\/v2\/posts\/149574\/revisions"}],"wp:featuredmedia":[{"embeddable":true,"href":"http:\/\/cordobadirecto.com\/index.php\/wp-json\/wp\/v2\/media\/149575"}],"wp:attachment":[{"href":"http:\/\/cordobadirecto.com\/index.php\/wp-json\/wp\/v2\/media?parent=149574"}],"wp:term":[{"taxonomy":"category","embeddable":true,"href":"http:\/\/cordobadirecto.com\/index.php\/wp-json\/wp\/v2\/categories?post=149574"},{"taxonomy":"post_tag","embeddable":true,"href":"http:\/\/cordobadirecto.com\/index.php\/wp-json\/wp\/v2\/tags?post=149574"}],"curies":[{"name":"wp","href":"https:\/\/api.w.org\/{rel}","templated":true}]}}