{"id":149585,"date":"2024-04-30T20:19:23","date_gmt":"2024-04-30T20:19:23","guid":{"rendered":"https:\/\/www.ole.com.ar\/autos\/formula-1-hora-tv-gran-premio-miami-dondever_0_lk7BOULI4P.html"},"modified":"2024-04-30T20:19:23","modified_gmt":"2024-04-30T20:19:23","slug":"formula-1-hora-y-tv-del-gran-premio-de-miami","status":"publish","type":"post","link":"http:\/\/cordobadirecto.com\/index.php\/2024\/04\/30\/formula-1-hora-y-tv-del-gran-premio-de-miami\/","title":{"rendered":"F\u00f3rmula 1: hora y TV del Gran Premio de Miami"},"content":{"rendered":"<p><time class=\"createDate\" datetime=\"2024-04-30T17:19:23-03:00\">30\/04\/2024 17:19hs.<\/time><\/p>\n<div id=\"storyBody\">\n<div class=\"custom-text \" readability=\"39\">\n<p>La <strong>F\u00f3rmula 1 <\/strong>volver a poner primera nuevamente tras las dos semanas de descanso despu\u00e9s de lo que fue el Gran premio de China, en el que <strong>Max Verstappen<\/strong>, como de costumbre, se hizo con el primer puesto (cuarta victoria en el a\u00f1o). Esta vez, la M\u00e1xima pisar\u00e1 continente americano por primera vez en la temporada para llevar a cabo la sexta fecha del campeonato con el <strong>GP de Miami<\/strong> en el estado de Florida.<\/p>\n<\/div>\n<div class=\"custom-text \" readability=\"35\">\n<p>En medio de los movimientos de las figuras en los equipos m\u00e1s importantes, la categor\u00eda tendr\u00e1 la primera carrera en suelo estadounidense del calendario. Ser\u00e1 en uno de los circuitos m\u00e1s nuevos y con m\u00e1s atracciones de la competencia.<\/p>\n<\/div>\n<div class=\"custom-text \" readability=\"26.096385542169\">\n<p>Durante la \u00faltima semana, las luces estuvieron puestas en las situaciones que se dieron m\u00e1s fuera de la pista que dentro de ella. La inminente <strong><a href=\"https:\/\/www.ole.com.ar\/autos\/adrian-newey-fichaje-top-planea-ferrari-bajar-red-bull-formula1_0_3IQ4IQWbKh.html\" target=\"_self\" title=\"salida de Adrian Newey de Red Bull\" alt=\"salida de Adrian Newey de Red Bull\" rel=\"noopener\">salida de Adrian Newey de Red Bull<\/a><\/strong>, el pase confirmado de <strong><a href=\"https:\/\/www.ole.com.ar\/autos\/bombas-formula1-piloto-cambia-equipo-verstappen-mercedes_0_ivzh7fEZLn.html\" target=\"_self\" title=\"Nico Hulkenberg a Sauber y los rumores del pase de Verstappen a Mercedes\" alt=\"Nico Hulkenberg a Sauber y los rumores del pase de Verstappen a Mercedes\" rel=\"noopener\">Nico Hulkenberg a Sauber <\/a><\/strong><a href=\"https:\/\/www.ole.com.ar\/autos\/bombas-formula1-piloto-cambia-equipo-verstappen-mercedes_0_ivzh7fEZLn.html\" target=\"_self\" title=\"Nico Hulkenberg a Sauber y los rumores del pase de Verstappen a Mercedes\" alt=\"Nico Hulkenberg a Sauber y los rumores del pase de Verstappen a Mercedes\" rel=\"noopener\">y los rumores del <\/a><strong><a href=\"https:\/\/www.ole.com.ar\/autos\/bombas-formula1-piloto-cambia-equipo-verstappen-mercedes_0_ivzh7fEZLn.html\" target=\"_self\" title=\"Nico Hulkenberg a Sauber y los rumores del pase de Verstappen a Mercedes\" alt=\"Nico Hulkenberg a Sauber y los rumores del pase de Verstappen a Mercedes\" rel=\"noopener\">pase de Verstappen a Mercedes<\/a><\/strong> estuvieron en el ojo de la tormenta, y no quedar\u00e1 ah\u00ed.<\/p>\n<\/div>\n<div class=\"sc-e7b891c4-0 jPbnQF\"><img alt=\"Verstappen, otra vez primero.\" src=\"http:\/\/cordobadirecto.com\/wp-content\/uploads\/2024\/05\/formula-1-hora-y-tv-del-gran-premio-de-miami.jpg\" width=\"720\" height=\"100\" decoding=\"async\" data-nimg=\"future\" loading=\"lazy\"><span class=\"epigraphe\">Verstappen, otra vez primero.<\/span><\/div>\n<div class=\"custom-text \" readability=\"39\">\n<p>Para esta fecha en el Estado del Sol, las miradas estar\u00e1n puestas en los movimientos de Mad Max y de su padre, tanto durante la actividad en el circuito como despu\u00e9s, porque <strong>hay reuniones pactadas con la gente de Mercedes, entre ellos Toto Wolff<\/strong>, durante la semana post carrera.<\/p>\n<\/div>\n<p><h2><strong>D\u00edas y horarios de competencia<\/strong><\/h2>\n<\/p>\n<div class=\"custom-text \" readability=\"38\">\n<p>La actividad en Florida comenzar\u00e1 con el \u00fanico entrenamiento libre, que se llevar\u00e1 a cabo este viernes desde las 13.30. A las 17.30 se har\u00e1 el Sprint Shootout, y el <strong>Sprint Final ser\u00e1 el s\u00e1bado a las 13<\/strong>. El mismo s\u00e1bado a partir de las 17 se realizar\u00e1 la clasificaci\u00f3n a la carrera, y finalmente <strong>la final a 57 vueltas empezar\u00e1 el domingo desde las 17<\/strong>. Todo se podr\u00e1 seguir por <strong>Star+ y Fox Sports<\/strong>.<\/p>\n<\/div>\n<div class=\"sc-e7b891c4-0 jPbnQF\"><img alt=\"La lluvia estuvo presente en Shanghai.\" src=\"http:\/\/cordobadirecto.com\/wp-content\/uploads\/2024\/05\/formula-1-hora-y-tv-del-gran-premio-de-miami-1.jpg\" width=\"720\" height=\"100\" decoding=\"async\" data-nimg=\"future\" loading=\"lazy\"><span class=\"epigraphe\">La lluvia estuvo presente en Shanghai.<\/span><\/div>\n<div class=\"custom-text \" readability=\"41\">\n<p>Como sucede desde hace dos a\u00f1os, el Gran Premio de Miami se llevar\u00e1 a cabo en el <strong>Aut\u00f3dromo Internacional de Miami<\/strong>, que tiene como centro de atenci\u00f3n al <strong>Hard Rock Stadium<\/strong>, la casa de los Miami Dolphins, franquicia de la NFL. Este circuito urbano de 5,41 kil\u00f3metros cuenta con 19 curvas y tres rectas con zonas de DRS, muy parecido al circuito de Albert Park en Melbourne.<\/p>\n<\/div>\n<div class=\"sc-e7b891c4-0 jPbnQF\"><img alt=\"Circuito de Miami.\" src=\"http:\/\/cordobadirecto.com\/wp-content\/uploads\/2024\/05\/formula-1-hora-y-tv-del-gran-premio-de-miami-2.jpg\" width=\"720\" height=\"100\" decoding=\"async\" data-nimg=\"future\" loading=\"lazy\"><span class=\"epigraphe\">Circuito de Miami.<\/span><\/div>\n<p><h2><strong>Un piloto en duda<\/strong><\/h2>\n<\/p>\n<div class=\"custom-text \" readability=\"31.068493150685\">\n<p>Los pilotos de la F1 tuvieron algunos d\u00edas libres despu\u00e9s de correr en China y aprovecharon para descansar. Una de las figuras m\u00e1s grandes de la M\u00e1xima eligi\u00f3 desconectarse y\u00e9ndose de fiesta a los Pa\u00edses Bajos. Lo que no imaginaba era que en esas mini vacaciones <a href=\"https:\/\/www.ole.com.ar\/autos\/formula-1-f1-lando-norris-nariz-piloto-mclaren-miami-gp-gran-premio-unidos_0_r4B29SzRQd.html\" target=\"_self\" title=\"se dar\u00eda un golpazo tremendo en la nariz\" alt=\"se dar\u00eda un golpazo tremendo en la nariz\" rel=\"noopener\">se dar\u00eda un golpazo tremendo en la nariz<\/a> que <strong>podr\u00eda poner en duda su participaci\u00f3n en Miami<\/strong>.<\/p>\n<\/div>\n<div class=\"custom-text \" readability=\"36\">\n<p>Se trata de <strong>Lando Norris, <\/strong>quien ten\u00eda razones de sobra para celebrar: en China ubic\u00f3 a su m\u00e1quina naranja en el segundo puesto. Quiz\u00e1s haci\u00e9ndole honor a su auto, el brit\u00e1nico viaj\u00f3 a tierras naranjas para festejar el D\u00eda del Rey.<\/p>\n<\/div>\n<div class=\"sc-e7b891c4-0 jPbnQF\"><img alt=\"Norris se accident\u00f3 de fiesta.\" src=\"http:\/\/cordobadirecto.com\/wp-content\/uploads\/2024\/05\/formula-1-hora-y-tv-del-gran-premio-de-miami-3.jpg\" width=\"720\" height=\"100\" decoding=\"async\" data-nimg=\"future\" loading=\"lazy\"><span class=\"epigraphe\">Norris se accident\u00f3 de fiesta.<\/span><\/div>\n<div class=\"custom-text \" readability=\"36\">\n<p>Una vez all\u00ed, el piloto de McLaren fue captado bailando, cantando y saltando junto a Martin Garrix y dem\u00e1s DJs. Y no fue lo \u00fanico que se vio de \u00e9l: en las redes sociales se viraliz\u00f3 una foto de Lando <strong>con la nariz ensangrentada y un vendaje <\/strong>casero cubri\u00e9ndole la cara.<\/p>\n<\/div>\n<div class=\"custom-text \" readability=\"36\">\n<p>Se desconoce la forma en la que se lastim\u00f3, si bien se sabe que fue en el marco de los festejos neerlandeses. <strong>A\u00fan no hay certezas de su presencia en Miami<\/strong>, aunque a priori hay algo positivo: el golpe no le caus\u00f3 una fractura.<\/p>\n<\/div>\n<p><h2><strong>C\u00f3mo est\u00e1 el campeonato de pilotos<\/strong><\/h2>\n<\/p>\n<div class=\"custom-text \" readability=\"34\">\n<p>Lidera Verstappen con 110 puntos. Detr\u00e1s se ubica su compa\u00f1ero Checo P\u00e9rez con 85. Y tercero est\u00e1 Charles Leclerc de Ferrari, con 76. <\/p>\n<\/div>\n<div class=\"sc-e7b891c4-0 jPbnQF\"><img alt=\"Los diez primeros lugares del campeonato de pilotos de F1.\" src=\"http:\/\/cordobadirecto.com\/wp-content\/uploads\/2024\/05\/formula-1-hora-y-tv-del-gran-premio-de-miami-4.jpg\" width=\"720\" height=\"100\" decoding=\"async\" data-nimg=\"future\" loading=\"lazy\"><span class=\"epigraphe\">Los diez primeros lugares del campeonato de pilotos de F1.<\/span><\/div>\n<div class=\"sc-a7166897-0 exHLBh\" readability=\"6.5\">\n<section readability=\"3\"><picture><img alt=\"El piloto de F\u00f3rmula 1 que sali\u00f3 de fiesta y se rompi\u00f3 la nariz: \u00bfllega al GP de Miami?\" src=\"http:\/\/cordobadirecto.com\/wp-content\/uploads\/2024\/05\/formula-1-hora-y-tv-del-gran-premio-de-miami-5.jpg\" width=\"290\" height=\"290\" decoding=\"async\" data-nimg=\"future\" loading=\"lazy\"><\/picture>\n<p><span>Mir\u00e1 tambi\u00e9n<\/span><\/p>\n<hr>\n<h3>El piloto de F\u00f3rmula 1 que sali\u00f3 de fiesta y se rompi\u00f3 la nariz: \u00bfllega al GP de Miami?<\/h3>\n<\/p>\n<\/section>\n<\/div>\n<div class=\"sc-a7166897-0 exHLBh\" readability=\"6\">\n<section readability=\"2\"><picture><img alt=\"Las bombas de la Formula 1: el piloto que cambia de equipo y \u00bfVerstappen a Mercedes?\" src=\"http:\/\/cordobadirecto.com\/wp-content\/uploads\/2024\/05\/formula-1-hora-y-tv-del-gran-premio-de-miami-6.jpg\" width=\"290\" height=\"290\" decoding=\"async\" data-nimg=\"future\" loading=\"lazy\"><\/picture>\n<p><span>Mir\u00e1 tambi\u00e9n<\/span><\/p>\n<hr>\n<h3>Las bombas de la Formula 1: el piloto que cambia de equipo y \u00bfVerstappen a Mercedes?<\/h3>\n<\/p>\n<\/section>\n<\/div>\n<div class=\"sc-a7166897-0 exHLBh\" readability=\"6.5\">\n<section readability=\"3\"><picture><img alt=\"Ferrari quiere romper el mercado de la F\u00f3rmula 1: el fichaje top que planea para bajar a Red Bull\" src=\"http:\/\/cordobadirecto.com\/wp-content\/uploads\/2024\/05\/formula-1-hora-y-tv-del-gran-premio-de-miami-7.jpg\" width=\"290\" height=\"290\" decoding=\"async\" data-nimg=\"future\" loading=\"lazy\"><\/picture>\n<p><span>Mir\u00e1 tambi\u00e9n<\/span><\/p>\n<hr>\n<h3>Ferrari quiere romper el mercado de la F\u00f3rmula 1: el fichaje top que planea para bajar a Red Bull<\/h3>\n<\/p>\n<\/section>\n<\/div>\n<div class=\"sc-a7166897-0 exHLBh\" readability=\"6\">\n<section readability=\"2\"><picture><img alt=\"La Testazul: Ferrari cambia de color y nombre para la F\u00f3rmula 1 de Miami\" src=\"http:\/\/cordobadirecto.com\/wp-content\/uploads\/2024\/05\/formula-1-hora-y-tv-del-gran-premio-de-miami-8.jpg\" width=\"290\" height=\"290\" decoding=\"async\" data-nimg=\"future\" loading=\"lazy\"><\/picture>\n<p><span>Mir\u00e1 tambi\u00e9n<\/span><\/p>\n<hr>\n<h3>La Testazul: Ferrari cambia de color y nombre para la F\u00f3rmula 1 de Miami<\/h3>\n<\/p>\n<\/section>\n<\/div>\n<\/div>\n","protected":false},"excerpt":{"rendered":"<p>30\/04\/2024 17:19hs. La F\u00f3rmula 1 volver a poner primera nuevamente tras las dos semanas de descanso despu\u00e9s de lo que fue el Gran premio de China, en el que Max Verstappen, como de costumbre, se hizo con el primer puesto (cuarta victoria en el a\u00f1o). Esta vez, la M\u00e1xima pisar\u00e1 continente americano por primera vez [&hellip;]<\/p>\n","protected":false},"author":1,"featured_media":149586,"comment_status":"closed","ping_status":"closed","sticky":false,"template":"","format":"standard","meta":[],"categories":[21],"tags":[],"_links":{"self":[{"href":"http:\/\/cordobadirecto.com\/index.php\/wp-json\/wp\/v2\/posts\/149585"}],"collection":[{"href":"http:\/\/cordobadirecto.com\/index.php\/wp-json\/wp\/v2\/posts"}],"about":[{"href":"http:\/\/cordobadirecto.com\/index.php\/wp-json\/wp\/v2\/types\/post"}],"author":[{"embeddable":true,"href":"http:\/\/cordobadirecto.com\/index.php\/wp-json\/wp\/v2\/users\/1"}],"replies":[{"embeddable":true,"href":"http:\/\/cordobadirecto.com\/index.php\/wp-json\/wp\/v2\/comments?post=149585"}],"version-history":[{"count":0,"href":"http:\/\/cordobadirecto.com\/index.php\/wp-json\/wp\/v2\/posts\/149585\/revisions"}],"wp:featuredmedia":[{"embeddable":true,"href":"http:\/\/cordobadirecto.com\/index.php\/wp-json\/wp\/v2\/media\/149586"}],"wp:attachment":[{"href":"http:\/\/cordobadirecto.com\/index.php\/wp-json\/wp\/v2\/media?parent=149585"}],"wp:term":[{"taxonomy":"category","embeddable":true,"href":"http:\/\/cordobadirecto.com\/index.php\/wp-json\/wp\/v2\/categories?post=149585"},{"taxonomy":"post_tag","embeddable":true,"href":"http:\/\/cordobadirecto.com\/index.php\/wp-json\/wp\/v2\/tags?post=149585"}],"curies":[{"name":"wp","href":"https:\/\/api.w.org\/{rel}","templated":true}]}}