{"id":149598,"date":"2024-04-30T18:03:01","date_gmt":"2024-04-30T18:03:01","guid":{"rendered":"https:\/\/cordoba.gob.ar\/?p=57405"},"modified":"2024-04-30T18:03:01","modified_gmt":"2024-04-30T18:03:01","slug":"el-ceb-de-villa-ines-esta-totalmente-recuperado-passerini-llaryora-y-cientos-de-vecinas-y-vecinos-reabrieron-las-puertas-del-renovado-edificio","status":"publish","type":"post","link":"http:\/\/cordobadirecto.com\/index.php\/2024\/04\/30\/el-ceb-de-villa-ines-esta-totalmente-recuperado-passerini-llaryora-y-cientos-de-vecinas-y-vecinos-reabrieron-las-puertas-del-renovado-edificio\/","title":{"rendered":"El CEB de Villa In\u00e9s est\u00e1 totalmente recuperado: Passerini, Llaryora y cientos de vecinas y vecinos reabrieron las puertas del renovado edificio"},"content":{"rendered":"<div><img src=\"http:\/\/cordobadirecto.com\/wp-content\/uploads\/2024\/05\/el-ceb-de-villa-ines-esta-totalmente-recuperado-passerini-llaryora-y-cientos-de-vecinas-y-vecinos-reabrieron-las-puertas-del-renovado-edificio.jpg\" class=\"ff-og-image-inserted\"><\/div>\n<ul>\n<li><strong>El espacio qued\u00f3 deteriorado tras las lluvias de inicio de a\u00f1o. Adem\u00e1s de reparar las instalaciones, se ejecutaron obras de readecuaci\u00f3n para un mayor aprovechamiento de las actividades deportivas, educativas, art\u00edsticas y culturales.<\/strong><\/li>\n<\/ul>\n<hr>\n<p>El intendente Daniel Passerini y el gobernador Mart\u00edn Llaryora anunciaron la finalizaci\u00f3n de las obras de recuperaci\u00f3n y puesta en valor del Centro de Encuentro Barrial de Villa In\u00e9s y acompa\u00f1aron a los cientos de vecinos de la zona sureste a reabrir sus puestas nuevamente.<\/p>\n<p>La estructura en la planta alta fue dividida para crear m\u00faltiples aulas, cada una equipada con los z\u00f3calos necesarios para readecuar la estructura y funcionalidad del CEB.<\/p>\n<p>Se realizaron tareas de reparaci\u00f3n y refuerzo de la superestructura met\u00e1lica, la instalaci\u00f3n de piso tipo flotante y de entresuelo de madera sobre estructura met\u00e1lica reforzada, as\u00ed como la refuncionalizaci\u00f3n del edificio para general 8 aulas taller, una recepci\u00f3n y un Sal\u00f3n de Usos M\u00faltiples (SUM).<\/p>\n<p><em>\u201cDesde hace un tiempo, este sector de la ciudad comenz\u00f3 a transformarse a partir de un Estado presente y una comunidad organizada. Esto, que para algunos est\u00e1 pasado de moda, es una realidad en C\u00f3rdoba y est\u00e1 m\u00e1s vigente que nunca<\/em>\u201d, fueron las palabras del intendente, Daniel Passerini.<\/p>\n<p><em>\u201cCon Mart\u00edn trabajos juntos, de memoria. Creemos mucho en el factor humano, en estar juntos, en aportar, y sobre todo acompa\u00f1ar a nuestros ni\u00f1os y ni\u00f1as. En este lugar habr\u00e1 oportunidades para aprender, porque queremos seguir sembrando escuelas y progreso porque es la \u00fanica forma de crecer en paz y desarrollarnos con un horizonte\u201d,<\/em> concluy\u00f3 Passerini.<\/p>\n<p>Passerini anunci\u00f3 que, a pedido de los vecinos y vecinas, se incorporar\u00e1 un cine que funcionar\u00e1 en una de las aulas.<\/p>\n<p><em>\u201cHa costado mucho recuperar la ciudad. Y la emoci\u00f3n es saber que sigue en buenas manos. Por esta voluntad de seguir peleando para C\u00f3rdoba no vaya para atr\u00e1s y pueda salir adelante<\/em>\u201d, expres\u00f3 en el lugar el gobernador Mart\u00edn Llaryora.<\/p>\n<p><em>\u201cEl viejo modelo de gesti\u00f3n de C\u00f3rdoba cre\u00eda que hab\u00eda ciudadanos de primera y de segunda, y acorde a eso hac\u00eda obras de mayor o menor calidad. Lo que hacemos con Daniel es mucho m\u00e1s: todos los vecinos merecen tener obras con la mejor calidad y de alta accesibilidad. El CEB de Villa In\u00e9s es un ejemplo de eso<\/em>\u201d, cerr\u00f3 Llaryora.<\/p>\n<p>En Villa In\u00e9s tambi\u00e9n se mejoraron los grupos sanitarios, ampliaron desag\u00fces, reemplazaron vidrios, repararon y sellaron canaletas, recuperaron pisos cer\u00e1micos y realizaron pintura general del edificio.<\/p>\n<p>Durante la ceremonia, el Padre Mariano Oberl\u00edn bendijo por la reapertura y cuidado de todos los que participan de las actividades del CEB.<\/p>\n<p>El intendente entreg\u00f3 mochilas equipadas con material escolar a estudiantes y computadoras con conectividad al personal administrativo del CEB.<\/p>\n<p>El centro ofrecer\u00e1 una amplia variedad de talleres que incluyen coro, canto, folclore para adultos, gimnasia, cer\u00e1mica, arte y reciclado, macram\u00e9, danzas urbanas, yoga, entre otros.<\/p>\n<p>En el acto estuvieron presentes: el viceintendente, Javier Pretto; la secretaria de Educaci\u00f3n, Alicia La Terza; el secretario de Comunicaci\u00f3n y Cultura, Mariano Almada; el secretario de Fortalecimiento Vecinal y Deportes, H\u00e9ctor Campana; entre otros funcionarios municipales y provinciales.<\/p>\n","protected":false},"excerpt":{"rendered":"<p>El espacio qued\u00f3 deteriorado tras las lluvias de inicio de a\u00f1o. Adem\u00e1s de reparar las instalaciones, se ejecutaron obras de readecuaci\u00f3n para un mayor aprovechamiento de las actividades deportivas, educativas, art\u00edsticas y culturales. El intendente Daniel Passerini y el gobernador Mart\u00edn Llaryora anunciaron la finalizaci\u00f3n de las obras de recuperaci\u00f3n y puesta en valor del [&hellip;]<\/p>\n","protected":false},"author":1,"featured_media":149599,"comment_status":"closed","ping_status":"closed","sticky":false,"template":"","format":"standard","meta":[],"categories":[44],"tags":[],"_links":{"self":[{"href":"http:\/\/cordobadirecto.com\/index.php\/wp-json\/wp\/v2\/posts\/149598"}],"collection":[{"href":"http:\/\/cordobadirecto.com\/index.php\/wp-json\/wp\/v2\/posts"}],"about":[{"href":"http:\/\/cordobadirecto.com\/index.php\/wp-json\/wp\/v2\/types\/post"}],"author":[{"embeddable":true,"href":"http:\/\/cordobadirecto.com\/index.php\/wp-json\/wp\/v2\/users\/1"}],"replies":[{"embeddable":true,"href":"http:\/\/cordobadirecto.com\/index.php\/wp-json\/wp\/v2\/comments?post=149598"}],"version-history":[{"count":0,"href":"http:\/\/cordobadirecto.com\/index.php\/wp-json\/wp\/v2\/posts\/149598\/revisions"}],"wp:featuredmedia":[{"embeddable":true,"href":"http:\/\/cordobadirecto.com\/index.php\/wp-json\/wp\/v2\/media\/149599"}],"wp:attachment":[{"href":"http:\/\/cordobadirecto.com\/index.php\/wp-json\/wp\/v2\/media?parent=149598"}],"wp:term":[{"taxonomy":"category","embeddable":true,"href":"http:\/\/cordobadirecto.com\/index.php\/wp-json\/wp\/v2\/categories?post=149598"},{"taxonomy":"post_tag","embeddable":true,"href":"http:\/\/cordobadirecto.com\/index.php\/wp-json\/wp\/v2\/tags?post=149598"}],"curies":[{"name":"wp","href":"https:\/\/api.w.org\/{rel}","templated":true}]}}