{"id":149603,"date":"2024-05-01T16:30:00","date_gmt":"2024-05-01T16:30:00","guid":{"rendered":"https:\/\/cordoba.gob.ar\/?p=57325"},"modified":"2024-05-01T16:30:00","modified_gmt":"2024-05-01T16:30:00","slug":"forestan-las-plazas-de-procrear-liceo-passerini-participo-junto-a-scouts-la-empresa-hiper-argentina-y-el-centro-vecinal","status":"publish","type":"post","link":"http:\/\/cordobadirecto.com\/index.php\/2024\/05\/01\/forestan-las-plazas-de-procrear-liceo-passerini-participo-junto-a-scouts-la-empresa-hiper-argentina-y-el-centro-vecinal\/","title":{"rendered":"Forestan las plazas de Procrear Liceo: Passerini particip\u00f3 junto a Scouts, la empresa H\u00edper Argentina y el Centro Vecinal"},"content":{"rendered":"<div><img src=\"http:\/\/cordobadirecto.com\/wp-content\/uploads\/2024\/05\/forestan-las-plazas-de-procrear-liceo-passerini-participo-junto-a-scouts-la-empresa-hiper-argentina-y-el-centro-vecinal.jpg\" class=\"ff-og-image-inserted\"><\/div>\n<p dir=\"auto\">\u201cQuiero felicitar a la comunidad de este nuevo barrio por la iniciativa de querer mejorar el lugar donde viven. Sigamos apostando por el cuidado de la casa com\u00fan\u201d, fueron las palabras del intendente Daniel Passerini en Procrear Liceo, durante una jornada de forestaci\u00f3n de las plazas del sector.<\/p>\n<p dir=\"auto\">Fueron m\u00e1s de 100 \u00e1rboles que se sumaron al paisaje de las plazas El Cha\u00f1ar, Los Horneros y Las Lechuzas: grevillea, molle, manzano de campo, cina cina, aguaribay, roble sedoso, ibira puit\u00e1 fueron las especies plantadas.<\/p>\n<p dir=\"auto\">La actividad fue acompa\u00f1ada por la agrupaci\u00f3n Scouts, la empresa H\u00edper Argentina y el Centro Vecinal. De parte de la Municipalidad de C\u00f3rdoba, formaron parte la Secretar\u00eda de Participaci\u00f3n Ciudadana y Juventud y su par de Ambiente Sustentable y Econom\u00eda Circular.<\/p>\n<p dir=\"auto\">\u201cDaniel Passerini va a profundizar las pol\u00edticas de forestaci\u00f3n, agradecemos especialmente a las vecinas y vecinos que van a tener la responsabilidad de cuidar los \u00e1rboles\u201d, expres\u00f3 el responsable de la cartera de Ambiente, Jorge Folloni.<\/p>\n<p dir=\"auto\">Por su parte, el secretario de Participaci\u00f3n Ciudadana y Juventud, Juan Domingo Viola, destac\u00f3 que el Estado \u201cest\u00e1 para esto: que las instituciones trabajen junto a la comunidad, la base de la participaci\u00f3n ciudadana. No es solo plantar un \u00e1rbol, es generar capital humano para que juntos podamos transformar\u201d.<\/p>\n<p dir=\"auto\">\u201cMuy contento y orgulloso por trabajar en conjunto por la comunidad. Es muy importante para nosotros colaborar como empresa. El camino que venimos marcando hay que continuarlo\u201d, dijo el CEO de Hiper Argentina, Cristian Gabriel Garbiglia.<\/p>\n","protected":false},"excerpt":{"rendered":"<p>\u201cQuiero felicitar a la comunidad de este nuevo barrio por la iniciativa de querer mejorar el lugar donde viven. Sigamos apostando por el cuidado de la casa com\u00fan\u201d, fueron las palabras del intendente Daniel Passerini en Procrear Liceo, durante una jornada de forestaci\u00f3n de las plazas del sector. Fueron m\u00e1s de 100 \u00e1rboles que se [&hellip;]<\/p>\n","protected":false},"author":1,"featured_media":149604,"comment_status":"closed","ping_status":"closed","sticky":false,"template":"","format":"standard","meta":[],"categories":[44],"tags":[],"_links":{"self":[{"href":"http:\/\/cordobadirecto.com\/index.php\/wp-json\/wp\/v2\/posts\/149603"}],"collection":[{"href":"http:\/\/cordobadirecto.com\/index.php\/wp-json\/wp\/v2\/posts"}],"about":[{"href":"http:\/\/cordobadirecto.com\/index.php\/wp-json\/wp\/v2\/types\/post"}],"author":[{"embeddable":true,"href":"http:\/\/cordobadirecto.com\/index.php\/wp-json\/wp\/v2\/users\/1"}],"replies":[{"embeddable":true,"href":"http:\/\/cordobadirecto.com\/index.php\/wp-json\/wp\/v2\/comments?post=149603"}],"version-history":[{"count":0,"href":"http:\/\/cordobadirecto.com\/index.php\/wp-json\/wp\/v2\/posts\/149603\/revisions"}],"wp:featuredmedia":[{"embeddable":true,"href":"http:\/\/cordobadirecto.com\/index.php\/wp-json\/wp\/v2\/media\/149604"}],"wp:attachment":[{"href":"http:\/\/cordobadirecto.com\/index.php\/wp-json\/wp\/v2\/media?parent=149603"}],"wp:term":[{"taxonomy":"category","embeddable":true,"href":"http:\/\/cordobadirecto.com\/index.php\/wp-json\/wp\/v2\/categories?post=149603"},{"taxonomy":"post_tag","embeddable":true,"href":"http:\/\/cordobadirecto.com\/index.php\/wp-json\/wp\/v2\/tags?post=149603"}],"curies":[{"name":"wp","href":"https:\/\/api.w.org\/{rel}","templated":true}]}}