{"id":149620,"date":"2024-05-01T23:57:36","date_gmt":"2024-05-01T23:57:36","guid":{"rendered":"https:\/\/www.bbc.com\/mundo\/articles\/c51n4r9rw0po#0"},"modified":"2024-05-01T23:57:36","modified_gmt":"2024-05-01T23:57:36","slug":"cual-es-el-origen-de-la-relacion-especial-entre-colombia-e-israel-y-como-petro-la-transformo","status":"publish","type":"post","link":"http:\/\/cordobadirecto.com\/index.php\/2024\/05\/01\/cual-es-el-origen-de-la-relacion-especial-entre-colombia-e-israel-y-como-petro-la-transformo\/","title":{"rendered":"Cu\u00e1l es el origen de la &#8220;relaci\u00f3n especial&#8221; entre Colombia e Israel (y c\u00f3mo Petro la transform\u00f3)"},"content":{"rendered":"<figure class=\"bbc-1qn0xuy\" readability=\"1.5\">\n<div class=\"bbc-j1srjl\" readability=\"8\"><picture><img loading=\"lazy\" src=\"http:\/\/cordobadirecto.com\/wp-content\/uploads\/2024\/05\/cual-es-el-origen-de-la-relacion-especial-entre-colombia-e-israel-y-como-petro-la-transformo.png\" srcset=\"http:\/\/cordobadirecto.com\/wp-content\/uploads\/2024\/05\/cual-es-el-origen-de-la-relacion-especial-entre-colombia-e-israel-y-como-petro-la-transformo-2.png 240w, http:\/\/cordobadirecto.com\/wp-content\/uploads\/2024\/05\/cual-es-el-origen-de-la-relacion-especial-entre-colombia-e-israel-y-como-petro-la-transformo-3.png 320w, http:\/\/cordobadirecto.com\/wp-content\/uploads\/2024\/05\/cual-es-el-origen-de-la-relacion-especial-entre-colombia-e-israel-y-como-petro-la-transformo-4.png 480w, http:\/\/cordobadirecto.com\/wp-content\/uploads\/2024\/05\/cual-es-el-origen-de-la-relacion-especial-entre-colombia-e-israel-y-como-petro-la-transformo-5.png 624w, http:\/\/cordobadirecto.com\/wp-content\/uploads\/2024\/05\/cual-es-el-origen-de-la-relacion-especial-entre-colombia-e-israel-y-como-petro-la-transformo-6.png 800w\" sizes=\"(min-width: 1008px) 760px, 100vw\" alt=\"Composici\u00f3n de Gustavo Petro y Benjamin Netanyahu. \" width=\"904\" height=\"508\" class=\"bbc-139onq\"><\/picture>\n<p class=\"bbc-by8ykd\" role=\"text\"><span class=\"bbc-m04vo2\">Fuente de la imagen, <\/span><span lang=\"en-GB\">Getty Images <\/span><\/p>\n<\/div><figcaption dir=\"ltr\" class=\"bbc-1jsyunq e6i104o0\"><span role=\"text\"><span class=\"bbc-m04vo2\">Pie de foto, <\/span><span data-testid=\"caption-paragraph\">Petro ha calificado como &#8220;genocidas&#8221; los actos de Israel en Gaza.<\/span><\/span><\/figcaption><\/figure>\n<section role=\"region\" aria-labelledby=\"article-byline\" class=\"bbc-1vjaf6b\"><strong id=\"article-byline\" aria-hidden=\"true\" class=\"bbc-m04vo2\">Article information<\/strong><\/section>\n<div dir=\"ltr\" class=\"bbc-19j92fr ebmt73l0\" readability=\"9\">\n<p dir=\"ltr\" class=\"bbc-hhl7in e17g058b0\"><b>Era una &#8220;relaci\u00f3n especial&#8221;, dos de los v\u00e9rtices de un tri\u00e1ngulo estrat\u00e9gico con Estados Unidos que parece haber perdido su forma este mi\u00e9rcoles 1 de mayo. <\/b><\/p>\n<\/div>\n<div dir=\"ltr\" class=\"bbc-19j92fr ebmt73l0\" readability=\"10\">\n<p dir=\"ltr\" class=\"bbc-hhl7in e17g058b0\">El presidente de Colombia, Gustavo Petro, anunci\u00f3 que romper\u00e1 relaciones diplom\u00e1ticas con Israel despu\u00e9s de meses de un deterioro acelerado de los v\u00ednculos entre ambos pa\u00edses. <\/p>\n<\/div>\n<div dir=\"ltr\" class=\"bbc-19j92fr ebmt73l0\" readability=\"10\">\n<p dir=\"ltr\" class=\"bbc-hhl7in e17g058b0\">Desde que Israel respondi\u00f3 militarmente en Gaza a la incursi\u00f3n del grupo militante Ham\u00e1s en su territorio del pasado 7 de octubre, Petro ha denunciado con frecuencia lo que considera &#8220;un genocidio&#8221; israel\u00ed contra los palestinos de la Franja.<\/p>\n<\/div>\n<div dir=\"ltr\" class=\"bbc-19j92fr ebmt73l0\" readability=\"12\">\n<p dir=\"ltr\" class=\"bbc-hhl7in e17g058b0\">Mientras, en Israel causaron indignaci\u00f3n algunas de las palabras de Petro. Lior Haiat, portavoz del Ministerio de Relaciones Exteriores de Israel, acus\u00f3 al mandatario de emitir declaraciones &#8220;hostiles y antisemitas&#8221; pocos d\u00edas despu\u00e9s de agudizarse el conflicto. <\/p>\n<\/div>\n<div dir=\"ltr\" class=\"bbc-19j92fr ebmt73l0\" readability=\"14\">\n<p dir=\"ltr\" class=\"bbc-hhl7in e17g058b0\">Mauricio Jaramillo, experto en relaciones internacionales de la Universidad del Rosario en Bogot\u00e1, considera que el anuncio de Petro de este mi\u00e9rcoles es &#8220;sorpreviso por el momento en que se produce, en pleno desfile de 1 de mayo&#8221;, pero que es &#8220;consistente y esperado&#8221; por la postura del mandatario en los \u00faltimos meses.<\/p>\n<\/div>\n<div dir=\"ltr\" class=\"bbc-19j92fr ebmt73l0\" readability=\"7\">\n<p dir=\"ltr\" class=\"bbc-hhl7in e17g058b0\">El gobierno de Petro es el primero de izquierdas en la historia de Colombia. <\/p>\n<\/div>\n<div dir=\"ltr\" class=\"bbc-19j92fr ebmt73l0\" readability=\"9\">\n<p dir=\"ltr\" class=\"bbc-hhl7in e17g058b0\">Su decisi\u00f3n rompe ahora con d\u00e9cadas de afianzamiento de relaciones entre su pa\u00eds e Israel, hasta el punto de que <b>Colombia era considerado el principal aliado de los israel\u00edes en Am\u00e9rica Latina. <\/b><\/p>\n<\/div>\n<div dir=\"ltr\" class=\"bbc-19j92fr ebmt73l0\" readability=\"8\">\n<p dir=\"ltr\" class=\"bbc-hhl7in e17g058b0\">Pero, \u00bfc\u00f3mo hab\u00eda surgido esta relaci\u00f3n especial? Y \u00bfqu\u00e9 puede cambiar ahora para Colombia?<\/p>\n<\/div>\n<p><h2 id=\"De-relaci\u00f3n-normal-a-especial\" tabindex=\"-1\" class=\"bbc-1f03ibc eglt09e0\">De relaci\u00f3n normal a especial<\/h2>\n<\/p>\n<figure class=\"bbc-1qn0xuy\" readability=\"1.5\">\n<div class=\"bbc-j1srjl\" readability=\"8\"><picture><img src=\"http:\/\/cordobadirecto.com\/wp-content\/uploads\/2024\/05\/cual-es-el-origen-de-la-relacion-especial-entre-colombia-e-israel-y-como-petro-la-transformo.jpg\" srcset=\"http:\/\/cordobadirecto.com\/wp-content\/uploads\/2024\/05\/cual-es-el-origen-de-la-relacion-especial-entre-colombia-e-israel-y-como-petro-la-transformo-4.jpg 240w, http:\/\/cordobadirecto.com\/wp-content\/uploads\/2024\/05\/cual-es-el-origen-de-la-relacion-especial-entre-colombia-e-israel-y-como-petro-la-transformo-5.jpg 320w, http:\/\/cordobadirecto.com\/wp-content\/uploads\/2024\/05\/cual-es-el-origen-de-la-relacion-especial-entre-colombia-e-israel-y-como-petro-la-transformo-6.jpg 480w, http:\/\/cordobadirecto.com\/wp-content\/uploads\/2024\/05\/cual-es-el-origen-de-la-relacion-especial-entre-colombia-e-israel-y-como-petro-la-transformo-7.jpg 624w, http:\/\/cordobadirecto.com\/wp-content\/uploads\/2024\/05\/cual-es-el-origen-de-la-relacion-especial-entre-colombia-e-israel-y-como-petro-la-transformo-8.jpg 800w\" sizes=\"(min-width: 1008px) 760px, 100vw\" alt=\"Iv\u00e1n Duque durante una visita a Israel en 2001. \" loading=\"lazy\" width=\"1024\" height=\"711\" class=\"bbc-139onq\"><\/picture>\n<p class=\"bbc-by8ykd\" role=\"text\"><span class=\"bbc-m04vo2\">Fuente de la imagen, <\/span><span lang=\"en-GB\">Getty Images<\/span><\/p>\n<\/div><figcaption dir=\"ltr\" class=\"bbc-1jsyunq e6i104o0\"><span role=\"text\"><span class=\"bbc-m04vo2\">Pie de foto, <\/span><span data-testid=\"caption-paragraph\">El expresidente Duque firm\u00f3 un Tratado de Libre Comercio con Israel en 2020. <\/span><\/span><\/figcaption><\/figure>\n<div dir=\"ltr\" class=\"bbc-19j92fr ebmt73l0\" readability=\"9\">\n<p dir=\"ltr\" class=\"bbc-hhl7in e17g058b0\">Colombia fue uno de los pa\u00edses que se abstuvo en la votaci\u00f3n de 1947 en la ONU que buscaba resolver el conflicto entre palestinos e israel\u00edes y finalmente dio origen a la creaci\u00f3n del Estado de Israel.<\/p>\n<\/div>\n<div dir=\"ltr\" class=\"bbc-19j92fr ebmt73l0\" readability=\"12\">\n<p dir=\"ltr\" class=\"bbc-hhl7in e17g058b0\">En 1960, ambos pa\u00edses establecieron embajadas en sus respectivos territorios y entablaron relaciones comerciales, pero eso no impidi\u00f3 que Colombia protestara en foros y votaciones de la ONU por los ataques y ocupaciones israel\u00edes en territorios palestinos y abogara por la neutralidad de Latinoam\u00e9rica en ese conflicto.<\/p>\n<\/div>\n<div dir=\"ltr\" class=\"bbc-19j92fr ebmt73l0\" readability=\"9\">\n<p dir=\"ltr\" class=\"bbc-hhl7in e17g058b0\">Durante la Guerra Fr\u00eda, Colombia se convirti\u00f3 en un aliado crucial para Estados Unidos en Am\u00e9rica Latina.<\/p>\n<\/div>\n<div dir=\"ltr\" class=\"bbc-19j92fr ebmt73l0\" readability=\"11\">\n<p dir=\"ltr\" class=\"bbc-hhl7in e17g058b0\">&#8220;La conjunci\u00f3n de intereses entre estos dos pa\u00edses e Israel hizo que se creara un tri\u00e1ngulo estrat\u00e9gico entre los tres&#8221;, le dijo en una entrevista a BBC Mundo Marcos Peckel, profesor de diplomacia y relaciones internacionales y representante de la comunidad jud\u00eda en Colombia. <\/p>\n<\/div>\n<div dir=\"ltr\" class=\"bbc-19j92fr ebmt73l0\" readability=\"9\">\n<p dir=\"ltr\" class=\"bbc-hhl7in e17g058b0\">Tras el ataque a las Torres Gemelas en 2001 y la llegada al poder de \u00c1lvaro Uribe en 2002, <b>Colombia se sum\u00f3 a lo que Estados Unidos llam\u00f3 &#8220;la guerra global contra el terrorismo&#8221;<\/b>.<\/p>\n<\/div>\n<figure class=\"bbc-1qn0xuy\" readability=\"1.5\">\n<div class=\"bbc-j1srjl\" readability=\"8\"><picture><img src=\"http:\/\/cordobadirecto.com\/wp-content\/uploads\/2024\/05\/cual-es-el-origen-de-la-relacion-especial-entre-colombia-e-israel-y-como-petro-la-transformo-1.jpg\" srcset=\"http:\/\/cordobadirecto.com\/wp-content\/uploads\/2024\/05\/cual-es-el-origen-de-la-relacion-especial-entre-colombia-e-israel-y-como-petro-la-transformo-9.jpg 240w, http:\/\/cordobadirecto.com\/wp-content\/uploads\/2024\/05\/cual-es-el-origen-de-la-relacion-especial-entre-colombia-e-israel-y-como-petro-la-transformo-10.jpg 320w, http:\/\/cordobadirecto.com\/wp-content\/uploads\/2024\/05\/cual-es-el-origen-de-la-relacion-especial-entre-colombia-e-israel-y-como-petro-la-transformo-11.jpg 480w, http:\/\/cordobadirecto.com\/wp-content\/uploads\/2024\/05\/cual-es-el-origen-de-la-relacion-especial-entre-colombia-e-israel-y-como-petro-la-transformo-12.jpg 624w, http:\/\/cordobadirecto.com\/wp-content\/uploads\/2024\/05\/cual-es-el-origen-de-la-relacion-especial-entre-colombia-e-israel-y-como-petro-la-transformo-13.jpg 800w\" sizes=\"(min-width: 1008px) 760px, 100vw\" alt=\"Los expresidentes de Colombia y EE.UU., \u00c1lvaro Uribe y George W. Bush, en un encuentro en 2006.\" loading=\"lazy\" width=\"1024\" height=\"631\" class=\"bbc-139onq\"><\/picture>\n<p class=\"bbc-by8ykd\" role=\"text\"><span class=\"bbc-m04vo2\">Fuente de la imagen, <\/span><span lang=\"en-GB\">Getty Images<\/span><\/p>\n<\/div><figcaption dir=\"ltr\" class=\"bbc-1jsyunq e6i104o0\"><span role=\"text\"><span class=\"bbc-m04vo2\">Pie de foto, <\/span><span data-testid=\"caption-paragraph\">La relaci\u00f3n entre Colombia e Israel avanz\u00f3 cuando el pa\u00eds sudamericano apoy\u00f3 la guerra global contra el terrorismo de Estados Unidos. <\/span><\/span><\/figcaption><\/figure>\n<div dir=\"ltr\" class=\"bbc-19j92fr ebmt73l0\" readability=\"9\">\n<p dir=\"ltr\" class=\"bbc-hhl7in e17g058b0\">Desde ese momento, Colombia declar\u00f3 a las guerrillas de su territorio &#8220;organizaciones terroristas&#8221; y pas\u00f3 de ver su propia guerra como un conflicto armado a una &#8220;amenaza terrorista&#8221;.<\/p>\n<\/div>\n<div dir=\"ltr\" class=\"bbc-19j92fr ebmt73l0\" readability=\"11\">\n<p dir=\"ltr\" class=\"bbc-hhl7in e17g058b0\">Y fue entonces cuando los militares israel\u00edes, que durante d\u00e9cadas enfrentaron movimientos que consideran terroristas como Ham\u00e1s y Hezbol\u00e1, entraron de lleno a apoyar a las Fuerzas Armadas colombianas.<\/p>\n<\/div>\n<div dir=\"ltr\" class=\"bbc-19j92fr ebmt73l0\" readability=\"10\">\n<p dir=\"ltr\" class=\"bbc-hhl7in e17g058b0\"><b>Entre 2002 y 2006, seg\u00fan cifras oficiales, las importaciones de material militar de Israel a Colombia se duplicaron.<\/b><\/p>\n<\/div>\n<div dir=\"ltr\" class=\"bbc-19j92fr ebmt73l0\" readability=\"9\">\n<p dir=\"ltr\" class=\"bbc-hhl7in e17g058b0\">&#8220;Israel es uno de los principales abastecedores de armas de Colombia. El fusil Galil y los aviones KFIR son armamentos fundamentales del ej\u00e9rcito colombiano&#8221;, dice Jaramillo. <\/p>\n<\/div>\n<figure class=\"bbc-1qn0xuy\" readability=\"1.5\">\n<div class=\"bbc-j1srjl\" readability=\"8\"><picture><img src=\"http:\/\/cordobadirecto.com\/wp-content\/uploads\/2024\/05\/cual-es-el-origen-de-la-relacion-especial-entre-colombia-e-israel-y-como-petro-la-transformo-2.jpg\" srcset=\"http:\/\/cordobadirecto.com\/wp-content\/uploads\/2024\/05\/cual-es-el-origen-de-la-relacion-especial-entre-colombia-e-israel-y-como-petro-la-transformo-14.jpg 240w, http:\/\/cordobadirecto.com\/wp-content\/uploads\/2024\/05\/cual-es-el-origen-de-la-relacion-especial-entre-colombia-e-israel-y-como-petro-la-transformo-15.jpg 320w, http:\/\/cordobadirecto.com\/wp-content\/uploads\/2024\/05\/cual-es-el-origen-de-la-relacion-especial-entre-colombia-e-israel-y-como-petro-la-transformo-16.jpg 480w, http:\/\/cordobadirecto.com\/wp-content\/uploads\/2024\/05\/cual-es-el-origen-de-la-relacion-especial-entre-colombia-e-israel-y-como-petro-la-transformo-17.jpg 624w, http:\/\/cordobadirecto.com\/wp-content\/uploads\/2024\/05\/cual-es-el-origen-de-la-relacion-especial-entre-colombia-e-israel-y-como-petro-la-transformo-18.jpg 800w\" sizes=\"(min-width: 1008px) 760px, 100vw\" alt=\"Avi\u00f3n de compate KFIR en cielo colombiano. \" loading=\"lazy\" width=\"1024\" height=\"666\" class=\"bbc-139onq\"><\/picture>\n<p class=\"bbc-by8ykd\" role=\"text\"><span class=\"bbc-m04vo2\">Fuente de la imagen, <\/span><span lang=\"en-GB\">Getty Images<\/span><\/p>\n<\/div><figcaption dir=\"ltr\" class=\"bbc-1jsyunq e6i104o0\"><span role=\"text\"><span class=\"bbc-m04vo2\">Pie de foto, <\/span><span data-testid=\"caption-paragraph\">Los aviones KFIR israel\u00edes se ven con frecuencia en cielos colombianos durante los desfiles por el d\u00eda de la independencia. <\/span><\/span><\/figcaption><\/figure>\n<div dir=\"ltr\" class=\"bbc-19j92fr ebmt73l0\" readability=\"13\">\n<p dir=\"ltr\" class=\"bbc-hhl7in e17g058b0\">&#8220;<b>Colombia hab\u00eda mantenido un equilibrio hist\u00f3rico con israel\u00edes y \u00e1rabes<\/b>, aunque mi impresi\u00f3n es que con los gobiernos de \u00c1lvaro Uribe, Juan Manuel Santos e Iv\u00e1n Duque, el pa\u00eds se acerc\u00f3 algo m\u00e1s a Israel&#8221;, se\u00f1ala el experto.<\/p>\n<\/div>\n<div dir=\"ltr\" class=\"bbc-19j92fr ebmt73l0\" readability=\"8\">\n<p dir=\"ltr\" class=\"bbc-hhl7in e17g058b0\">No obstante, el gobierno de Santos reconoci\u00f3 a Palestina como Estado en 2018.<\/p>\n<\/div>\n<div dir=\"ltr\" class=\"bbc-19j92fr ebmt73l0\" readability=\"11\">\n<p dir=\"ltr\" class=\"bbc-hhl7in e17g058b0\">Dos a\u00f1os despu\u00e9s, en 2020, Colombia e Israel firmaron un Tratado de Libre Comercio (TLC), ya bajo gobierno de Duque. <\/p>\n<\/div>\n<div dir=\"ltr\" class=\"bbc-19j92fr ebmt73l0\" readability=\"11\">\n<p dir=\"ltr\" class=\"bbc-hhl7in e17g058b0\">Si bien el acuerdo fue vendido como de &#8220;\u00faltima generaci\u00f3n&#8221;, Jaramillo explica que el intercambio comercial entre los dos pa\u00edses no es tan robusto, que ese tratado fue m\u00e1s simb\u00f3lico que real y que la cooperaci\u00f3n m\u00e1s importante sigui\u00f3 siendo militar. <\/p>\n<\/div>\n<div dir=\"ltr\" class=\"bbc-19j92fr ebmt73l0\" readability=\"8\">\n<p dir=\"ltr\" class=\"bbc-hhl7in e17g058b0\">Expertos consultados por BBC Mundo tambi\u00e9n destacaron el intercambio cultural y profesional entre ambos pa\u00edses. <\/p>\n<\/div>\n<div dir=\"ltr\" class=\"bbc-19j92fr ebmt73l0\" readability=\"13\">\n<p dir=\"ltr\" class=\"bbc-hhl7in e17g058b0\">Durante los \u00faltimos 24 a\u00f1os, por ejemplo, <b>miles de colombianos han hecho parte del Mashav<\/b>, un programa de educaci\u00f3n de la Canciller\u00eda israel\u00ed para dar entrenamiento a extranjeros en campos como la medicina, la agricultura y la tecnolog\u00eda.<\/p>\n<\/div>\n<div dir=\"ltr\" class=\"bbc-19j92fr ebmt73l0\" readability=\"8\">\n<p dir=\"ltr\" class=\"bbc-hhl7in e17g058b0\">Por eso es tan com\u00fan ver a colombianos e israel\u00edes pasando meses o a\u00f1os de intercambio en el otro pa\u00eds en busca de enriquecer su formaci\u00f3n.<\/p>\n<\/div>\n<p><h2 id=\"C\u00f3mo-se-deterior\u00f3-la-relaci\u00f3n-y-qu\u00e9-efectos-tendr\u00e1\" tabindex=\"-1\" class=\"bbc-1f03ibc eglt09e0\">\u00bfC\u00f3mo se deterior\u00f3 la relaci\u00f3n y qu\u00e9 efectos tendr\u00e1?<\/h2>\n<\/p>\n<div dir=\"ltr\" class=\"bbc-19j92fr ebmt73l0\" readability=\"9\">\n<p dir=\"ltr\" class=\"bbc-hhl7in e17g058b0\">Durante meses, la fuerte ret\u00f3rica de Petro sobre las acciones militares de Israel en Gaza y sus amenazas de romper relaciones presagiaron este desenlace. <\/p>\n<\/div>\n<div dir=\"ltr\" class=\"bbc-19j92fr ebmt73l0\" readability=\"8\">\n<p dir=\"ltr\" class=\"bbc-hhl7in e17g058b0\">La incursi\u00f3n de Ham\u00e1s en Israel el 7 de octubre acab\u00f3 con m\u00e1s de 1.200 muertes y la toma de 240 rehenes. Las ofensivas de Israel se han cobrado ya m\u00e1s de 34.000 vidas en Gaza.<\/p>\n<\/div>\n<div dir=\"ltr\" class=\"bbc-19j92fr ebmt73l0\" readability=\"12\">\n<p dir=\"ltr\" class=\"bbc-hhl7in e17g058b0\">Despu\u00e9s de que Petro comparara el lenguaje del ministro de Defensa israel\u00ed, Yoav Gallant, con el que usaban &#8220;los nazis con los jud\u00edos&#8221;, <b>Israel anunci\u00f3 a mediados de octubre que &#8220;suspender\u00eda las exportaciones de seguridad&#8221; a Colombia<\/b> <\/p>\n<\/div>\n<div dir=\"ltr\" class=\"bbc-19j92fr ebmt73l0\" readability=\"10\">\n<p dir=\"ltr\" class=\"bbc-hhl7in e17g058b0\">Mientras, en febrero de este a\u00f1o, <b>Petro suspendi\u00f3 la compra de armas a Israel<\/b> despu\u00e9s de que decenas de personas murieran mientras buscaban comida en Gaza durante una ofensiva israel\u00ed.<\/p>\n<\/div>\n<div dir=\"ltr\" class=\"bbc-19j92fr ebmt73l0\" readability=\"10\">\n<p dir=\"ltr\" class=\"bbc-hhl7in e17g058b0\">El mandatario calific\u00f3 esos actos como &#8220;genocidio&#8221;, dijo que recordaban al &#8220;holocausto&#8221; y a\u00f1adi\u00f3 que el mundo deb\u00eda &#8220;bloquear&#8221; a Benjamin Netanyahu, el primer ministro israel\u00ed.<\/p>\n<\/div>\n<div dir=\"ltr\" class=\"bbc-19j92fr ebmt73l0\" readability=\"9\">\n<p dir=\"ltr\" class=\"bbc-hhl7in e17g058b0\">Pese a las pasadas amenazas de Petro de romper relaciones con Israel, Jaramillo reconoce la posibilidad de que el anuncio de este mi\u00e9rcoles sorprenda a la comunidad internacional. <\/p>\n<\/div>\n<figure class=\"bbc-1qn0xuy\" readability=\"1.5\">\n<div class=\"bbc-j1srjl\" readability=\"8\"><picture><img src=\"http:\/\/cordobadirecto.com\/wp-content\/uploads\/2024\/05\/cual-es-el-origen-de-la-relacion-especial-entre-colombia-e-israel-y-como-petro-la-transformo-3.jpg\" srcset=\"http:\/\/cordobadirecto.com\/wp-content\/uploads\/2024\/05\/cual-es-el-origen-de-la-relacion-especial-entre-colombia-e-israel-y-como-petro-la-transformo-19.jpg 240w, http:\/\/cordobadirecto.com\/wp-content\/uploads\/2024\/05\/cual-es-el-origen-de-la-relacion-especial-entre-colombia-e-israel-y-como-petro-la-transformo-20.jpg 320w, http:\/\/cordobadirecto.com\/wp-content\/uploads\/2024\/05\/cual-es-el-origen-de-la-relacion-especial-entre-colombia-e-israel-y-como-petro-la-transformo-21.jpg 480w, http:\/\/cordobadirecto.com\/wp-content\/uploads\/2024\/05\/cual-es-el-origen-de-la-relacion-especial-entre-colombia-e-israel-y-como-petro-la-transformo-22.jpg 624w, http:\/\/cordobadirecto.com\/wp-content\/uploads\/2024\/05\/cual-es-el-origen-de-la-relacion-especial-entre-colombia-e-israel-y-como-petro-la-transformo-23.jpg 800w\" sizes=\"(min-width: 1008px) 760px, 100vw\" alt=\"Gustavo Petro durante la alocuci\u00f3n este 1 de mayo.\" loading=\"lazy\" width=\"1024\" height=\"683\" class=\"bbc-139onq\"><\/picture>\n<p class=\"bbc-by8ykd\" role=\"text\"><span class=\"bbc-m04vo2\">Fuente de la imagen, <\/span><span lang=\"en-GB\">Getty Images<\/span><\/p>\n<\/div><figcaption dir=\"ltr\" class=\"bbc-1jsyunq e6i104o0\"><span role=\"text\"><span class=\"bbc-m04vo2\">Pie de foto, <\/span><span data-testid=\"caption-paragraph\">Puede que el momento del anuncio de Petro cause sorpresa, pero su ret\u00f3rica contra Israel y sus amenazas hac\u00eda presagiar este desenlance. <\/span><\/span><\/figcaption><\/figure>\n<div dir=\"ltr\" class=\"bbc-19j92fr ebmt73l0\" readability=\"11\">\n<p dir=\"ltr\" class=\"bbc-hhl7in e17g058b0\">&#8220;En otras ocasiones, Petro ha emitido promesas o advertencias que tardan en cumplirse. Ahora, <b>el costo de no llevar a cabo la ruptura ser\u00eda un gran golpe a su credibilidad<\/b>&#8220;, opina el experto. <\/p>\n<\/div>\n<div dir=\"ltr\" class=\"bbc-19j92fr ebmt73l0\" readability=\"8\">\n<p dir=\"ltr\" class=\"bbc-hhl7in e17g058b0\">Habr\u00e1 preguntas sobre los efectos de esta ruptura, pero de momento pocas respuestas. <\/p>\n<\/div>\n<div dir=\"ltr\" class=\"bbc-19j92fr ebmt73l0\" readability=\"9\">\n<p dir=\"ltr\" class=\"bbc-hhl7in e17g058b0\">Hay dos precedentes, sin embargo, que pueden dar pistas. <\/p>\n<\/div>\n<div dir=\"ltr\" class=\"bbc-19j92fr ebmt73l0\" readability=\"9\">\n<p dir=\"ltr\" class=\"bbc-hhl7in e17g058b0\">&#8220;Cuando se rompieron relaciones diplom\u00e1ticas con Ecuador en la \u00e9poca de Rafael Correa no se toc\u00f3 la parte comercial. Con Venezuela s\u00ed hubo ruptura total&#8221;, dice Jaramillo. <\/p>\n<\/div>\n<div dir=\"ltr\" class=\"bbc-19j92fr ebmt73l0\" readability=\"7\">\n<p dir=\"ltr\" class=\"bbc-hhl7in e17g058b0\">Lo que suceder\u00e1 ahora depender\u00e1 de Petro.<\/p>\n<\/div>\n<div dir=\"ltr\" class=\"bbc-19j92fr ebmt73l0\" readability=\"9\">\n<p dir=\"ltr\" class=\"bbc-hhl7in e17g058b0\">&#8220;\u00bfExpulsar\u00e1 al embajador?\u00bfSuspender\u00e1 todos los acuerdos de cooperaci\u00f3n militar? \u00bfIntentar\u00e1 que todo esto quede en lo simb\u00f3lico para no agravar m\u00e1s la situaci\u00f3n?&#8221;, se pregunta el experto.<\/p>\n<\/div>\n<div dir=\"ltr\" class=\"bbc-19j92fr ebmt73l0\" readability=\"9\">\n<p dir=\"ltr\" class=\"bbc-hhl7in e17g058b0\">Son cuestiones que se ir\u00e1n respondiendo con el paso de los d\u00edas, aunque <b>atendiendo a la ret\u00f3rica entre ambos pa\u00edses resulta dif\u00edcil aventurar un desenlace amigable.<\/b><\/p>\n<\/div>\n<div dir=\"ltr\" class=\"bbc-19j92fr ebmt73l0\" readability=\"15\">\n<p dir=\"ltr\" class=\"bbc-hhl7in e17g058b0\">Horas despu\u00e9s del anuncio del presidente colombiano, el ministro de Relaciones Exteriores israel\u00ed, Israel Katz, escribi\u00f3 en X que \u201cla historia recordar\u00e1 que Gustavo Petro decidi\u00f3 ponerse del lado de los monstruos m\u00e1s despreciables conocidos por la humanidad que quemaron beb\u00e9s, asesinaron ni\u00f1os, violaron mujeres y secuestraron a civiles inocentes\u201d.<\/p>\n<\/div>\n<div dir=\"ltr\" class=\"bbc-19j92fr ebmt73l0\" readability=\"10\">\n<p dir=\"ltr\" class=\"bbc-hhl7in e17g058b0\">&#8220;Las relaciones entre Israel y Colombia siempre han sido c\u00e1lidas, y ning\u00fan presidente antisemita y lleno de odio podr\u00e1 cambiar eso&#8221;, a\u00f1adi\u00f3.<\/p>\n<\/div>\n<figure class=\"bbc-1qn0xuy\">\n<div class=\"bbc-j1srjl\"><picture><img src=\"http:\/\/cordobadirecto.com\/wp-content\/uploads\/2024\/05\/cual-es-el-origen-de-la-relacion-especial-entre-colombia-e-israel-y-como-petro-la-transformo-1.png\" srcset=\"http:\/\/cordobadirecto.com\/wp-content\/uploads\/2024\/05\/cual-es-el-origen-de-la-relacion-especial-entre-colombia-e-israel-y-como-petro-la-transformo-7.png 240w, http:\/\/cordobadirecto.com\/wp-content\/uploads\/2024\/05\/cual-es-el-origen-de-la-relacion-especial-entre-colombia-e-israel-y-como-petro-la-transformo-8.png 320w, http:\/\/cordobadirecto.com\/wp-content\/uploads\/2024\/05\/cual-es-el-origen-de-la-relacion-especial-entre-colombia-e-israel-y-como-petro-la-transformo-9.png 480w, http:\/\/cordobadirecto.com\/wp-content\/uploads\/2024\/05\/cual-es-el-origen-de-la-relacion-especial-entre-colombia-e-israel-y-como-petro-la-transformo-10.png 624w, http:\/\/cordobadirecto.com\/wp-content\/uploads\/2024\/05\/cual-es-el-origen-de-la-relacion-especial-entre-colombia-e-israel-y-como-petro-la-transformo-11.png 800w\" sizes=\"(min-width: 1008px) 760px, 100vw\" alt=\"L\u00ednea gris.\" loading=\"lazy\" width=\"800\" height=\"100\" class=\"bbc-139onq\"><\/picture><\/div>\n<\/figure>\n<div dir=\"ltr\" class=\"bbc-19j92fr ebmt73l0\" readability=\"8\">\n<p dir=\"ltr\" class=\"bbc-hhl7in e17g058b0\"><i class=\"bbc-h1y5j7 eih42320\">Y recuerda que puedes recibir notificaciones en nuestra app. Descarga la \u00faltima versi\u00f3n y act\u00edvalas.<\/i><\/p>\n<\/div>\n","protected":false},"excerpt":{"rendered":"<p>Fuente de la imagen, Getty Images Pie de foto, Petro ha calificado como &#8220;genocidas&#8221; los actos de Israel en Gaza. Article information Era una &#8220;relaci\u00f3n especial&#8221;, dos de los v\u00e9rtices de un tri\u00e1ngulo estrat\u00e9gico con Estados Unidos que parece haber perdido su forma este mi\u00e9rcoles 1 de mayo. El presidente de Colombia, Gustavo Petro, anunci\u00f3 [&hellip;]<\/p>\n","protected":false},"author":1,"featured_media":149621,"comment_status":"closed","ping_status":"closed","sticky":false,"template":"","format":"standard","meta":[],"categories":[24],"tags":[],"_links":{"self":[{"href":"http:\/\/cordobadirecto.com\/index.php\/wp-json\/wp\/v2\/posts\/149620"}],"collection":[{"href":"http:\/\/cordobadirecto.com\/index.php\/wp-json\/wp\/v2\/posts"}],"about":[{"href":"http:\/\/cordobadirecto.com\/index.php\/wp-json\/wp\/v2\/types\/post"}],"author":[{"embeddable":true,"href":"http:\/\/cordobadirecto.com\/index.php\/wp-json\/wp\/v2\/users\/1"}],"replies":[{"embeddable":true,"href":"http:\/\/cordobadirecto.com\/index.php\/wp-json\/wp\/v2\/comments?post=149620"}],"version-history":[{"count":0,"href":"http:\/\/cordobadirecto.com\/index.php\/wp-json\/wp\/v2\/posts\/149620\/revisions"}],"wp:featuredmedia":[{"embeddable":true,"href":"http:\/\/cordobadirecto.com\/index.php\/wp-json\/wp\/v2\/media\/149621"}],"wp:attachment":[{"href":"http:\/\/cordobadirecto.com\/index.php\/wp-json\/wp\/v2\/media?parent=149620"}],"wp:term":[{"taxonomy":"category","embeddable":true,"href":"http:\/\/cordobadirecto.com\/index.php\/wp-json\/wp\/v2\/categories?post=149620"},{"taxonomy":"post_tag","embeddable":true,"href":"http:\/\/cordobadirecto.com\/index.php\/wp-json\/wp\/v2\/tags?post=149620"}],"curies":[{"name":"wp","href":"https:\/\/api.w.org\/{rel}","templated":true}]}}