{"id":149634,"date":"2024-05-02T01:57:52","date_gmt":"2024-05-02T01:57:52","guid":{"rendered":"http:\/\/cordobadirecto.com\/index.php\/2024\/05\/02\/llaryora-schiaretti-y-passerini-expresaron-saludos-por-el-dia-de-los-trabajadores\/"},"modified":"2024-05-02T01:57:52","modified_gmt":"2024-05-02T01:57:52","slug":"llaryora-schiaretti-y-passerini-expresaron-saludos-por-el-dia-de-los-trabajadores","status":"publish","type":"post","link":"http:\/\/cordobadirecto.com\/index.php\/2024\/05\/02\/llaryora-schiaretti-y-passerini-expresaron-saludos-por-el-dia-de-los-trabajadores\/","title":{"rendered":"Llaryora, Schiaretti y Passerini expresaron saludos por el D\u00eda de los Trabajadores"},"content":{"rendered":"<p>La <b>NUEVA<\/b> Ma\u00f1ana, <b>C\u00f3rdoba<\/b>, Rep\u00fablica Argentina. &#8230; En cada rinc\u00f3n de nuestra provincia el trabajo mueve la <b>econom\u00eda<\/b> y permite progresar a las familias. <\/p>\n","protected":false},"excerpt":{"rendered":"<p>La NUEVA Ma\u00f1ana, C\u00f3rdoba, Rep\u00fablica Argentina. &#8230; En cada rinc\u00f3n de nuestra provincia el trabajo mueve la econom\u00eda y permite progresar a las familias.<\/p>\n","protected":false},"author":1,"featured_media":0,"comment_status":"closed","ping_status":"closed","sticky":false,"template":"","format":"standard","meta":[],"categories":[40],"tags":[],"_links":{"self":[{"href":"http:\/\/cordobadirecto.com\/index.php\/wp-json\/wp\/v2\/posts\/149634"}],"collection":[{"href":"http:\/\/cordobadirecto.com\/index.php\/wp-json\/wp\/v2\/posts"}],"about":[{"href":"http:\/\/cordobadirecto.com\/index.php\/wp-json\/wp\/v2\/types\/post"}],"author":[{"embeddable":true,"href":"http:\/\/cordobadirecto.com\/index.php\/wp-json\/wp\/v2\/users\/1"}],"replies":[{"embeddable":true,"href":"http:\/\/cordobadirecto.com\/index.php\/wp-json\/wp\/v2\/comments?post=149634"}],"version-history":[{"count":0,"href":"http:\/\/cordobadirecto.com\/index.php\/wp-json\/wp\/v2\/posts\/149634\/revisions"}],"wp:attachment":[{"href":"http:\/\/cordobadirecto.com\/index.php\/wp-json\/wp\/v2\/media?parent=149634"}],"wp:term":[{"taxonomy":"category","embeddable":true,"href":"http:\/\/cordobadirecto.com\/index.php\/wp-json\/wp\/v2\/categories?post=149634"},{"taxonomy":"post_tag","embeddable":true,"href":"http:\/\/cordobadirecto.com\/index.php\/wp-json\/wp\/v2\/tags?post=149634"}],"curies":[{"name":"wp","href":"https:\/\/api.w.org\/{rel}","templated":true}]}}