{"id":149639,"date":"2024-04-29T14:13:05","date_gmt":"2024-04-29T14:13:05","guid":{"rendered":"https:\/\/notepeines.com.ar\/?p=3300"},"modified":"2024-04-29T14:13:05","modified_gmt":"2024-04-29T14:13:05","slug":"critica-roger-koza-a-los-impactados","status":"publish","type":"post","link":"http:\/\/cordobadirecto.com\/index.php\/2024\/04\/29\/critica-roger-koza-a-los-impactados\/","title":{"rendered":"Cr\u00edtica Roger Koza a \u00abLos Impactados\u00bb"},"content":{"rendered":"<div><img src=\"http:\/\/cordobadirecto.com\/wp-content\/uploads\/2024\/05\/critica-roger-koza-a-los-impactados.jpg\" class=\"ff-og-image-inserted\"><\/div>\n<p>Para Leer<\/p>\n<p>Cr\u00edtica Roger Koza a \u00abLos Impactados\u00bb<\/p>\n<p><em>Los Impactados<\/em>, largometraje de drama, dirigido por<strong>&nbsp;<\/strong>Luc\u00eda Puenzo.<\/p>\n<p>Con las interpretaciones de Mariana Di Girolamo, Germ\u00e1n Palacios, Guillermo Pfening, Osmar Nu\u00f1ez, Moro Anghileri.<\/p>\n<p>Sinopsis del film: El impacto de un rayo que sufre Ada durante una tormenta en el campo, la reconfigura f\u00edsica y ps\u00edquicamente. La inquietan una serie de extra\u00f1os s\u00edntomas que no puede controlar: alucinaciones visuales y auditivas, descargas el\u00e9ctricas y confusiones temporales que terminan alej\u00e1ndola de lo que fue su vida antes. Encuentra sost\u00e9n en un grupo de impactados y el m\u00e9dico en quien conf\u00edan ciegamente. Para Ada, el camino hacia la electrofilia ser\u00e1 un viaje sin retorno.<\/p>\n<p>An\u00e1lisis en el ojo de nuestro cr\u00edtico de cine, Roger Koza.<\/p>\n<p>Columna en el programa radial&nbsp;<strong>Mir\u00e1 Quien Habla<\/strong>, que va todas las ma\u00f1anas por FM 102.3 C\u00f3rdoba.<\/p>\n<p>Para volver a escuchar:<\/p>\n<figure class=\"wp-block-embed is-type-rich is-provider-spotify wp-block-embed-spotify wp-embed-aspect-21-9 wp-has-aspect-ratio\"><\/figure>\n","protected":false},"excerpt":{"rendered":"<p>Para Leer Cr\u00edtica Roger Koza a \u00abLos Impactados\u00bb Los Impactados, largometraje de drama, dirigido por&nbsp;Luc\u00eda Puenzo. Con las interpretaciones de Mariana Di Girolamo, Germ\u00e1n Palacios, Guillermo Pfening, Osmar Nu\u00f1ez, Moro Anghileri. Sinopsis del film: El impacto de un rayo que sufre Ada durante una tormenta en el campo, la reconfigura f\u00edsica y ps\u00edquicamente. La inquietan [&hellip;]<\/p>\n","protected":false},"author":1,"featured_media":149640,"comment_status":"open","ping_status":"closed","sticky":false,"template":"","format":"standard","meta":[],"categories":[19],"tags":[],"_links":{"self":[{"href":"http:\/\/cordobadirecto.com\/index.php\/wp-json\/wp\/v2\/posts\/149639"}],"collection":[{"href":"http:\/\/cordobadirecto.com\/index.php\/wp-json\/wp\/v2\/posts"}],"about":[{"href":"http:\/\/cordobadirecto.com\/index.php\/wp-json\/wp\/v2\/types\/post"}],"author":[{"embeddable":true,"href":"http:\/\/cordobadirecto.com\/index.php\/wp-json\/wp\/v2\/users\/1"}],"replies":[{"embeddable":true,"href":"http:\/\/cordobadirecto.com\/index.php\/wp-json\/wp\/v2\/comments?post=149639"}],"version-history":[{"count":0,"href":"http:\/\/cordobadirecto.com\/index.php\/wp-json\/wp\/v2\/posts\/149639\/revisions"}],"wp:featuredmedia":[{"embeddable":true,"href":"http:\/\/cordobadirecto.com\/index.php\/wp-json\/wp\/v2\/media\/149640"}],"wp:attachment":[{"href":"http:\/\/cordobadirecto.com\/index.php\/wp-json\/wp\/v2\/media?parent=149639"}],"wp:term":[{"taxonomy":"category","embeddable":true,"href":"http:\/\/cordobadirecto.com\/index.php\/wp-json\/wp\/v2\/categories?post=149639"},{"taxonomy":"post_tag","embeddable":true,"href":"http:\/\/cordobadirecto.com\/index.php\/wp-json\/wp\/v2\/tags?post=149639"}],"curies":[{"name":"wp","href":"https:\/\/api.w.org\/{rel}","templated":true}]}}