{"id":14964,"date":"2021-08-21T22:06:55","date_gmt":"2021-08-21T22:06:55","guid":{"rendered":"http:\/\/cordobadirecto.com\/index.php\/2021\/08\/21\/ivan-de-pineda-entre-la-eterna-curiosidad-y-el-valor-de-las-experiencias\/"},"modified":"2021-08-21T22:06:55","modified_gmt":"2021-08-21T22:06:55","slug":"ivan-de-pineda-entre-la-eterna-curiosidad-y-el-valor-de-las-experiencias","status":"publish","type":"post","link":"http:\/\/cordobadirecto.com\/index.php\/2021\/08\/21\/ivan-de-pineda-entre-la-eterna-curiosidad-y-el-valor-de-las-experiencias\/","title":{"rendered":"Iv\u00e1n de Pineda: entre la eterna curiosidad y el valor de las experiencias"},"content":{"rendered":"<div class=\"image\" id=\"image\" readability=\"10\"> <img src=\"http:\/\/cordobadirecto.com\/wp-content\/uploads\/2021\/08\/ivan-de-pineda-entre-la-eterna-curiosidad-y-el-valor-de-las-experiencias.jpg\" alt=\"Ser\u00e1n 12 cap\u00edtulos, que adem\u00e1s estar\u00e1n disponibles todos los domingos y lunes en TNT, TNT Series y TBS y por streaming Pluto TV.\" title=\"Ser\u00e1n 12 cap\u00edtulos, que adem\u00e1s estar\u00e1n disponibles todos los domingos y lunes en TNT, TNT Series y TBS y por streaming Pluto TV.\"><\/p>\n<p>Ser\u00e1n 12 cap\u00edtulos, que adem\u00e1s estar\u00e1n disponibles todos los domingos y lunes en TNT, TNT Series y TBS y por streaming Pluto TV.<\/p>\n<\/div>\n<p>Las m\u00e1s de dos d\u00e9cadas que Iv\u00e1n de Pineda lleva invertidas en recorrer el mundo parecen generar en \u00e9l lo contrario a lo que podr\u00eda suponerse: viajero por trabajo y por placer, la inquietud y las ansias de &#8220;volar con la mente en tiempo y espacio&#8221; del conductor siguen m\u00e1s intactas que nunca.<\/p>\n<p>As\u00ed lo demuestra a trav\u00e9s de sus conversaciones -siempre condimentadas con alg\u00fan dato curioso o hist\u00f3rico ocasional- en el rodaje del cuarto ciclo de &#8220;Un peque\u00f1o gran viaje en 48 hs&#8221;, que durante los \u00faltimos d\u00edas encuentra al exmodelo en la pintoresca ciudad rionegrina de San Carlos de Bariloche. All\u00ed T\u00e9lam estuvo presente para conocer m\u00e1s de la temporada que debutar\u00e1 en la medianoche de este s\u00e1bado por Telefe, al t\u00e9rmino de &#8220;PH, Podemos Hablar&#8221;.<\/p>\n<p>Es que para esta nueva entrega, cuyo primer episodio propondr\u00e1 una serie de actividades programadas para realizar en dos d\u00edas en una Ushuaia invernal, el conglomerado WarnerMedia, responsable de emitir el programa en a\u00f1os anteriores a trav\u00e9s del canal TNT, se ali\u00f3 con ViacomCBS para darle un espacio en la televisi\u00f3n de aire local.<\/p>\n<div class=\"image\" id=\"image\" readability=\"7\"> <img src=\"http:\/\/cordobadirecto.com\/wp-content\/uploads\/2021\/08\/ivan-de-pineda-entre-la-eterna-curiosidad-y-el-valor-de-las-experiencias-1.jpg\" alt=\"Pineda tiene un sello propio marca registrada al frente de ciclos de viaje en la pantalla chica.\" title=\"Pineda tiene un sello propio marca registrada al frente de ciclos de viaje en la pantalla chica.\"><\/p>\n<p>Pineda tiene un sello propio marca registrada al frente de ciclos de viaje en la pantalla chica.<\/p>\n<\/div>\n<p>A lo largo de doce cap\u00edtulos, que adem\u00e1s estar\u00e1n disponibles en formato multipantalla todos los domingos y lunes en las se\u00f1ales TNT, TNT Series y TBS y en la plataforma de streaming Pluto TV, se invitar\u00e1 a las y los espectadores a conocer m\u00e1s sobre las actividades, las costumbres y los habitantes de otros destinos como Jujuy, Salta, Tucum\u00e1n, Misiones, Corrientes, Santiago del Estero, Entre R\u00edos, San Juan, Mendoza y El Calafate.<\/p>\n<p>&#8220;Me parece que el tiempo es una cuesti\u00f3n relativa, en mucho tiempo podemos hacer poco y en poco tiempo podemos hacer mucho. Yo creo que s\u00ed vale la pena armar un recorrido en poco tiempo y que se pueda aprovechar, con experiencias que no solo alegren el alma y hasta toquen alguna fibra personal, sino que siembren una semilla de inquietud&#8221;, propone De Pineda en di\u00e1logo con esta agencia en un alto de las grabaciones.<\/p>\n<p>La conversaci\u00f3n tiene lugar en el ic\u00f3nico Hotel Llao Llao enclavado entre el Lago Perito Moreno y el Lago Nahuel Huapi, con las imponentes monta\u00f1as andinas nevadas como tel\u00f3n de fondo: &#8220;Despu\u00e9s de un viaje as\u00ed -agrega el conductor-, volv\u00e9s conociendo algunos aspectos m\u00e1s o menos rudimentarios, pero variados y con las ganas de volver, sabiendo que sumaste algo a tu vida. Quiz\u00e1s en ese momento no te diste cuenta, pero en alg\u00fan momento en tu mente aparece la postal de ese lugar y una sensaci\u00f3n de alegr\u00eda hasta en el cuerpo que vale un mont\u00f3n&#8221;.<\/p>\n<blockquote readability=\"8\">\n<p>&#8220;Despu\u00e9s de un viaje volv\u00e9s conociendo algunos aspectos y con las ganas de volver, sabiendo que sumaste algo a tu vida. En alg\u00fan momento en tu mente aparece la postal de ese lugar y una sensaci\u00f3n de alegr\u00eda hasta en el cuerpo que vale un mont\u00f3n&#8221;<span class=\"comilla\">\u201d<\/span><\/p>\n<p><span>Iv\u00e1n de Pineda<\/span><\/p>\n<\/blockquote>\n<p>Ya con un sello propio marca registrada al frente de ciclos de viaje en la pantalla chica, con una trayectoria muy apoyada en la investigaci\u00f3n y con una enorme preparaci\u00f3n personal, como lo demostr\u00f3 el \u00e9xito de &#8220;Resto del mundo&#8221; -con quince temporadas en la competidora se\u00f1al de eltrece-, el conductor tambi\u00e9n admite que su contrato con el p\u00fablico se basa en &#8220;tener una mirada muy sincera y muy aut\u00e9ntica&#8221; en relaci\u00f3n a las situaciones con las que se encuentra.<\/p>\n<p>&#8220;Soy muy agradecido por la oportunidad que tengo de estar conociendo y aprendiendo constantemente de tantos y diversos lugares, sus idiosincrasias, sus culturas, tradiciones, econom\u00edas, su gente, su sentir&#8221;, a\u00f1ade sobre su manera de encarar la labor, como comunicador y trotamundos experto a la vez.<\/p>\n<p>En ese sentido, considera que &#8220;es muy importante tener una mentalidad abierta, ante todo ser muy respetuoso, e intentar establecer relaciones e interacciones que, aunque parezcan ef\u00edmeras, sean muy francas en el ida y vuelta&#8221; con las personas que hacen las veces de gu\u00edas en cada destino.<\/p>\n<blockquote readability=\"6\">\n<p>&#8220;Soy muy agradecido por la oportunidad que tengo de estar conociendo y aprendiendo constantemente de tantos y diversos lugares&#8221;<span class=\"comilla\">\u201d<\/span><\/p>\n<p><span>Iv\u00e1n de Pineda<\/span><\/p>\n<\/blockquote>\n<p>&#8220;Tambi\u00e9n creo que es clave la impronta que tenemos a la hora de presentar los lugares que visitamos en t\u00e9rminos de imagen, c\u00f3mo tratamos cada una de las postales que queremos crear, c\u00f3mo establecemos los v\u00ednculos y c\u00f3mo nos involucramos con las cosas que estamos viviendo. Me parece que es desde ese punto donde empezamos a construir&#8221; cada propuesta, comenta.<\/p>\n<p>C\u00e1lido y evidentemente apasionado por lo que hace pero de perfil bajo, De Pineda se permite momentos de distensi\u00f3n entre toma y toma, como tentar con galletitas a las gaviotas que sobrevuelan un catamar\u00e1n en direcci\u00f3n a la Isla Victoria o maravillarse con una secuoya monumental y antiqu\u00edsima, entre las pautadas charlas con lugare\u00f1os y especialistas y las caminatas por los distintos escenarios que conforman el territorio argentino.<\/p>\n<p>&#8220;Me siento orgulloso de todo esto, y espero poder compartir las maravillosas historias que tenemos en el pa\u00eds, los paisajes, los lugares \u00fanicos que solamente est\u00e1n en esta geograf\u00eda a lo largo de todas sus latitudes, y que me parecen realmente incre\u00edbles. Las ant\u00edpodas son espectaculares y alucinantes, visit\u00e9moslas, pero viajar a trav\u00e9s de Argentina puede deparar muchas sorpresas&#8221;, asegura.<\/p>\n<blockquote readability=\"5\">\n<p>&#8220;Viajar a trav\u00e9s de Argentina puede deparar muchas sorpresas&#8221;<span class=\"comilla\">\u201d<\/span><\/p>\n<p><span>Iv\u00e1n de Pineda<\/span><\/p>\n<\/blockquote>\n<p>En medio de un panorama complejo producto de la pandemia de Covid-19 que compromete al turismo regional e internacional desde marzo del a\u00f1o pasado, este cuarto ciclo -que en ese marco y por primera vez cuenta con el apoyo del Ministerio de Turismo de la Naci\u00f3n- tambi\u00e9n est\u00e1 atravesado por la imposici\u00f3n ineludible de los protocolos sanitarios correspondientes, que a\u00fan as\u00ed no impiden &#8220;tener buenas experiencias y compartirlas&#8221; tanto con la producci\u00f3n como con el p\u00fablico.<\/p>\n<p>En las filmaciones, la atenci\u00f3n por los cuidados frente al virus es alta y cumple en este caso una segunda y bienvenida funci\u00f3n: el uso constante de tapabocas por parte de todos los integrantes del equipo y el grupo de acompa\u00f1antes resguarda frente a la helada llovizna que cae con fuerza en la cubierta de la embarcaci\u00f3n.<\/p>\n<blockquote readability=\"7\">\n<p>&#8220;Mi b\u00fasqueda es mostrar algo que se pueda apreciar y despierte inquietudes, aunque est\u00e9 lejos de lo que uno piense o crea&#8221;<span class=\"comilla\">\u201d<\/span><\/p>\n<p><span>Iv\u00e1n de Pineda<\/span><\/p>\n<\/blockquote>\n<p>&#8220;Hay un compromiso muy grande con lo que hacemos -se enorgullece-, eso es una buena parte del v\u00ednculo que se forma con el p\u00fablico, y el prop\u00f3sito es que cualquier persona pueda verlo y disfrutarlo donde sea y con quien sea, m\u00e1s all\u00e1 de las segmentaciones. Mi b\u00fasqueda es mostrar algo que se pueda apreciar y despierte inquietudes, aunque est\u00e9 lejos de lo que uno piense o crea&#8221;.<\/p>\n<p>Por eso, De Pineda considera que &#8220;la belleza siempre est\u00e1 en el ojo de quien mira&#8221;: &#8220;Me parece fundamental que los espectadores realicen tambi\u00e9n su propio trabajo y puedan interpretar y vivir ese viaje con nosotros, y que les genere ganas de ahondar m\u00e1s sobre lo que vieron&#8221;, subraya.<\/p>\n<p>&#8220;Sigo aprendiendo y creciendo, me desarrollo, incorporo un mont\u00f3n de experiencias, pero es dif\u00edcil dar en el clavo con las palabras para describir algo que llevo tan dentro&#8221;, confiesa sobre su forma de vivir en la actualidad el universo de los viajes.<\/p>\n<p>Y en ese sentido, concluye: &#8220;Durante mucho tiempo no lo compart\u00eda de esta manera, y ahora s\u00ed tengo la oportunidad. Lo siento como una responsabilidad, y me resulta muy satisfactorio poder hacerlo de esta manera, disfrutando de algo que vivo totalmente a flor de piel&#8221;. <\/p>\n","protected":false},"excerpt":{"rendered":"<p>Ser\u00e1n 12 cap\u00edtulos, que adem\u00e1s estar\u00e1n disponibles todos los domingos y lunes en TNT, TNT Series y TBS y por streaming Pluto TV. Las m\u00e1s de dos d\u00e9cadas que Iv\u00e1n de Pineda lleva invertidas en recorrer el mundo parecen generar en \u00e9l lo contrario a lo que podr\u00eda suponerse: viajero por trabajo y por placer, [&hellip;]<\/p>\n","protected":false},"author":1,"featured_media":14965,"comment_status":"closed","ping_status":"closed","sticky":false,"template":"","format":"standard","meta":[],"categories":[20],"tags":[],"_links":{"self":[{"href":"http:\/\/cordobadirecto.com\/index.php\/wp-json\/wp\/v2\/posts\/14964"}],"collection":[{"href":"http:\/\/cordobadirecto.com\/index.php\/wp-json\/wp\/v2\/posts"}],"about":[{"href":"http:\/\/cordobadirecto.com\/index.php\/wp-json\/wp\/v2\/types\/post"}],"author":[{"embeddable":true,"href":"http:\/\/cordobadirecto.com\/index.php\/wp-json\/wp\/v2\/users\/1"}],"replies":[{"embeddable":true,"href":"http:\/\/cordobadirecto.com\/index.php\/wp-json\/wp\/v2\/comments?post=14964"}],"version-history":[{"count":0,"href":"http:\/\/cordobadirecto.com\/index.php\/wp-json\/wp\/v2\/posts\/14964\/revisions"}],"wp:featuredmedia":[{"embeddable":true,"href":"http:\/\/cordobadirecto.com\/index.php\/wp-json\/wp\/v2\/media\/14965"}],"wp:attachment":[{"href":"http:\/\/cordobadirecto.com\/index.php\/wp-json\/wp\/v2\/media?parent=14964"}],"wp:term":[{"taxonomy":"category","embeddable":true,"href":"http:\/\/cordobadirecto.com\/index.php\/wp-json\/wp\/v2\/categories?post=14964"},{"taxonomy":"post_tag","embeddable":true,"href":"http:\/\/cordobadirecto.com\/index.php\/wp-json\/wp\/v2\/tags?post=14964"}],"curies":[{"name":"wp","href":"https:\/\/api.w.org\/{rel}","templated":true}]}}