{"id":149645,"date":"2024-05-02T17:40:24","date_gmt":"2024-05-02T17:40:24","guid":{"rendered":"http:\/\/cordobadirecto.com\/index.php\/2024\/05\/02\/el-intendente-passerini-acompano-la-firma-del-convenio-entre-cordoba-acelera-y-la-camara\/"},"modified":"2024-05-02T17:40:24","modified_gmt":"2024-05-02T17:40:24","slug":"el-intendente-passerini-acompano-la-firma-del-convenio-entre-cordoba-acelera-y-la-camara","status":"publish","type":"post","link":"http:\/\/cordobadirecto.com\/index.php\/2024\/05\/02\/el-intendente-passerini-acompano-la-firma-del-convenio-entre-cordoba-acelera-y-la-camara\/","title":{"rendered":"El intendente Passerini acompa\u00f1\u00f3 la firma del convenio entre <b>C\u00f3rdoba<\/b> Acelera y la C\u00e1mara &#8230;"},"content":{"rendered":"<p>La C\u00e1mara de Comercio Argentino Israel\u00ed, adem\u00e1s, se compromete a promover el programa Digital N\u00f3mades <b>C\u00f3rdoba<\/b> para impulsar el desarrollo econ\u00f3mico y&nbsp;&#8230; <\/p>\n","protected":false},"excerpt":{"rendered":"<p>La C\u00e1mara de Comercio Argentino Israel\u00ed, adem\u00e1s, se compromete a promover el programa Digital N\u00f3mades C\u00f3rdoba para impulsar el desarrollo econ\u00f3mico y&nbsp;&#8230;<\/p>\n","protected":false},"author":1,"featured_media":0,"comment_status":"closed","ping_status":"closed","sticky":false,"template":"","format":"standard","meta":[],"categories":[40],"tags":[],"_links":{"self":[{"href":"http:\/\/cordobadirecto.com\/index.php\/wp-json\/wp\/v2\/posts\/149645"}],"collection":[{"href":"http:\/\/cordobadirecto.com\/index.php\/wp-json\/wp\/v2\/posts"}],"about":[{"href":"http:\/\/cordobadirecto.com\/index.php\/wp-json\/wp\/v2\/types\/post"}],"author":[{"embeddable":true,"href":"http:\/\/cordobadirecto.com\/index.php\/wp-json\/wp\/v2\/users\/1"}],"replies":[{"embeddable":true,"href":"http:\/\/cordobadirecto.com\/index.php\/wp-json\/wp\/v2\/comments?post=149645"}],"version-history":[{"count":0,"href":"http:\/\/cordobadirecto.com\/index.php\/wp-json\/wp\/v2\/posts\/149645\/revisions"}],"wp:attachment":[{"href":"http:\/\/cordobadirecto.com\/index.php\/wp-json\/wp\/v2\/media?parent=149645"}],"wp:term":[{"taxonomy":"category","embeddable":true,"href":"http:\/\/cordobadirecto.com\/index.php\/wp-json\/wp\/v2\/categories?post=149645"},{"taxonomy":"post_tag","embeddable":true,"href":"http:\/\/cordobadirecto.com\/index.php\/wp-json\/wp\/v2\/tags?post=149645"}],"curies":[{"name":"wp","href":"https:\/\/api.w.org\/{rel}","templated":true}]}}