{"id":149650,"date":"2024-05-02T12:10:26","date_gmt":"2024-05-02T12:10:26","guid":{"rendered":"https:\/\/cordoba.gob.ar\/?p=57411"},"modified":"2024-05-02T12:10:26","modified_gmt":"2024-05-02T12:10:26","slug":"el-intendente-passerini-acompano-la-firma-del-convenio-entre-cordoba-acelera-y-la-camara-de-comercio-argentino-israeli","status":"publish","type":"post","link":"http:\/\/cordobadirecto.com\/index.php\/2024\/05\/02\/el-intendente-passerini-acompano-la-firma-del-convenio-entre-cordoba-acelera-y-la-camara-de-comercio-argentino-israeli\/","title":{"rendered":"El intendente Passerini acompa\u00f1\u00f3 la firma del convenio entre C\u00f3rdoba Acelera y\u00a0la C\u00e1mara de Comercio Argentino Israel\u00ed"},"content":{"rendered":"<div><img src=\"http:\/\/cordobadirecto.com\/wp-content\/uploads\/2024\/05\/el-intendente-passerini-acompano-la-firma-del-convenio-entre-cordoba-acelera-y-la-camara-de-comercio-argentino-israeli.jpg\" class=\"ff-og-image-inserted\"><\/div>\n<ul class=\"ak-ul\">\n<li><strong>El acuerdo tiene como objetivo fortalecer la cooperaci\u00f3n entre C\u00f3rdoba e Israel en materia de promoci\u00f3n de inversiones e intercambio comercial.<\/strong><\/li>\n<\/ul>\n<hr>\n<p>El intendente Daniel Passerini particip\u00f3 de la firma del convenio de entendimiento entre el ente municipal C\u00f3rdoba Acelera y la C\u00e1mara de Comercio Argentino Israel\u00ed en la ciudad de Buenos Aires.<\/p>\n<p>A trav\u00e9s de esta firma, ambas instituciones sellaron un acuerdo que tiene como fin fortalecer la cooperaci\u00f3n entre la ciudad de C\u00f3rdoba e Israel en la promoci\u00f3n de inversiones, el intercambio comercial, el desarrollo empresarial y la innovaci\u00f3n.<\/p>\n<p>Adem\u00e1s, se establece que trabajar\u00e1n en conjunto para identificar \u00e1reas de cooperaci\u00f3n, compartir informaci\u00f3n comercial permitida por la ley y coordinar eventos y actividades empresariales.<\/p>\n<p>La C\u00e1mara de Comercio Argentino Israel\u00ed, adem\u00e1s, se compromete a promover el programa Digital N\u00f3mades C\u00f3rdoba para impulsar el desarrollo econ\u00f3mico y cultural de la ciudad de C\u00f3rdoba, y difundir las actividades de los clusters para su internacionalizaci\u00f3n.<\/p>\n<p>Este convenio representa un paso importante para afianzar el v\u00ednculo entre el municipio y las asociaciones empresariales, promover el desarrollo econ\u00f3mico de la ciudad y conectar a C\u00f3rdoba Capital con el mundo.<\/p>\n<p>Del encuentro participaron adem\u00e1s la presidenta de C\u00f3rdoba Acelera, Mariela Bercovich; el director secretario de la C\u00e1mara de Comercio Argentino Israel\u00ed, Dario Sykuler; el presidente, Mario Montoto; y Muriel Balbi, gerente de Invest C\u00f3rdoba Capital, entre otros.<\/p>\n<p><strong>Sobre la C\u00e1mara de Comercio Argentino Israel\u00ed<\/strong><\/p>\n<p>Fundada en 1948, trabaja junto a entidades oficiales y privadas de Argentina y el Estado de Israel en el fortalecimiento del intercambio bilateral, la vinculaci\u00f3n entre entidades p\u00fablicas y privadas de ambas naciones, la transferencia tecnol\u00f3gica en materia de innovaci\u00f3n aplicada, y en entablar acciones de cooperaci\u00f3n conjunta en todos los \u00e1mbitos que permitan el mejoramiento de las relaciones bilaterales entre los dos pa\u00edses.<\/p>\n","protected":false},"excerpt":{"rendered":"<p>El acuerdo tiene como objetivo fortalecer la cooperaci\u00f3n entre C\u00f3rdoba e Israel en materia de promoci\u00f3n de inversiones e intercambio comercial. El intendente Daniel Passerini particip\u00f3 de la firma del convenio de entendimiento entre el ente municipal C\u00f3rdoba Acelera y la C\u00e1mara de Comercio Argentino Israel\u00ed en la ciudad de Buenos Aires. A trav\u00e9s de [&hellip;]<\/p>\n","protected":false},"author":1,"featured_media":149651,"comment_status":"closed","ping_status":"closed","sticky":false,"template":"","format":"standard","meta":[],"categories":[44],"tags":[],"_links":{"self":[{"href":"http:\/\/cordobadirecto.com\/index.php\/wp-json\/wp\/v2\/posts\/149650"}],"collection":[{"href":"http:\/\/cordobadirecto.com\/index.php\/wp-json\/wp\/v2\/posts"}],"about":[{"href":"http:\/\/cordobadirecto.com\/index.php\/wp-json\/wp\/v2\/types\/post"}],"author":[{"embeddable":true,"href":"http:\/\/cordobadirecto.com\/index.php\/wp-json\/wp\/v2\/users\/1"}],"replies":[{"embeddable":true,"href":"http:\/\/cordobadirecto.com\/index.php\/wp-json\/wp\/v2\/comments?post=149650"}],"version-history":[{"count":0,"href":"http:\/\/cordobadirecto.com\/index.php\/wp-json\/wp\/v2\/posts\/149650\/revisions"}],"wp:featuredmedia":[{"embeddable":true,"href":"http:\/\/cordobadirecto.com\/index.php\/wp-json\/wp\/v2\/media\/149651"}],"wp:attachment":[{"href":"http:\/\/cordobadirecto.com\/index.php\/wp-json\/wp\/v2\/media?parent=149650"}],"wp:term":[{"taxonomy":"category","embeddable":true,"href":"http:\/\/cordobadirecto.com\/index.php\/wp-json\/wp\/v2\/categories?post=149650"},{"taxonomy":"post_tag","embeddable":true,"href":"http:\/\/cordobadirecto.com\/index.php\/wp-json\/wp\/v2\/tags?post=149650"}],"curies":[{"name":"wp","href":"https:\/\/api.w.org\/{rel}","templated":true}]}}