{"id":149656,"date":"2024-05-01T03:01:45","date_gmt":"2024-05-01T03:01:45","guid":{"rendered":"https:\/\/www.ole.com.ar\/autos\/30-anos-muerte-ayrton-senna-idolo_0_7MUU4dx5t9.html"},"modified":"2024-05-01T03:01:45","modified_gmt":"2024-05-01T03:01:45","slug":"ayrton-senna-por-que-fue-y-es-tan-idolo","status":"publish","type":"post","link":"http:\/\/cordobadirecto.com\/index.php\/2024\/05\/01\/ayrton-senna-por-que-fue-y-es-tan-idolo\/","title":{"rendered":"Ayrton Senna: \u00bfpor qu\u00e9 fue y es tan \u00eddolo?"},"content":{"rendered":"<p><time class=\"createDate\" datetime=\"2024-05-01T00:01:45-03:00\">01\/05\/2024 00:01hs.<\/time><time class=\"modificatedDate\" datetime=\"2024-05-01T00:01:45-03:00\"> Actualizado al 30\/04\/2024 20:44hs.<\/time><\/p>\n<div id=\"storyBody\">\n<div class=\"custom-text \" readability=\"39\">\n<p>Es muy com\u00fan ver a gente que tiene como nombre Diego Armando por Maradona o Lionel por Messi \u00bfPero <strong>llamarte Ayrton?<\/strong> As\u00ed como puede ser un cantante, un actor o una figura p\u00fablica, los deportistas son personas que tienen un impacto muy importante en la vida de las personas, trascienden generaciones y ganan fan\u00e1ticos que son capaces de ponerles sus nombres a sus hijos para recordar a quien m\u00e1s los represent\u00f3 en alg\u00fan momento. <strong>Bueno, as\u00ed pas\u00f3 con Ayrton Senna en todo el mundo.<\/strong><\/p>\n<\/div>\n<div class=\"custom-text \" readability=\"36\">\n<p>Este mi\u00e9rcoles se cumple el <strong>trig\u00e9simo aniversario de la tr\u00e1gica muerte del hist\u00f3rico piloto <\/strong>brasile\u00f1o de la F\u00f3rmula 1. Aquel 1\u00b0 de mayo de 1994 a las 12.47 (hora local) qued\u00f3 en la historia de las p\u00e1ginas negras de la categor\u00eda tras el impacto a 220 km\/h en la curva Tamburello del Autodromo Enzo e Dino Ferrari de Imola, en el Gran Premio de San Marino.<\/p>\n<\/div>\n<div class=\"sc-e7b891c4-0 jPbnQF\"><img alt=\"Senna festejando su 30\u00b0 triunfo, en Brasil.\" src=\"http:\/\/cordobadirecto.com\/wp-content\/uploads\/2024\/05\/ayrton-senna-por-que-fue-y-es-tan-idolo.jpg\" width=\"720\" height=\"100\" decoding=\"async\" data-nimg=\"future\" loading=\"lazy\"><span class=\"epigraphe\">Senna festejando su 30\u00b0 triunfo, en Brasil.<\/span><\/div>\n<div class=\"custom-text \" readability=\"51\">\n<p>M\u00e1s all\u00e1 de sus resultados y el tricampeonato, un aura y una personalidad ganadora, m\u00edstica, exitosa, carism\u00e1tica, apasionada pero por sobre todo, diferente al resto, lo llev\u00f3 a los documentos y las remeras. As\u00ed tambi\u00e9n era adentro de la pista: <strong>competidor, agresivo, rival de sus rivales y de sus propios compa\u00f1eros, hasta de \u00e9l mismo<\/strong>. Senna ten\u00eda eso que hace salir del molde a las personas, destacado por ir al frente en cualquier situaci\u00f3n y hacerse grande pese a su baja estatura (1,76), decir lo que hubiera que decir, hacer lo que hubiera que decir y si eso llevaba consigo una pelea con alguien, ah\u00ed estaba \u00e9l, para hacer valer sus convicciones.<\/p>\n<\/div>\n<div class=\"custom-text \" readability=\"39\">\n<p>El mismo Senna confes\u00f3 que, durante la qualy del Gran Premio de M\u00f3naco en 1988, fue m\u00e1s r\u00e1pido de lo que su cuerpo y su mente pod\u00edan comprender. &#8220;De repente me asust\u00e9, porque <strong>me di cuenta de que estaba m\u00e1s all\u00e1 de mi comprensi\u00f3n consciente<\/strong>. Conduje lentamente hasta boxes y no sal\u00ed m\u00e1s ese d\u00eda&#8221;, asegur\u00f3 quien tambi\u00e9n gan\u00f3 una carrera nada menos que con la caja de cambios trabada&#8230;<\/p>\n<\/div>\n<div class=\"sc-e7b891c4-0 jPbnQF\"><img alt=\"Senna con Ron Dennis en M\u00f3naco.\" src=\"http:\/\/cordobadirecto.com\/wp-content\/uploads\/2024\/05\/ayrton-senna-por-que-fue-y-es-tan-idolo-1.jpg\" width=\"720\" height=\"100\" decoding=\"async\" data-nimg=\"future\" loading=\"lazy\"><span class=\"epigraphe\">Senna con Ron Dennis en M\u00f3naco.<\/span><\/div>\n<div class=\"custom-text \" readability=\"42\">\n<p>Una de las mejores y m\u00e1s representativas maneras de tomar dimensi\u00f3n de lo que signific\u00f3 Senna para muchas personas es enterarse que les pusieron <strong>el nombre Ayrton a sus hijos para recordarlo<\/strong>. Pero tambi\u00e9n basta con ver su nombre y su cara en distintas <strong>calles, libros, pel\u00edculas, series y en los distintos museos<\/strong>, tanto de Brasil, como de Imola, como de todo el mundo. Por algo <strong>cada 1\u00b0 de mayo suena m\u00fasica brasile\u00f1a por las calles y<\/strong> bares en conmemoraci\u00f3n a \u00e9l y la cultura de su pa\u00eds, en la llamada La Noche Brasile\u00f1a.<\/p>\n<\/div>\n<div class=\"sc-e7b891c4-0 jPbnQF\"><img alt=\"La hinchada de Corinthians y la bandera de Senna.\" src=\"http:\/\/cordobadirecto.com\/wp-content\/uploads\/2024\/05\/ayrton-senna-por-que-fue-y-es-tan-idolo-2.jpg\" width=\"720\" height=\"100\" decoding=\"async\" data-nimg=\"future\" loading=\"lazy\"><span class=\"epigraphe\">La hinchada de Corinthians y la bandera de Senna.<\/span><\/div>\n<div class=\"custom-text \" readability=\"39\">\n<p>El mundo del f\u00fatbol no se quedar\u00e1 atr\u00e1s en su recuerdo: el Corinthians, equipo del que era hincha Senna, vestir\u00e1 una <strong>camiseta especial en su pr\u00f3ximo partido con su cara<\/strong>. Adem\u00e1s, Netflix anunci\u00f3 con un tr\u00e1iler que <strong>lanzar\u00e1n la serie &#8220;Senna&#8221;<\/strong>, inspirada en su vida y su carrera deportiva con el actor brasile\u00f1o Gabriel Leone haciendo su papel.<\/p>\n<\/div>\n<div type=\"embed\" class=\"sc-3f46f5ae-0 djVTgz\">\n<div class=\"sc-3f46f5ae-1 fTjZec videoText\" id=\"contentTitleembedEFjor0Ra\" type=\"embed\"><svg fill=\"#ffffff\"><symbol id=\"play\" viewBox=\"0 0 512 512\"><path d=\"M512 256C512 397.4 397.4 512 256 512C114.6 512 0 397.4 0 256C0 114.6 114.6 0 256 0C397.4 0 512 114.6 512 256zM176 168V344C176 352.7 180.7 360.7 188.3 364.9C195.8 369.2 205.1 369 212.5 364.5L356.5 276.5C363.6 272.1 368 264.4 368 256C368 247.6 363.6 239.9 356.5 235.5L212.5 147.5C205.1 142.1 195.8 142.8 188.3 147.1C180.7 151.3 176 159.3 176 168V168z\" \/><\/symbol><use xlink:href=\"#play\" \/><\/svg><\/p>\n<div class=\"right\">\n<p>senna<!-- --> &#8211;<!-- --> <span>2-5-2024<\/span><\/p>\n<h2 class=\"title-vid\">La hinchada de Corinthians homenaje\u00f3 a Senna<\/h2>\n<\/div>\n<\/div>\n<p><span class=\"back\" id=\"spanBackembedEFjor0Ra\"><\/span><\/div>\n<div class=\"custom-text \" readability=\"37\">\n<p>En el circuito italiano en el que perdi\u00f3 la vida, se llevar\u00e1 a cabo este mi\u00e9rcoles un evento en su memoria, har\u00e1n una caminata por la ma\u00f1ana y abrir\u00e1n las tribunas al p\u00fablico durante la tarde, con una <strong>ceremonia en la curva de Tamburello<\/strong>.<\/p>\n<\/div>\n<div class=\"sc-e7b891c4-0 jPbnQF\"><img alt=\"Un homenaje a Senna en el carnaval en el samb\u00f3dromo de R\u00edo.\" src=\"http:\/\/cordobadirecto.com\/wp-content\/uploads\/2024\/05\/ayrton-senna-por-que-fue-y-es-tan-idolo-3.jpg\" width=\"720\" height=\"100\" decoding=\"async\" data-nimg=\"future\" loading=\"lazy\"><span class=\"epigraphe\">Un homenaje a Senna en el carnaval en el samb\u00f3dromo de R\u00edo.<\/span><\/div>\n<div class=\"custom-text \" readability=\"41\">\n<p>La <strong>habitaci\u00f3n 200 del Hotel Castello<\/strong>, en Bologna, fue el lugar donde pas\u00f3 su \u00faltima noche antes del comienzo del GP de San Marino. Hoy, la suite en la que \u00e9l estuvo, luce casi igual que como cuando se hosped\u00f3 Ayrton. El recinto de cuatro estrellas es un lugar de descanso habitual para los corredores de la F-1 cuando viajan a Italia, y tanto ellos como cualquier persona del p\u00fablico en general, pueden pasar una noche en la <strong>Suite Ayrton Senna por 349 euros <\/strong>(373 d\u00f3lares).<\/p>\n<\/div>\n<div class=\"sc-e7b891c4-0 jPbnQF\"><img alt=\"Una estatua de Senna en Copacabana.\" src=\"http:\/\/cordobadirecto.com\/wp-content\/uploads\/2024\/05\/ayrton-senna-por-que-fue-y-es-tan-idolo-4.jpg\" width=\"720\" height=\"100\" decoding=\"async\" data-nimg=\"future\" loading=\"lazy\"><span class=\"epigraphe\">Una estatua de Senna en Copacabana.<\/span><\/div>\n<p><h2>As\u00ed lo recordaban los m\u00e1s grandes<\/h2>\n<\/p>\n<div class=\"custom-text \" readability=\"40\">\n<p>La figura de <strong>Alain Prost<\/strong>, coequiper hist\u00f3rico del brasile\u00f1o, sigue siendo inseparable del destino de Senna. Ambos pilotos no solamente fueron compa\u00f1eros de equipo, sino que tuvieron una de las rivalidades m\u00e1s recordadas de la historia de la F-1. El franc\u00e9s puso fin a su carrera tras la temporada 1993, con un \u00faltimo t\u00edtulo de campe\u00f3n del mundo, pocos meses antes de la muerte de Ayrton.<\/p>\n<\/div>\n<div type=\"embed\" class=\"sc-3f46f5ae-0 djVTgz\">\n<div class=\"sc-3f46f5ae-1 fTjZec videoText\" id=\"contentTitleembedEvpIYRPI\" type=\"embed\"><svg fill=\"#ffffff\"><symbol id=\"play\" viewBox=\"0 0 512 512\"><path d=\"M512 256C512 397.4 397.4 512 256 512C114.6 512 0 397.4 0 256C0 114.6 114.6 0 256 0C397.4 0 512 114.6 512 256zM176 168V344C176 352.7 180.7 360.7 188.3 364.9C195.8 369.2 205.1 369 212.5 364.5L356.5 276.5C363.6 272.1 368 264.4 368 256C368 247.6 363.6 239.9 356.5 235.5L212.5 147.5C205.1 142.1 195.8 142.8 188.3 147.1C180.7 151.3 176 159.3 176 168V168z\" \/><\/symbol><use xlink:href=\"#play\" \/><\/svg><\/p>\n<div class=\"right\">\n<p>F\u00f3rmula 1<!-- --> &#8211;<!-- --> <span>2-5-2024<\/span><\/p>\n<h2 class=\"title-vid\">Senna en el recuerdo<\/h2>\n<\/div>\n<\/div>\n<p><span class=\"back\" id=\"spanBackembedEvpIYRPI\"><\/span><\/div>\n<div class=\"custom-text \" readability=\"36\">\n<p>&#8220;<strong>No guardo ning\u00fan mal recuerdo de \u00e9l<\/strong>. Guardo los seis \u00faltimos meses de su vida en mente, es el momento en el que aprend\u00ed a conocerle mucho mejor que antes. <strong>Era alguien completamente diferente<\/strong>. Entend\u00ed quien era realmente y por qu\u00e9 a veces jugaba a ser actor&#8221;, dijo Prost.<\/p>\n<\/div>\n<div class=\"sc-e7b891c4-0 jPbnQF\"><img alt=\"Senna tendr\u00eda 64 a\u00f1os.\" src=\"http:\/\/cordobadirecto.com\/wp-content\/uploads\/2024\/05\/ayrton-senna-por-que-fue-y-es-tan-idolo-5.jpg\" width=\"720\" height=\"100\" decoding=\"async\" data-nimg=\"future\" loading=\"lazy\"><span class=\"epigraphe\">Senna tendr\u00eda 64 a\u00f1os.<\/span><\/div>\n<div class=\"custom-text \" readability=\"38\">\n<p><strong>Michael Schumacher <\/strong>era todav\u00eda un joven piloto en aquel Gran Premio de \u00cdmola. El alem\u00e1n iba unos metros por detr\u00e1s de Senna en el momento del accidente. En 2000, le preguntaron qu\u00e9 sent\u00eda al igualar el entonces r\u00e9cord de 41 victorias establecido por Senna, el Kaiser empez\u00f3 llorar adelante de las c\u00e1maras, pese a su conocida frialdad.<\/p>\n<\/div>\n<div type=\"embed\" class=\"sc-3f46f5ae-0 djVTgz\">\n<div class=\"sc-3f46f5ae-1 fTjZec videoText\" id=\"contentTitleembedsBlpovJG\" type=\"embed\"><svg fill=\"#ffffff\"><symbol id=\"play\" viewBox=\"0 0 512 512\"><path d=\"M512 256C512 397.4 397.4 512 256 512C114.6 512 0 397.4 0 256C0 114.6 114.6 0 256 0C397.4 0 512 114.6 512 256zM176 168V344C176 352.7 180.7 360.7 188.3 364.9C195.8 369.2 205.1 369 212.5 364.5L356.5 276.5C363.6 272.1 368 264.4 368 256C368 247.6 363.6 239.9 356.5 235.5L212.5 147.5C205.1 142.1 195.8 142.8 188.3 147.1C180.7 151.3 176 159.3 176 168V168z\" \/><\/symbol><use xlink:href=\"#play\" \/><\/svg><\/p>\n<div class=\"right\">\n<p>f1<!-- --> &#8211;<!-- --> <span>2-5-2024<\/span><\/p>\n<h2 class=\"title-vid\">El mejor GP de M\u00f3naco: Senna-Mansell (1992)<\/h2>\n<\/div>\n<\/div>\n<p><span class=\"back\" id=\"spanBackembedsBlpovJG\"><\/span><\/div>\n<div class=\"custom-text \" readability=\"35\">\n<p>Lewis Hamilton es otro de lo que guarda tambi\u00e9n un emotivo recuerdo de aquel d\u00eda: &#8220;Ten\u00eda nueve a\u00f1os y mi pap\u00e1 me dijo que Ayrton Senna hab\u00eda muerto en un accidente. Como ni\u00f1o es dif\u00edcil entender qu\u00e9 quiere decir realmente, pero <strong>me fui detr\u00e1s del auto y llor\u00e9<\/strong>&#8220;.<\/p>\n<\/div>\n<p><h2>La tragedia que hizo cambiar la seguridad de los pilotos<\/h2>\n<\/p>\n<div class=\"custom-text \" readability=\"40\">\n<p>Las mejoras puestas en marcha hicieron que, desde entonces, tan s\u00f3lo un piloto haya fallecido como consecuencia de un accidente en F\u00f3rmula 1, <strong>el franc\u00e9s Jules Bianchi en 2014<\/strong>. La seguridad ya hab\u00eda hecho avances en los veinte a\u00f1os antes del accidente de Senna, por iniciativa de pilotos como Jackie Stetwart, pero el fallecimiento del brasile\u00f1o les hizo hacer un click.<\/p>\n<\/div>\n<div class=\"sc-e7b891c4-0 jPbnQF\"><img alt=\"Senna en acci\u00f3n.\" src=\"http:\/\/cordobadirecto.com\/wp-content\/uploads\/2024\/05\/ayrton-senna-por-que-fue-y-es-tan-idolo-6.jpg\" width=\"720\" height=\"100\" decoding=\"async\" data-nimg=\"future\" loading=\"lazy\"><span class=\"epigraphe\">Senna en acci\u00f3n.<\/span><\/div>\n<div class=\"custom-text \" readability=\"41\">\n<p>Hubo &#8220;tres grandes accidentes y creo que aquello conmocion\u00f3 a la F\u00f3rmula 1&#8221;, dijo el franc\u00e9s <strong>Fr\u00e9deric Vasseur<\/strong>, actual jefe de Ferrari. &#8220;No s\u00e9 si fue un desencadenante, pero creo que es verdad que muchas veces <strong>cambiamos cuando hay un accidente<\/strong>. Por ejemplo, despu\u00e9s de Jules, hicimos el halo&#8221;, cont\u00f3 sobre el arco que protege la cabeza de los pilotos.<\/p>\n<\/div>\n<div class=\"custom-text \" readability=\"36\">\n<p>Una investigaci\u00f3n determin\u00f3 que el accidente fue provocado porque <strong>la barra de direcci\u00f3n de su Williams se rompi\u00f3<\/strong>, y que una rueda le peg\u00f3 en su casco. Despu\u00e9s, un brazo de suspensi\u00f3n le perfor\u00f3 el asiento tras el impacto contra un muro de cemento. Hoy es leyenda&#8230;<\/p>\n<\/div>\n<div class=\"sc-a7166897-0 exHLBh\" readability=\"6\">\n<section readability=\"2\"><picture><img alt=\"El d\u00eda que Senna fue Dios\" src=\"http:\/\/cordobadirecto.com\/wp-content\/uploads\/2024\/05\/ayrton-senna-por-que-fue-y-es-tan-idolo-7.jpg\" width=\"290\" height=\"290\" decoding=\"async\" data-nimg=\"future\" loading=\"lazy\"><\/picture>\n<p><span>Mir\u00e1 tambi\u00e9n<\/span><\/p>\n<hr>\n<h3>El d\u00eda que Senna fue Dios<\/h3>\n<\/p>\n<\/section>\n<\/div>\n<div class=\"sc-a7166897-0 exHLBh\" readability=\"6\">\n<section readability=\"2\"><picture><img alt=\"Senna tendr\u00e1 su serie en Netflix\" src=\"http:\/\/cordobadirecto.com\/wp-content\/uploads\/2024\/05\/ayrton-senna-por-que-fue-y-es-tan-idolo-8.jpg\" width=\"290\" height=\"290\" decoding=\"async\" data-nimg=\"future\" loading=\"lazy\"><\/picture>\n<p><span>Mir\u00e1 tambi\u00e9n<\/span><\/p>\n<hr>\n<h3>Senna tendr\u00e1 su serie en Netflix<\/h3>\n<\/p>\n<\/section>\n<\/div>\n<div class=\"sc-a7166897-0 exHLBh\">\n<section><picture><img alt=\"El lado B\" src=\"http:\/\/cordobadirecto.com\/wp-content\/uploads\/2024\/05\/ayrton-senna-por-que-fue-y-es-tan-idolo-9.jpg\" width=\"290\" height=\"290\" decoding=\"async\" data-nimg=\"future\" loading=\"lazy\"><\/picture>\n<p><span>Mir\u00e1 tambi\u00e9n<\/span><\/p>\n<hr>\n<h3>El lado B<\/h3>\n<\/p>\n<\/section>\n<\/div>\n<\/div>\n","protected":false},"excerpt":{"rendered":"<p>01\/05\/2024 00:01hs. Actualizado al 30\/04\/2024 20:44hs. Es muy com\u00fan ver a gente que tiene como nombre Diego Armando por Maradona o Lionel por Messi \u00bfPero llamarte Ayrton? As\u00ed como puede ser un cantante, un actor o una figura p\u00fablica, los deportistas son personas que tienen un impacto muy importante en la vida de las personas, [&hellip;]<\/p>\n","protected":false},"author":1,"featured_media":149657,"comment_status":"closed","ping_status":"closed","sticky":false,"template":"","format":"standard","meta":[],"categories":[21],"tags":[],"_links":{"self":[{"href":"http:\/\/cordobadirecto.com\/index.php\/wp-json\/wp\/v2\/posts\/149656"}],"collection":[{"href":"http:\/\/cordobadirecto.com\/index.php\/wp-json\/wp\/v2\/posts"}],"about":[{"href":"http:\/\/cordobadirecto.com\/index.php\/wp-json\/wp\/v2\/types\/post"}],"author":[{"embeddable":true,"href":"http:\/\/cordobadirecto.com\/index.php\/wp-json\/wp\/v2\/users\/1"}],"replies":[{"embeddable":true,"href":"http:\/\/cordobadirecto.com\/index.php\/wp-json\/wp\/v2\/comments?post=149656"}],"version-history":[{"count":0,"href":"http:\/\/cordobadirecto.com\/index.php\/wp-json\/wp\/v2\/posts\/149656\/revisions"}],"wp:featuredmedia":[{"embeddable":true,"href":"http:\/\/cordobadirecto.com\/index.php\/wp-json\/wp\/v2\/media\/149657"}],"wp:attachment":[{"href":"http:\/\/cordobadirecto.com\/index.php\/wp-json\/wp\/v2\/media?parent=149656"}],"wp:term":[{"taxonomy":"category","embeddable":true,"href":"http:\/\/cordobadirecto.com\/index.php\/wp-json\/wp\/v2\/categories?post=149656"},{"taxonomy":"post_tag","embeddable":true,"href":"http:\/\/cordobadirecto.com\/index.php\/wp-json\/wp\/v2\/tags?post=149656"}],"curies":[{"name":"wp","href":"https:\/\/api.w.org\/{rel}","templated":true}]}}