{"id":149751,"date":"2024-05-05T17:52:17","date_gmt":"2024-05-05T17:52:17","guid":{"rendered":"http:\/\/cordobadirecto.com\/index.php\/2024\/05\/05\/este-lunes-habra-una-mesa-debate-ambiental-por-el-aniversario-de-la-ula\/"},"modified":"2024-05-05T17:52:17","modified_gmt":"2024-05-05T17:52:17","slug":"este-lunes-habra-una-mesa-debate-ambiental-por-el-aniversario-de-la-ula","status":"publish","type":"post","link":"http:\/\/cordobadirecto.com\/index.php\/2024\/05\/05\/este-lunes-habra-una-mesa-debate-ambiental-por-el-aniversario-de-la-ula\/","title":{"rendered":"Este lunes habr\u00e1 una mesa-debate ambiental por el aniversario de la ULA"},"content":{"rendered":"<p>Intendentes de todo el pa\u00eds debatieron en <b>C\u00f3rdoba<\/b> \u00abEstrategias de Desarrollo Econ\u00f3mico en Armon\u00eda con la Naturaleza\u00bb. El Primer Encuentro Nacional&nbsp;&#8230; <\/p>\n","protected":false},"excerpt":{"rendered":"<p>Intendentes de todo el pa\u00eds debatieron en C\u00f3rdoba \u00abEstrategias de Desarrollo Econ\u00f3mico en Armon\u00eda con la Naturaleza\u00bb. El Primer Encuentro Nacional&nbsp;&#8230;<\/p>\n","protected":false},"author":1,"featured_media":0,"comment_status":"closed","ping_status":"closed","sticky":false,"template":"","format":"standard","meta":[],"categories":[40],"tags":[],"_links":{"self":[{"href":"http:\/\/cordobadirecto.com\/index.php\/wp-json\/wp\/v2\/posts\/149751"}],"collection":[{"href":"http:\/\/cordobadirecto.com\/index.php\/wp-json\/wp\/v2\/posts"}],"about":[{"href":"http:\/\/cordobadirecto.com\/index.php\/wp-json\/wp\/v2\/types\/post"}],"author":[{"embeddable":true,"href":"http:\/\/cordobadirecto.com\/index.php\/wp-json\/wp\/v2\/users\/1"}],"replies":[{"embeddable":true,"href":"http:\/\/cordobadirecto.com\/index.php\/wp-json\/wp\/v2\/comments?post=149751"}],"version-history":[{"count":0,"href":"http:\/\/cordobadirecto.com\/index.php\/wp-json\/wp\/v2\/posts\/149751\/revisions"}],"wp:attachment":[{"href":"http:\/\/cordobadirecto.com\/index.php\/wp-json\/wp\/v2\/media?parent=149751"}],"wp:term":[{"taxonomy":"category","embeddable":true,"href":"http:\/\/cordobadirecto.com\/index.php\/wp-json\/wp\/v2\/categories?post=149751"},{"taxonomy":"post_tag","embeddable":true,"href":"http:\/\/cordobadirecto.com\/index.php\/wp-json\/wp\/v2\/tags?post=149751"}],"curies":[{"name":"wp","href":"https:\/\/api.w.org\/{rel}","templated":true}]}}