{"id":149874,"date":"2024-05-09T00:50:26","date_gmt":"2024-05-09T00:50:26","guid":{"rendered":"https:\/\/cordoba.gob.ar\/?p=57630"},"modified":"2024-05-09T00:50:26","modified_gmt":"2024-05-09T00:50:26","slug":"passerini-abrio-la-primera-jornada-del-iii-dialogo-regional-de-la-red-de-ciudades-sostenibles-y-alcaldias-para-la-democracia","status":"publish","type":"post","link":"http:\/\/cordobadirecto.com\/index.php\/2024\/05\/09\/passerini-abrio-la-primera-jornada-del-iii-dialogo-regional-de-la-red-de-ciudades-sostenibles-y-alcaldias-para-la-democracia\/","title":{"rendered":"Passerini abri\u00f3 la primera jornada del III Di\u00e1logo Regional de la Red de Ciudades Sostenibles y Alcald\u00edas para la Democracia"},"content":{"rendered":"<div><img src=\"http:\/\/cordobadirecto.com\/wp-content\/uploads\/2024\/05\/passerini-abrio-la-primera-jornada-del-iii-dialogo-regional-de-la-red-de-ciudades-sostenibles-y-alcaldias-para-la-democracia.jpg\" class=\"ff-og-image-inserted\"><\/div>\n<ul class=\"ak-ul\">\n<li><strong>C\u00f3rdoba nuevamente es sede de un encuentro internacional y referente en materia de ambiente y Econom\u00eda Circular.<\/strong><\/li>\n<li><strong>Son m\u00e1s de 25 los municipios de Latinoam\u00e9rica representados y nucleados en la ciudad para promover pol\u00edticas p\u00fablicas de crecimiento verde y adaptaci\u00f3n al cambio clim\u00e1tico.<\/strong><\/li>\n<\/ul>\n<hr>\n<p>El intendente de la ciudad, Daniel Passerini, encabez\u00f3 el acto de inauguraci\u00f3n de la III Di\u00e1logo Regional de la Red de Ciudades Sostenibles y Alcald\u00edas para la Democracia que se desarrollar\u00e1 hasta el pr\u00f3ximo 10 de mayo en C\u00f3rdoba Capital.<\/p>\n<p>La elecci\u00f3n de la ciudad como sede de este encuentro internacional, que reuni\u00f3 a representantes de m\u00e1s de 25 municipios de Latinoam\u00e9rica, es una muestra m\u00e1s del compromiso de la Municipalidad de C\u00f3rdoba en la generaci\u00f3n de pol\u00edticas p\u00fablicas hacia un cambio de paradigma en materia ambiental.<\/p>\n<p>\u201cEste encuentro nos brinda la oportunidad de fortalecer lazos, forjar alianzas, generar consensos y sobre todo reflexionar acerca de la importancia de la seguridad energ\u00e9tica y del cambio clim\u00e1tico en nuestras decisiones que hacen a la gobernanza ambiental\u201d, expres\u00f3 Passerini.<\/p>\n<p>\u201cHay buena democracia cuando la pol\u00edtica es mejor, cuando los disensos construyen, y cuando las miradas diferentes confluyen para buscar un objetivo com\u00fan\u201d enfatiz\u00f3 el intendente del Municipio capitalino.<\/p>\n<p>Al finalizar su discurso celebr\u00f3 que este tercer encuentro se est\u00e9 llevando a cabo en la ciudad y no dud\u00f3 en aseverar que las conclusiones a las que se arribar\u00e1n al finalizar el mismo, aportar\u00e1n ideas para seguir mejorando a la pol\u00edtica y a la democracia.<\/p>\n<p>Por su parte, Susanne K\u00e4ss, representante de la Fundaci\u00f3n Konrad Adenauer en Argentina, expres\u00f3 su alegr\u00eda de poder estar en la ciudad de C\u00f3rdoba y manifest\u00f3 que la fundaci\u00f3n \u201ctrabaja desde hace 62 a\u00f1os en la cooperaci\u00f3n internacional con la finalidad de profundizar estructuras democr\u00e1ticas en todo el mundo\u201d.<\/p>\n<p>Tambi\u00e9n tomaron la palabra durante la inauguraci\u00f3n el director ejecutivo del Centro Regional de Crecimiento Verde y Cambio Clim\u00e1tico de Chile, Cristian Guti\u00e9rrez; y la directora del Programa Regional Seguridad Energ\u00e9tica y Cambio Clim\u00e1tico en Am\u00e9rica Latina (EKLA) de la Fundaci\u00f3n Konrad Adenauer, Julia Sandner.<\/p>\n<p>Durante la ceremonia inaugural, el secretario de Ambiente Sustentable y Econom\u00eda Circular, Jorge Folloni hizo la presentaci\u00f3n de El Plan Local de Acci\u00f3n Clim\u00e1tica.<\/p>\n<p>El Plan plantea el fortalecimiento de territorios, preservar y aumentar los espacios verdes, monitoreo constante de las emisiones contaminantes, promover la transici\u00f3n hacia mercados de bajo carbono, fomentar la Econom\u00eda Circular y mejorar la eficiencia energ\u00e9tica y la articulaci\u00f3n metropolitana.<\/p>\n<p>Se proyecta a futuro con el objetivo de que la ciudadan\u00eda, las empresas, las organizaciones, universidades, el gobierno y dem\u00e1s instituciones de la ciudad colaboren activamente en la mitigaci\u00f3n y adaptaci\u00f3n al cambio clim\u00e1tico; a la vez que impulsa la educaci\u00f3n y concientizaci\u00f3n para construir una comunidad comprometida en la acci\u00f3n clim\u00e1tica.<\/p>\n<p>El encuentro inaugurado en el Museo Metropolitano de Arte Urbano de la Plaza Espa\u00f1a tendr\u00e1 lugar hasta el 10 de mayo, con el objetivo de favorecer intercambios de conocimientos y experiencias urbanas.<\/p>\n<p>Las jornadas contar\u00e1n con la participaci\u00f3n de m\u00e1s de 25 alcaldes, alcaldesas y jefes de gabinete de ciudad de pa\u00edses latinoamericanos como Argentina, M\u00e9xico, Chile, Costa Rica, Colombia, Per\u00fa y Ecuador.<\/p>\n<p>El III Di\u00e1logo Regional de la Red de Ciudades Sostenibles y Alcald\u00edas para la Democracia pondr\u00e1 foco en el Desarrollo Urbano Sostenible y la Agenda 2030, el Crecimiento Verde y la Adaptaci\u00f3n al Cambio Clim\u00e1tico.<\/p>\n<p>Es organizado por el Programa Regional Seguridad Energ\u00e9tica y Cambio Clim\u00e1tico en Am\u00e9rica Latina (EKLA) de la Fundaci\u00f3n Konrad Adenauer (KAS) y el Centro Regional de Crecimiento Verde y Cambio Clim\u00e1tico, con el apoyo de la Municipalidad de C\u00f3rdoba.<\/p>\n<p><strong>Democracia y colaboraci\u00f3n regional<\/strong><\/p>\n<p>El III Di\u00e1logo Regional de la Red de Ciudades Sostenibles y Alcald\u00edas para la Democracia es impulsado por el Programa Regional Seguridad Energ\u00e9tica y Cambio Clim\u00e1tico en Am\u00e9rica Latina (EKLA).<\/p>\n<p>La iniciativa proporciona plataformas tradicionales y digitales para desarrollar un di\u00e1logo y colaboraci\u00f3n multilateral hacia la integraci\u00f3n regional sobre el cambio clim\u00e1tico, las pol\u00edticas energ\u00e9ticas y ambientales.<\/p>\n<p>Este enfoque se potencia, adem\u00e1s, desde el Centro Regional de Crecimiento Verde y Cambio Clim\u00e1tico, que busca fortalecer el di\u00e1logo pol\u00edtico y ambiental entre las alcald\u00edas de Latinoam\u00e9rica. Para ello implementa espacios de intercambio de experiencias, capacitaci\u00f3n y difusi\u00f3n de acciones en el marco de los valores democr\u00e1ticos y de crecimiento verde.<\/p>\n","protected":false},"excerpt":{"rendered":"<p>C\u00f3rdoba nuevamente es sede de un encuentro internacional y referente en materia de ambiente y Econom\u00eda Circular. Son m\u00e1s de 25 los municipios de Latinoam\u00e9rica representados y nucleados en la ciudad para promover pol\u00edticas p\u00fablicas de crecimiento verde y adaptaci\u00f3n al cambio clim\u00e1tico. El intendente de la ciudad, Daniel Passerini, encabez\u00f3 el acto de inauguraci\u00f3n [&hellip;]<\/p>\n","protected":false},"author":1,"featured_media":149875,"comment_status":"closed","ping_status":"closed","sticky":false,"template":"","format":"standard","meta":[],"categories":[44],"tags":[],"_links":{"self":[{"href":"http:\/\/cordobadirecto.com\/index.php\/wp-json\/wp\/v2\/posts\/149874"}],"collection":[{"href":"http:\/\/cordobadirecto.com\/index.php\/wp-json\/wp\/v2\/posts"}],"about":[{"href":"http:\/\/cordobadirecto.com\/index.php\/wp-json\/wp\/v2\/types\/post"}],"author":[{"embeddable":true,"href":"http:\/\/cordobadirecto.com\/index.php\/wp-json\/wp\/v2\/users\/1"}],"replies":[{"embeddable":true,"href":"http:\/\/cordobadirecto.com\/index.php\/wp-json\/wp\/v2\/comments?post=149874"}],"version-history":[{"count":0,"href":"http:\/\/cordobadirecto.com\/index.php\/wp-json\/wp\/v2\/posts\/149874\/revisions"}],"wp:featuredmedia":[{"embeddable":true,"href":"http:\/\/cordobadirecto.com\/index.php\/wp-json\/wp\/v2\/media\/149875"}],"wp:attachment":[{"href":"http:\/\/cordobadirecto.com\/index.php\/wp-json\/wp\/v2\/media?parent=149874"}],"wp:term":[{"taxonomy":"category","embeddable":true,"href":"http:\/\/cordobadirecto.com\/index.php\/wp-json\/wp\/v2\/categories?post=149874"},{"taxonomy":"post_tag","embeddable":true,"href":"http:\/\/cordobadirecto.com\/index.php\/wp-json\/wp\/v2\/tags?post=149874"}],"curies":[{"name":"wp","href":"https:\/\/api.w.org\/{rel}","templated":true}]}}