{"id":149876,"date":"2024-05-08T21:05:10","date_gmt":"2024-05-08T21:05:10","guid":{"rendered":"https:\/\/cordoba.gob.ar\/?p=57627"},"modified":"2024-05-08T21:05:10","modified_gmt":"2024-05-08T21:05:10","slug":"comenzo-el-ciclo-de-catedra-abierta-de-emprendimiento-un-espacio-de-aprendizaje-para-futuros-emprendedores","status":"publish","type":"post","link":"http:\/\/cordobadirecto.com\/index.php\/2024\/05\/08\/comenzo-el-ciclo-de-catedra-abierta-de-emprendimiento-un-espacio-de-aprendizaje-para-futuros-emprendedores\/","title":{"rendered":"Comenz\u00f3 el ciclo de \u00abC\u00e1tedra Abierta de Emprendimiento\u00bb, un espacio de aprendizaje para futuros emprendedores"},"content":{"rendered":"<div><img src=\"http:\/\/cordobadirecto.com\/wp-content\/uploads\/2024\/05\/comenzo-el-ciclo-de-catedra-abierta-de-emprendimiento-un-espacio-de-aprendizaje-para-futuros-emprendedores.png\" class=\"ff-og-image-inserted\"><\/div>\n<ul>\n<li><strong>100 estudiantes y emprendedores participaron del encuentro.<\/strong><\/li>\n<li><strong><strong>Juan Santiago, fundador y CEO de Santex, comparti\u00f3 su experiencia con quienes se hicieron presentes en la FAUD- Universidad Nacional de C\u00f3rdoba.<\/strong><\/strong><br \/>\n<hr>\n<\/li>\n<\/ul>\n<p>Tras haber capacitado a m\u00e1s de 1.000 estudiantes en las 5 ediciones que se dictaron durante el 2023, inici\u00f3 el ciclo de C\u00e1tedra Abierta de Emprendimiento e Innovaci\u00f3n.<\/p>\n<p>Se trata de un espacio abierto y gratuito que brinda herramientas para potenciar la cultura emprendedora en estudiantes universitarios y vecinos que deseen introducirse en el mundo del emprendedurismo y la innovaci\u00f3n, con el fin de generar y gestar los futuros l\u00edderes emprendedores de nuestra ciudad desde los entornos universitarios p\u00fablicos.<\/p>\n<p>La C\u00e1tedra es un espacio participativo y de aprendizaje donde los miembros de la comunidad universitaria de C\u00f3rdoba, emprendedores y vecinos en general, logran introducirse en conceptos claves de emprendimiento e iniciar sus propios negocios en la proximidad.<\/p>\n<p>Cada encuentro tendr\u00e1 una frecuencia bimestral, 100% presencial, gratuita y abierta para los ciudadanos, con cupos limitados.<\/p>\n<p>Las actividades que se van dictando, generan el ambiente propicio para que, quienes as\u00ed lo desean, puedan inspirarse de la mano de los mejores referentes del ecosistema emprendedor de C\u00f3rdoba.<\/p>\n<p>Quienes deseen participar podr\u00e1n inscribirse en web y redes oficiales de los organizadores.<\/p>\n<p>El ciclo es organizado en conjunto por Endeavor C\u00f3rdoba, Secretar\u00eda de Innovaci\u00f3n y Vinculaci\u00f3n Tecnol\u00f3gica de la Universidad Nacional de C\u00f3rdoba, Centro And\u00e9n de la Universidad Tecnol\u00f3gica Nacional Regional C\u00f3rdoba, FIDE Incubadora de Empresas y Club de Emprendedores de C\u00f3rdoba, gestionado por Global Shapers y CorLab- Secretar\u00eda de Ciudad Inteligente y Transformaci\u00f3n Digital de la Municipalidad de C\u00f3rdoba.<\/p>\n<p><strong>Un referente del \u00e1mbito emprendedor<\/strong><\/p>\n<p>El ciclo dio inicio con un referente del \u00e1mbito del emprendedurismo, Juan Santiago quien comparti\u00f3 con todos los presentes su vasta experiencia y visi\u00f3n estrat\u00e9gica para el contexto actual que vivimos y sus aprendizajes como emprendedor.<\/p>\n<p>Como principal referente de una empresa l\u00edder en soluciones tecnol\u00f3gicas, Juan ha llevado a Santex a convertirse en un referente en C\u00f3rdoba, Argentina y Am\u00e9rica Latina, brindando oportunidades a cientos de j\u00f3venes profesionales de la regi\u00f3n y sembrando una visi\u00f3n emprendedora en sus colaboradores.<\/p>\n<p>Durante el primer encuentro estuvieron presentes: Florencia Sestopal, Referente de Endeavor C\u00f3rdoba; Alejandro Rodr\u00edguez, Director de Desarrollo Emprendedor de la Municipalidad de C\u00f3rdoba, Santiago Palma, Secretario de Innovaci\u00f3n de Universidad Nacional de C\u00f3rdoba; Silvia Aisa, Directora de Innovaci\u00f3n y Vinculaci\u00f3n Tecnol\u00f3gica; Marianela Caro, Coord. del Club de Emprendedores de C\u00f3rdoba y Facundo Cobreros, Referente del Club de Emprendedores de C\u00f3rdoba.<\/p>\n","protected":false},"excerpt":{"rendered":"<p>100 estudiantes y emprendedores participaron del encuentro. Juan Santiago, fundador y CEO de Santex, comparti\u00f3 su experiencia con quienes se hicieron presentes en la FAUD- Universidad Nacional de C\u00f3rdoba. Tras haber capacitado a m\u00e1s de 1.000 estudiantes en las 5 ediciones que se dictaron durante el 2023, inici\u00f3 el ciclo de C\u00e1tedra Abierta de Emprendimiento [&hellip;]<\/p>\n","protected":false},"author":1,"featured_media":149877,"comment_status":"closed","ping_status":"closed","sticky":false,"template":"","format":"standard","meta":[],"categories":[44],"tags":[],"_links":{"self":[{"href":"http:\/\/cordobadirecto.com\/index.php\/wp-json\/wp\/v2\/posts\/149876"}],"collection":[{"href":"http:\/\/cordobadirecto.com\/index.php\/wp-json\/wp\/v2\/posts"}],"about":[{"href":"http:\/\/cordobadirecto.com\/index.php\/wp-json\/wp\/v2\/types\/post"}],"author":[{"embeddable":true,"href":"http:\/\/cordobadirecto.com\/index.php\/wp-json\/wp\/v2\/users\/1"}],"replies":[{"embeddable":true,"href":"http:\/\/cordobadirecto.com\/index.php\/wp-json\/wp\/v2\/comments?post=149876"}],"version-history":[{"count":0,"href":"http:\/\/cordobadirecto.com\/index.php\/wp-json\/wp\/v2\/posts\/149876\/revisions"}],"wp:featuredmedia":[{"embeddable":true,"href":"http:\/\/cordobadirecto.com\/index.php\/wp-json\/wp\/v2\/media\/149877"}],"wp:attachment":[{"href":"http:\/\/cordobadirecto.com\/index.php\/wp-json\/wp\/v2\/media?parent=149876"}],"wp:term":[{"taxonomy":"category","embeddable":true,"href":"http:\/\/cordobadirecto.com\/index.php\/wp-json\/wp\/v2\/categories?post=149876"},{"taxonomy":"post_tag","embeddable":true,"href":"http:\/\/cordobadirecto.com\/index.php\/wp-json\/wp\/v2\/tags?post=149876"}],"curies":[{"name":"wp","href":"https:\/\/api.w.org\/{rel}","templated":true}]}}