{"id":149878,"date":"2024-05-09T04:27:46","date_gmt":"2024-05-09T04:27:46","guid":{"rendered":"http:\/\/cordobadirecto.com\/index.php\/2024\/05\/09\/valioso-reconocimiento-a-casa-foa-en-su-edicion-federal-la-voz\/"},"modified":"2024-05-09T04:27:46","modified_gmt":"2024-05-09T04:27:46","slug":"valioso-reconocimiento-a-casa-foa-en-su-edicion-federal-la-voz","status":"publish","type":"post","link":"http:\/\/cordobadirecto.com\/index.php\/2024\/05\/09\/valioso-reconocimiento-a-casa-foa-en-su-edicion-federal-la-voz\/","title":{"rendered":"Valioso reconocimiento a Casa FOA en su edici\u00f3n federal &#8211; La Voz"},"content":{"rendered":"<p>&#8230; <b>econ\u00f3mica<\/b>, el vice intendente de la ciudad de <b>C\u00f3rdoba<\/b> &#8230; <b>econ\u00f3mica<\/b>, el vice intendente de la ciudad de <b>C\u00f3rdoba<\/b> &#8230; Una <b>nueva<\/b> pericia complica a\u00fan m\u00e1s la&nbsp;&#8230; <\/p>\n","protected":false},"excerpt":{"rendered":"<p>&#8230; econ\u00f3mica, el vice intendente de la ciudad de C\u00f3rdoba &#8230; econ\u00f3mica, el vice intendente de la ciudad de C\u00f3rdoba &#8230; Una nueva pericia complica a\u00fan m\u00e1s la&nbsp;&#8230;<\/p>\n","protected":false},"author":1,"featured_media":0,"comment_status":"closed","ping_status":"closed","sticky":false,"template":"","format":"standard","meta":[],"categories":[40],"tags":[],"_links":{"self":[{"href":"http:\/\/cordobadirecto.com\/index.php\/wp-json\/wp\/v2\/posts\/149878"}],"collection":[{"href":"http:\/\/cordobadirecto.com\/index.php\/wp-json\/wp\/v2\/posts"}],"about":[{"href":"http:\/\/cordobadirecto.com\/index.php\/wp-json\/wp\/v2\/types\/post"}],"author":[{"embeddable":true,"href":"http:\/\/cordobadirecto.com\/index.php\/wp-json\/wp\/v2\/users\/1"}],"replies":[{"embeddable":true,"href":"http:\/\/cordobadirecto.com\/index.php\/wp-json\/wp\/v2\/comments?post=149878"}],"version-history":[{"count":0,"href":"http:\/\/cordobadirecto.com\/index.php\/wp-json\/wp\/v2\/posts\/149878\/revisions"}],"wp:attachment":[{"href":"http:\/\/cordobadirecto.com\/index.php\/wp-json\/wp\/v2\/media?parent=149878"}],"wp:term":[{"taxonomy":"category","embeddable":true,"href":"http:\/\/cordobadirecto.com\/index.php\/wp-json\/wp\/v2\/categories?post=149878"},{"taxonomy":"post_tag","embeddable":true,"href":"http:\/\/cordobadirecto.com\/index.php\/wp-json\/wp\/v2\/tags?post=149878"}],"curies":[{"name":"wp","href":"https:\/\/api.w.org\/{rel}","templated":true}]}}