{"id":149885,"date":"2024-05-09T19:12:16","date_gmt":"2024-05-09T19:12:16","guid":{"rendered":"http:\/\/cordobadirecto.com\/index.php\/2024\/05\/09\/medida-de-fuerza-paro-de-la-cgt-en-cordoba-concluyo-la-movilizacion-en-capital-la-voz\/"},"modified":"2024-05-09T19:12:16","modified_gmt":"2024-05-09T19:12:16","slug":"medida-de-fuerza-paro-de-la-cgt-en-cordoba-concluyo-la-movilizacion-en-capital-la-voz","status":"publish","type":"post","link":"http:\/\/cordobadirecto.com\/index.php\/2024\/05\/09\/medida-de-fuerza-paro-de-la-cgt-en-cordoba-concluyo-la-movilizacion-en-capital-la-voz\/","title":{"rendered":"Medida de fuerza. Paro de la CGT en <b>C\u00f3rdoba<\/b>: concluy\u00f3 la movilizaci\u00f3n en Capital &#8211; La Voz"},"content":{"rendered":"<p>\u201cLa decisi\u00f3n m\u00e1s fuerte es la de paralizar el pa\u00eds, como medida de protesta ante las medidas econ\u00f3micas en contra de los trabajadores y la gente que&nbsp;&#8230; <\/p>\n","protected":false},"excerpt":{"rendered":"<p>\u201cLa decisi\u00f3n m\u00e1s fuerte es la de paralizar el pa\u00eds, como medida de protesta ante las medidas econ\u00f3micas en contra de los trabajadores y la gente que&nbsp;&#8230;<\/p>\n","protected":false},"author":1,"featured_media":0,"comment_status":"closed","ping_status":"closed","sticky":false,"template":"","format":"standard","meta":[],"categories":[40],"tags":[],"_links":{"self":[{"href":"http:\/\/cordobadirecto.com\/index.php\/wp-json\/wp\/v2\/posts\/149885"}],"collection":[{"href":"http:\/\/cordobadirecto.com\/index.php\/wp-json\/wp\/v2\/posts"}],"about":[{"href":"http:\/\/cordobadirecto.com\/index.php\/wp-json\/wp\/v2\/types\/post"}],"author":[{"embeddable":true,"href":"http:\/\/cordobadirecto.com\/index.php\/wp-json\/wp\/v2\/users\/1"}],"replies":[{"embeddable":true,"href":"http:\/\/cordobadirecto.com\/index.php\/wp-json\/wp\/v2\/comments?post=149885"}],"version-history":[{"count":0,"href":"http:\/\/cordobadirecto.com\/index.php\/wp-json\/wp\/v2\/posts\/149885\/revisions"}],"wp:attachment":[{"href":"http:\/\/cordobadirecto.com\/index.php\/wp-json\/wp\/v2\/media?parent=149885"}],"wp:term":[{"taxonomy":"category","embeddable":true,"href":"http:\/\/cordobadirecto.com\/index.php\/wp-json\/wp\/v2\/categories?post=149885"},{"taxonomy":"post_tag","embeddable":true,"href":"http:\/\/cordobadirecto.com\/index.php\/wp-json\/wp\/v2\/tags?post=149885"}],"curies":[{"name":"wp","href":"https:\/\/api.w.org\/{rel}","templated":true}]}}