{"id":149888,"date":"2024-05-09T19:48:17","date_gmt":"2024-05-09T19:48:17","guid":{"rendered":"https:\/\/cordoba.gob.ar\/?p=57658"},"modified":"2024-05-09T19:48:17","modified_gmt":"2024-05-09T19:48:17","slug":"estudiantes-plantaron-arboles-y-realizaron-proyectos-sobre-el-medioambiente-en-las-tecnotecas-crea-de-los-parques-educativos","status":"publish","type":"post","link":"http:\/\/cordobadirecto.com\/index.php\/2024\/05\/09\/estudiantes-plantaron-arboles-y-realizaron-proyectos-sobre-el-medioambiente-en-las-tecnotecas-crea-de-los-parques-educativos\/","title":{"rendered":"Estudiantes plantaron \u00e1rboles y realizaron proyectos sobre el medioambiente en las Tecnotecas CREA de los Parques Educativos"},"content":{"rendered":"<div><img src=\"http:\/\/cordobadirecto.com\/wp-content\/uploads\/2024\/05\/estudiantes-plantaron-arboles-y-realizaron-proyectos-sobre-el-medioambiente-en-las-tecnotecas-crea-de-los-parques-educativos.jpg\" class=\"ff-og-image-inserted\"><\/div>\n<ul class=\"ak-ul\">\n<li><strong>Desarrollaron un mapeo digital, construyeron ideas sobre los microbasurales y la reforestaci\u00f3n, entre otras acciones.<\/strong><\/li>\n<\/ul>\n<hr>\n<p>M\u00e1s de 170 estudiantes de diferentes instituciones educativas plantaron \u00e1rboles y realizaron diversos proyectos sobre el medioambiente. Las jornadas se llevaron en las Tecnotecas CREA de los Parques Educativos Sur, Noroeste y Este de nuestra ciudad.<\/p>\n<p>La iniciativa denominada \u201cDesaf\u00edo CREA: Biodiversidad y Cultura Digital\u201d, fue llevada adelante por la Secretar\u00eda de Educaci\u00f3n de la Municipalidad de C\u00f3rdoba. Forma parte de las primeras acciones del proyecto \u201cTu Escuela CREA\u201d, destinado a fortalecer el v\u00ednculo entre los Parques Educativos y los colegios de cada regi\u00f3n de la ciudad.<\/p>\n<p>\u201c<em>Los Desaf\u00edos CREA son una propuesta de innovaci\u00f3n educativa que tiene como eje la resoluci\u00f3n de problemas desde una mirada colectiva y comunitaria<\/em>\u201d, expres\u00f3 la subsecretaria de Educaci\u00f3n Social, Cient\u00edfica y Tecnol\u00f3gica, Eugenia Rotondi.<\/p>\n<p><strong>Los Desaf\u00edos en cada Tecnoteca<\/strong><\/p>\n<p>En la Tecnoteca Municipal CREA del Parque Educativo Sur se realiz\u00f3 una experiencia de Laboratorio Abierto, en la cual los j\u00f3venes registraron fotograf\u00edas en la Huerta y el Vivero Agroforestal para el armado de un cat\u00e1logo de especies.<\/p>\n<p>Adem\u00e1s, a trav\u00e9s de la rob\u00f3tica y la programaci\u00f3n, midieron la temperatura y la humedad de la tierra. En esta jornada participaron m\u00e1s de 40 estudiantes del IPEM 183 Pedro Palacios.<\/p>\n<p>M\u00e1s de 70 estudiantes de 2do y 4to a\u00f1o del IPEM 14 Maria Saleme de Burnich\u00f3n de B\u00ba Villa Corn\u00fa realizaron un Mapeo Digital de flora y testimonios comunitarios, con la participaci\u00f3n de vecinos y vecinas del barrio.<\/p>\n<p>Los estudiantes reflexionaron sobre la biodiversidad urbana y el cuidado de los espacios verdes. Para finalizar la actividad se plantaron 8 especies nativas.<\/p>\n<p>Finalmente, en la Tecnoteca del Parque Educativo Este participaron 60 estudiantes de la Escuela Municipal Cooperativismo Argentino.<\/p>\n<p>Construyeron ideas sobre los microbasurales y la reforestaci\u00f3n y realizaron posters digitales para sensibilizar a la comunidad sobre la problem\u00e1tica del tratamiento de residuos. Al finalizar la jornada plantaron 16 especies nativas en el predio del espacio.<\/p>\n<p>Los tres desaf\u00edos contaron con el apoyo y la participaci\u00f3n de la Subsecretar\u00eda de Biodiversidad de la Secretar\u00eda de Ambiente del Ministerio de Ambiente y Econom\u00eda Circular, y el Ente Municipal BioC\u00f3rdoba, que compartieron espacios de educaci\u00f3n y formaci\u00f3n sobre biodiversidad, soberan\u00eda alimentaria y flora nativa. Adem\u00e1s pusieron a disposici\u00f3n especies nativas para las diversas reforestaciones.<\/p>\n","protected":false},"excerpt":{"rendered":"<p>Desarrollaron un mapeo digital, construyeron ideas sobre los microbasurales y la reforestaci\u00f3n, entre otras acciones. M\u00e1s de 170 estudiantes de diferentes instituciones educativas plantaron \u00e1rboles y realizaron diversos proyectos sobre el medioambiente. Las jornadas se llevaron en las Tecnotecas CREA de los Parques Educativos Sur, Noroeste y Este de nuestra ciudad. La iniciativa denominada \u201cDesaf\u00edo [&hellip;]<\/p>\n","protected":false},"author":1,"featured_media":149889,"comment_status":"closed","ping_status":"closed","sticky":false,"template":"","format":"standard","meta":[],"categories":[44],"tags":[],"_links":{"self":[{"href":"http:\/\/cordobadirecto.com\/index.php\/wp-json\/wp\/v2\/posts\/149888"}],"collection":[{"href":"http:\/\/cordobadirecto.com\/index.php\/wp-json\/wp\/v2\/posts"}],"about":[{"href":"http:\/\/cordobadirecto.com\/index.php\/wp-json\/wp\/v2\/types\/post"}],"author":[{"embeddable":true,"href":"http:\/\/cordobadirecto.com\/index.php\/wp-json\/wp\/v2\/users\/1"}],"replies":[{"embeddable":true,"href":"http:\/\/cordobadirecto.com\/index.php\/wp-json\/wp\/v2\/comments?post=149888"}],"version-history":[{"count":0,"href":"http:\/\/cordobadirecto.com\/index.php\/wp-json\/wp\/v2\/posts\/149888\/revisions"}],"wp:featuredmedia":[{"embeddable":true,"href":"http:\/\/cordobadirecto.com\/index.php\/wp-json\/wp\/v2\/media\/149889"}],"wp:attachment":[{"href":"http:\/\/cordobadirecto.com\/index.php\/wp-json\/wp\/v2\/media?parent=149888"}],"wp:term":[{"taxonomy":"category","embeddable":true,"href":"http:\/\/cordobadirecto.com\/index.php\/wp-json\/wp\/v2\/categories?post=149888"},{"taxonomy":"post_tag","embeddable":true,"href":"http:\/\/cordobadirecto.com\/index.php\/wp-json\/wp\/v2\/tags?post=149888"}],"curies":[{"name":"wp","href":"https:\/\/api.w.org\/{rel}","templated":true}]}}