{"id":149892,"date":"2024-05-09T19:10:35","date_gmt":"2024-05-09T19:10:35","guid":{"rendered":"https:\/\/www.ole.com.ar\/autos\/mariano-werner-homenaje-ayrton-senna-termas-tc_0_rkDqLHfoP6.html"},"modified":"2024-05-09T19:10:35","modified_gmt":"2024-05-09T19:10:35","slug":"en-el-tc-en-termas-werner-le-rendira-homenaje-a-ayrton-senna","status":"publish","type":"post","link":"http:\/\/cordobadirecto.com\/index.php\/2024\/05\/09\/en-el-tc-en-termas-werner-le-rendira-homenaje-a-ayrton-senna\/","title":{"rendered":"En el TC en Termas, Werner le rendir\u00e1 homenaje a Ayrton Senna"},"content":{"rendered":"<p><time class=\"createDate\" datetime=\"2024-05-09T16:10:35-03:00\">09\/05\/2024 16:10hs.<\/time><\/p>\n<div id=\"storyBody\">\n<div class=\"custom-text \" readability=\"11.994845360825\">\n<p>M\u00e1s all\u00e1 de lo que ocurra en la pista con su Ford Mustang de la nueva generaci\u00f3n, el Zorro de Paran\u00e1 ya empez\u00f3 a generar ruido fuera de la cancha por un gesto que conmovi\u00f3 a los fierreros. A trav\u00e9s de un dise\u00f1o creado por Lucas Bricco, quien tambi\u00e9n <strong><a href=\"https:\/\/www.ole.com.ar\/autos\/franco-colapinto-formula2-casco-colaboracion-bizarrap_0_jdVKzYICYN.html\" target=\"_blank\" title=\"trabaj\u00f3 para Franco Colapinto\" alt=\"trabaj\u00f3 para Franco Colapinto\" rel=\"noopener\">trabaj\u00f3 para Franco Colapinto<\/a><\/strong>, el entrerriano <strong>lucir\u00e1 un homenaje a Ayrton Senna<\/strong> en su casco y en la parte delantera de su auto.<\/p>\n<\/div>\n<div class=\"custom-text \" readability=\"13\">\n<p>&#8220;Les presento el dise\u00f1o del Mustang para Termas de Rio Hondo junto a Bricco Design. Mi humilde homenaje a un grande, mi \u00eddolo y el de muchos, a pocos d\u00edas de cumplirse 30 a\u00f1os de su desaparici\u00f3n f\u00edsica \u00a1Espero que les guste tanto como a m\u00ed!&#8221;, escribi\u00f3 en su cuenta de Instagram donde subi\u00f3 un video para compartir la noticia.<\/p>\n<\/div>\n<div type=\"embed\" class=\"sc-3f46f5ae-0 djVTgz\">\n<div class=\"sc-3f46f5ae-1 fTjZec videoText\" id=\"contentTitleembedl4nup89S\" type=\"embed\" readability=\"6\"><svg fill=\"#ffffff\"><symbol id=\"play\" viewBox=\"0 0 512 512\"><path d=\"M512 256C512 397.4 397.4 512 256 512C114.6 512 0 397.4 0 256C0 114.6 114.6 0 256 0C397.4 0 512 114.6 512 256zM176 168V344C176 352.7 180.7 360.7 188.3 364.9C195.8 369.2 205.1 369 212.5 364.5L356.5 276.5C363.6 272.1 368 264.4 368 256C368 247.6 363.6 239.9 356.5 235.5L212.5 147.5C205.1 142.1 195.8 142.8 188.3 147.1C180.7 151.3 176 159.3 176 168V168z\" \/><\/symbol><use xlink:href=\"#play\" \/><\/svg><\/p>\n<div class=\"right\" readability=\"7\">\n<p>Mariano Werner<!-- --> &#8211;<!-- --> <span>9-5-2024<\/span><\/p>\n<h2 class=\"title-vid\">Con su casco, Mariano Werner le rendir\u00e1 homenaje a Ayrton Senna<\/h2>\n<\/div>\n<\/div>\n<p><span class=\"back\" id=\"spanBackembedl4nup89S\"><\/span><\/div>\n<p><h2><strong>Se cumplieron 30 a\u00f1os de la muerte de Ayrton Senna<\/strong><\/h2>\n<\/p>\n<div class=\"custom-text \" readability=\"12\">\n<p>El 1\u00b0 de mayo es una fecha especial para los fan\u00e1ticos del automovilismo, principalmente para los de la F\u00f3rmula 1. El mundo de la M\u00e1xima se detiene para conmemorar el aniversario del tr\u00e1gico final de uno de los pilotos m\u00e1s ic\u00f3nicos de la historia como lo es Senna. Y justo este a\u00f1o se cumplieron tres d\u00e9cadas de su muerte en el Gran Premio de San Marino en Imola, Italia.<\/p>\n<\/div>\n<div type=\"embed\" class=\"sc-3f46f5ae-0 djVTgz\">\n<div class=\"sc-3f46f5ae-1 fTjZec videoText\" id=\"contentTitleembedd0QS6j2Y\" type=\"embed\"><svg fill=\"#ffffff\"><symbol id=\"play\" viewBox=\"0 0 512 512\"><path d=\"M512 256C512 397.4 397.4 512 256 512C114.6 512 0 397.4 0 256C0 114.6 114.6 0 256 0C397.4 0 512 114.6 512 256zM176 168V344C176 352.7 180.7 360.7 188.3 364.9C195.8 369.2 205.1 369 212.5 364.5L356.5 276.5C363.6 272.1 368 264.4 368 256C368 247.6 363.6 239.9 356.5 235.5L212.5 147.5C205.1 142.1 195.8 142.8 188.3 147.1C180.7 151.3 176 159.3 176 168V168z\" \/><\/symbol><use xlink:href=\"#play\" \/><\/svg><\/p>\n<div class=\"right\">\n<p>ayrton senna<!-- --> &#8211;<!-- --> <span>9-5-2024<\/span><\/p>\n<h2 class=\"title-vid\">A 30 a\u00f1os de la muerte de Ayrton Senna<\/h2>\n<\/div>\n<\/div>\n<p><span class=\"back\" id=\"spanBackembedd0QS6j2Y\"><\/span><\/div>\n<p><h2><strong>Hora y TV del TC en Termas <\/strong><\/h2>\n<\/p>\n<div class=\"custom-text \" readability=\"13\">\n<p>La actividad arrancar\u00e1 este s\u00e1bado con los primeros entrenamientos libres del Grupo B a las 10.30, seguidos por los del Grupo A a las 10.55, seguir\u00e1 con los segundo ensayos (Grupo B a las 12 y Grupo A a las 12.35) y concluir\u00e1 con las tandas de clasificaci\u00f3n a partir de las 16.20. Todos estos eventos ser\u00e1n transmitidos en vivo tanto por DeporTV, como por la plataforma de streaming Motor Play.<\/p>\n<\/div>\n<div class=\"custom-text \" readability=\"12\">\n<p>Finalmente, el domingo se llevar\u00e1n a cabo las tres series del TC a partir de las 8.50 (9.15 y 9.40 las siguientes), seguidas por la carrera final a las 13, que se podr\u00e1 ver a trav\u00e9s de la TV P\u00fablica.<\/p>\n<\/div>\n<div class=\"sc-a7166897-0 exHLBh\" readability=\"6\">\n<section readability=\"2\"><picture><img alt=\"El TC llega a Termas de R\u00edo Hondo para disputar su 5ta fecha de la temporada 2024\" src=\"http:\/\/cordobadirecto.com\/wp-content\/uploads\/2024\/05\/en-el-tc-en-termas-werner-le-rendira-homenaje-a-ayrton-senna.jpg\" width=\"290\" height=\"290\" decoding=\"async\" data-nimg=\"future\" loading=\"lazy\"><\/picture>\n<p><span>Mir\u00e1 tambi\u00e9n<\/span><\/p>\n<hr>\n<h3>El TC llega a Termas de R\u00edo Hondo para disputar su 5ta fecha de la temporada 2024<\/h3>\n<\/p>\n<\/section>\n<\/div>\n<div class=\"sc-a7166897-0 exHLBh\" readability=\"6.5\">\n<section readability=\"3\"><picture><img alt=\"Lando Norris, de una nariz ensangrentada a la gloria en la F1\" src=\"http:\/\/cordobadirecto.com\/wp-content\/uploads\/2024\/05\/en-el-tc-en-termas-werner-le-rendira-homenaje-a-ayrton-senna-1.jpg\" width=\"290\" height=\"290\" decoding=\"async\" data-nimg=\"future\" loading=\"lazy\"><\/picture>\n<p><span>Mir\u00e1 tambi\u00e9n<\/span><\/p>\n<hr>\n<h3>Lando Norris, de una nariz ensangrentada a la gloria en la F1<\/h3>\n<\/p>\n<\/section>\n<\/div>\n<\/div>\n","protected":false},"excerpt":{"rendered":"<p>09\/05\/2024 16:10hs. M\u00e1s all\u00e1 de lo que ocurra en la pista con su Ford Mustang de la nueva generaci\u00f3n, el Zorro de Paran\u00e1 ya empez\u00f3 a generar ruido fuera de la cancha por un gesto que conmovi\u00f3 a los fierreros. A trav\u00e9s de un dise\u00f1o creado por Lucas Bricco, quien tambi\u00e9n trabaj\u00f3 para Franco Colapinto, [&hellip;]<\/p>\n","protected":false},"author":1,"featured_media":149893,"comment_status":"closed","ping_status":"closed","sticky":false,"template":"","format":"standard","meta":[],"categories":[21],"tags":[],"_links":{"self":[{"href":"http:\/\/cordobadirecto.com\/index.php\/wp-json\/wp\/v2\/posts\/149892"}],"collection":[{"href":"http:\/\/cordobadirecto.com\/index.php\/wp-json\/wp\/v2\/posts"}],"about":[{"href":"http:\/\/cordobadirecto.com\/index.php\/wp-json\/wp\/v2\/types\/post"}],"author":[{"embeddable":true,"href":"http:\/\/cordobadirecto.com\/index.php\/wp-json\/wp\/v2\/users\/1"}],"replies":[{"embeddable":true,"href":"http:\/\/cordobadirecto.com\/index.php\/wp-json\/wp\/v2\/comments?post=149892"}],"version-history":[{"count":0,"href":"http:\/\/cordobadirecto.com\/index.php\/wp-json\/wp\/v2\/posts\/149892\/revisions"}],"wp:featuredmedia":[{"embeddable":true,"href":"http:\/\/cordobadirecto.com\/index.php\/wp-json\/wp\/v2\/media\/149893"}],"wp:attachment":[{"href":"http:\/\/cordobadirecto.com\/index.php\/wp-json\/wp\/v2\/media?parent=149892"}],"wp:term":[{"taxonomy":"category","embeddable":true,"href":"http:\/\/cordobadirecto.com\/index.php\/wp-json\/wp\/v2\/categories?post=149892"},{"taxonomy":"post_tag","embeddable":true,"href":"http:\/\/cordobadirecto.com\/index.php\/wp-json\/wp\/v2\/tags?post=149892"}],"curies":[{"name":"wp","href":"https:\/\/api.w.org\/{rel}","templated":true}]}}