{"id":149898,"date":"2024-05-09T17:07:55","date_gmt":"2024-05-09T17:07:55","guid":{"rendered":"https:\/\/www.redeszone.net\/noticias\/power\/cuanta-potencia-contratar-aire-acondicionado\/"},"modified":"2024-05-09T17:07:55","modified_gmt":"2024-05-09T17:07:55","slug":"cuanta-potencia-necesito-para-tener-varios-aires-acondicionados-funcionando-a-la-vez","status":"publish","type":"post","link":"http:\/\/cordobadirecto.com\/index.php\/2024\/05\/09\/cuanta-potencia-necesito-para-tener-varios-aires-acondicionados-funcionando-a-la-vez\/","title":{"rendered":"Cu\u00e1nta potencia necesito para tener varios aires acondicionados funcionando a la vez"},"content":{"rendered":"<p><span readability=\"30\"><\/p>\n<p>Podemos decir que un aire acondicionado es uno de esos electrodom\u00e9sticos que pueden consumir bastante energ\u00eda. Por ello, tener varios encendidos al mismo tiempo puede obligarte a aumentarla potencia contratada. No obstante, esto va a depender de varios factores, como vamos a explicarte.<\/p>\n<h2>Qu\u00e9 potencia contratar para usar aires acondicionados<\/h2>\n<p>Saber qu\u00e9 potencia contratar para utilizar varios aires acondicionados en casa, va a depender de varias cosas. Lo primero es <strong>cu\u00e1ntos aires<\/strong> vas a conectar. No es lo mismo tener dos, que seis, por ejemplo. Partiendo de esa base, de la cantidad que vayas a usar, entonces podr\u00e1s pasar a calcular cu\u00e1nto vas a requerir.<\/p>\n<p>Tambi\u00e9n tendr\u00e1s que mirar<strong> c\u00f3mo son los aires<\/strong> exactamente. Si son modelos antiguos, van a rondar los 2 kWh de consumo. En cambio, un modelo nuevo, eficiente, puede consumir 600-800 Wh, incluso. Adem\u00e1s, en funci\u00f3n de c\u00f3mo lo tengas configurado, puedes consumir m\u00e1s o menos. Si no lo pones a muy baja temperatura en verano, gastar\u00e1 menos.<\/p>\n<p><\/span><span readability=\"63\"><\/p>\n<p>Vamos a suponer que tienes un aire acondicionado relativamente nuevo y que, por ejemplo, necesita 1 kWh. A partir de ah\u00ed, tendr\u00e1s que ver cu\u00e1ntos crees que tendr\u00e1s encendidos al mismo tiempo. Si vas a tener tres encendidos, entonces, como m\u00ednimo, necesitar\u00e1s tener contratada una potencia de 3 kWh.<\/p>\n<p>Pero claro, no solo vas a tener estos aparatos conectados a la luz; tambi\u00e9n tendr\u00e1s<strong> otros al mismo tiempo<\/strong>. M\u00ednimo, vas a tener un frigor\u00edfico enchufado. Va a requerir entre 0,3 y 0,5 kWh, aproximadamente. A eso tienes que sumar otros peque\u00f1os aparatos que tengas siempre conectados, as\u00ed como cosas puntuales que puedas encender, como puede ser el microondas (puede consumir unos 2 kWh), un secador, lavavajillas, etc.<\/p>\n<p>Por tanto, tienes que hacer una suma de todo lo que creas que vas a tener encendido y requerir de potencia. Una vez tengas eso calculado, entonces podr\u00e1s tener m\u00e1s o menos potencia en casa, en funci\u00f3n tambi\u00e9n del n\u00famero de aires acondicionados que vas a tener encendidos.<\/p>\n<p><img loading=\"lazy\" decoding=\"async\" class=\"aligncenter size-full wp-image-791499\" src=\"http:\/\/cordobadirecto.com\/wp-content\/uploads\/2024\/05\/cuanta-potencia-necesito-para-tener-varios-aires-acondicionados-funcionando-a-la-vez.jpg\" alt=\"Usar aire acondicionado en invierno para ahorrar\" width=\"1200\" height=\"720\"><\/p>\n<h2>Controla bien el uso<\/h2>\n<p>Ten en cuenta que, por pasarte moment\u00e1neamente de la potencia contratada, no te vas a quedar sin luz. Es decir, no se va a apagar todo si te pasas un poco, solo por un momento. Pero claro, el aire acondicionado es posible que lo tengas durante horas, por lo que en ese caso s\u00ed que vas a <strong>necesitar tener una potencia adecuada<\/strong>.<\/p>\n<p>Nuestro consejo es que <strong>controles bien el uso<\/strong> de este tipo de aparato. Aseg\u00farate de poner una temperatura adecuada, utilizar el programa que m\u00e1s te convenga y, a ser posible, no tener varios encendidos al mismo tiempo. Te ayudar\u00e1 a ahorrar en la factura de la luz, pero tambi\u00e9n a controlar el consumo puntual y no requerir de tanta potencia.<\/p>\n<p>En definitiva, tener m\u00e1s o menos potencia contratada para utilizar aires acondicionados, va a depender de c\u00f3mo sean los aparatos, de cu\u00e1ntos conectes al mismo tiempo y qu\u00e9 otros electrodom\u00e9sticos enciendas. M\u00e1s o menos, puedes calcular 1 kWh por aire acondicionado. Si es eficiente y moderno, entonces algo menos.<\/p>\n<p> <\/span><\/p>\n","protected":false},"excerpt":{"rendered":"<p>Podemos decir que un aire acondicionado es uno de esos electrodom\u00e9sticos que pueden consumir bastante energ\u00eda. Por ello, tener varios encendidos al mismo tiempo puede obligarte a aumentarla potencia contratada. No obstante, esto va a depender de varios factores, como vamos a explicarte. Qu\u00e9 potencia contratar para usar aires acondicionados Saber qu\u00e9 potencia contratar para [&hellip;]<\/p>\n","protected":false},"author":1,"featured_media":149899,"comment_status":"closed","ping_status":"closed","sticky":false,"template":"","format":"standard","meta":[],"categories":[42],"tags":[],"_links":{"self":[{"href":"http:\/\/cordobadirecto.com\/index.php\/wp-json\/wp\/v2\/posts\/149898"}],"collection":[{"href":"http:\/\/cordobadirecto.com\/index.php\/wp-json\/wp\/v2\/posts"}],"about":[{"href":"http:\/\/cordobadirecto.com\/index.php\/wp-json\/wp\/v2\/types\/post"}],"author":[{"embeddable":true,"href":"http:\/\/cordobadirecto.com\/index.php\/wp-json\/wp\/v2\/users\/1"}],"replies":[{"embeddable":true,"href":"http:\/\/cordobadirecto.com\/index.php\/wp-json\/wp\/v2\/comments?post=149898"}],"version-history":[{"count":0,"href":"http:\/\/cordobadirecto.com\/index.php\/wp-json\/wp\/v2\/posts\/149898\/revisions"}],"wp:featuredmedia":[{"embeddable":true,"href":"http:\/\/cordobadirecto.com\/index.php\/wp-json\/wp\/v2\/media\/149899"}],"wp:attachment":[{"href":"http:\/\/cordobadirecto.com\/index.php\/wp-json\/wp\/v2\/media?parent=149898"}],"wp:term":[{"taxonomy":"category","embeddable":true,"href":"http:\/\/cordobadirecto.com\/index.php\/wp-json\/wp\/v2\/categories?post=149898"},{"taxonomy":"post_tag","embeddable":true,"href":"http:\/\/cordobadirecto.com\/index.php\/wp-json\/wp\/v2\/tags?post=149898"}],"curies":[{"name":"wp","href":"https:\/\/api.w.org\/{rel}","templated":true}]}}