{"id":150033,"date":"2024-05-14T00:58:19","date_gmt":"2024-05-14T00:58:19","guid":{"rendered":"https:\/\/puntoapunto.com.ar\/?p=360625"},"modified":"2024-05-14T00:58:19","modified_gmt":"2024-05-14T00:58:19","slug":"volkswagen-inicia-la-produccion-en-serie-de-camiones-y-buses-en-cordoba","status":"publish","type":"post","link":"http:\/\/cordobadirecto.com\/index.php\/2024\/05\/14\/volkswagen-inicia-la-produccion-en-serie-de-camiones-y-buses-en-cordoba\/","title":{"rendered":"Volkswagen inicia la producci\u00f3n en serie de camiones y buses en C\u00f3rdoba"},"content":{"rendered":"<div class=\"g g-36\">\n<div class=\"g-dyn a-29 c-1\"><a class=\"gofollow\" data-track=\"MjksMzYsMSw2MA==\" href=\"https:\/\/www.harmoniechateau.com.ar\/\" target=\"_blank\" rel=\"noopener\"><img src=\"http:\/\/cordobadirecto.com\/wp-content\/uploads\/2024\/05\/volkswagen-inicia-la-produccion-en-serie-de-camiones-y-buses-en-cordoba.jpg\" loading=\"lazy\"><\/a><\/div>\n<\/div>\n<p>&nbsp;\n<\/p>\n<p>Directivos de<strong> Volkswagen Group Argentina<\/strong> anunciaron al ministro de Econom\u00eda,&nbsp;<strong>Luis Caputo,<\/strong>&nbsp;que la empresa iniciar\u00e1 la&nbsp;<strong>producci\u00f3n nacional en serie de<a href=\"https:\/\/puntoapunto.com.ar\/volkswagen-invertira-us-50-millones-en-cordoba-para-ensamblar-camiones-y-colectivos\/\"> camiones y buses<\/a><\/strong><strong><a href=\"https:\/\/puntoapunto.com.ar\/volkswagen-invertira-us-50-millones-en-cordoba-para-ensamblar-camiones-y-colectivos\/\">&nbsp;en la provincia de C\u00f3rdoba<\/a>. &nbsp;<\/strong>\n<\/p>\n<p>En el encuentro se present\u00f3 el plan de para producir cinco versiones de los modelos&nbsp;<strong>Delivery, Constellation y Volksbus<\/strong>, como parte de una inversi\u00f3n que la compa\u00f1\u00eda tiene en marcha para el pa\u00eds.\n<\/p>\n<p>Adem\u00e1s, los empresarios le anticiparon al ministro que proyectan para este a\u00f1o que la firma alcance un<strong>&nbsp;volumen de 800 unidades<\/strong>&nbsp;y que las inversiones permitan incrementar la producci\u00f3n a&nbsp;<strong>1.300 unidades anuales en 2025 y 2.700 unidades anuales a partir de 2026.<\/strong>\n<\/p>\n<p><img decoding=\"async\" class=\"aligncenter wp-image-360626 size-full\" src=\"http:\/\/cordobadirecto.com\/wp-content\/uploads\/2024\/05\/volkswagen-inicia-la-produccion-en-serie-de-camiones-y-buses-en-cordoba-1.jpg\" alt width=\"1280\" height=\"853\" srcset=\"http:\/\/cordobadirecto.com\/wp-content\/uploads\/2024\/05\/volkswagen-inicia-la-produccion-en-serie-de-camiones-y-buses-en-cordoba-1.jpg 1280w, http:\/\/cordobadirecto.com\/wp-content\/uploads\/2024\/05\/volkswagen-inicia-la-produccion-en-serie-de-camiones-y-buses-en-cordoba-3.jpg 300w, http:\/\/cordobadirecto.com\/wp-content\/uploads\/2024\/05\/volkswagen-inicia-la-produccion-en-serie-de-camiones-y-buses-en-cordoba-4.jpg 1024w, http:\/\/cordobadirecto.com\/wp-content\/uploads\/2024\/05\/volkswagen-inicia-la-produccion-en-serie-de-camiones-y-buses-en-cordoba-5.jpg 768w, http:\/\/cordobadirecto.com\/wp-content\/uploads\/2024\/05\/volkswagen-inicia-la-produccion-en-serie-de-camiones-y-buses-en-cordoba-6.jpg 750w, http:\/\/cordobadirecto.com\/wp-content\/uploads\/2024\/05\/volkswagen-inicia-la-produccion-en-serie-de-camiones-y-buses-en-cordoba-7.jpg 1140w\" sizes=\"(max-width: 1280px) 100vw, 1280px\" loading=\"lazy\"><strong>Inversiones<\/strong><\/p>\n<p>Volkswagen Group Argentina lleva invertidos m\u00e1s de<strong> US$1.200 millones desde 2016<\/strong> y m\u00e1s de 1,7 mill\u00f3n de unidades producidas en General Pacheco y <strong>15 millones de transmisiones en C\u00f3rdoba<\/strong>, inform\u00f3 el Ministerio de Econom\u00eda en un <a href=\"https:\/\/www.argentina.gob.ar\/noticias\/volkswagen-group-argentina-anuncio-el-inicio-de-la-produccion-en-serie-de-vw-camiones-y\" target=\"_blank\" rel=\"noopener\">comunicado<\/a>.\n<\/p>\n<p>Durante el encuentro que se desarroll\u00f3 este lunes en el Palacio de Hacienda, Caputo estuvo en compa\u00f1\u00eda del secretario de Planeamiento y Gesti\u00f3n para el Desarrollo Productivo y de la Bioeconom\u00eda, Juan Pazo y su par de Industria y Comercio, Pablo Lavigne.\n<\/p>\n<p>Por el sector empresario, estuvieron presentes&nbsp;<strong>Marcellus Puig<\/strong>, CEO Volkswagen Argentina;&nbsp;<strong>Marco Saltini,&nbsp;<\/strong>director de Asuntos Gubernamentales de Volkswagen Truck y Buses;<strong>&nbsp;Roberto Cort\u00e9s,<\/strong>&nbsp;CEO de Volkswagen Truck y Buses y<strong>&nbsp;Mar\u00eda \u00c1ngela Stelzer,<\/strong>&nbsp;directora de Asuntos Corporativos, Legales y P\u00fablicos, de la automotriz.\n<\/p>\n<div class=\"g g-38\">\n<div class=\"g-dyn a-12 c-1\"><a class=\"gofollow\" data-track=\"MTIsMzgsMSw2MA==\" href=\"https:\/\/form.jotform.com\/240784464263663\" target=\"_blank\" rel=\"noopener\"><img src=\"http:\/\/cordobadirecto.com\/wp-content\/uploads\/2024\/05\/volkswagen-inicia-la-produccion-en-serie-de-camiones-y-buses-en-cordoba-2.jpg\" loading=\"lazy\"><\/a><\/div>\n<\/div>\n","protected":false},"excerpt":{"rendered":"<p>&nbsp; Directivos de Volkswagen Group Argentina anunciaron al ministro de Econom\u00eda,&nbsp;Luis Caputo,&nbsp;que la empresa iniciar\u00e1 la&nbsp;producci\u00f3n nacional en serie de camiones y buses&nbsp;en la provincia de C\u00f3rdoba. &nbsp; En el encuentro se present\u00f3 el plan de para producir cinco versiones de los modelos&nbsp;Delivery, Constellation y Volksbus, como parte de una inversi\u00f3n que la compa\u00f1\u00eda tiene [&hellip;]<\/p>\n","protected":false},"author":1,"featured_media":150034,"comment_status":"closed","ping_status":"closed","sticky":false,"template":"","format":"standard","meta":[],"categories":[25],"tags":[],"_links":{"self":[{"href":"http:\/\/cordobadirecto.com\/index.php\/wp-json\/wp\/v2\/posts\/150033"}],"collection":[{"href":"http:\/\/cordobadirecto.com\/index.php\/wp-json\/wp\/v2\/posts"}],"about":[{"href":"http:\/\/cordobadirecto.com\/index.php\/wp-json\/wp\/v2\/types\/post"}],"author":[{"embeddable":true,"href":"http:\/\/cordobadirecto.com\/index.php\/wp-json\/wp\/v2\/users\/1"}],"replies":[{"embeddable":true,"href":"http:\/\/cordobadirecto.com\/index.php\/wp-json\/wp\/v2\/comments?post=150033"}],"version-history":[{"count":0,"href":"http:\/\/cordobadirecto.com\/index.php\/wp-json\/wp\/v2\/posts\/150033\/revisions"}],"wp:featuredmedia":[{"embeddable":true,"href":"http:\/\/cordobadirecto.com\/index.php\/wp-json\/wp\/v2\/media\/150034"}],"wp:attachment":[{"href":"http:\/\/cordobadirecto.com\/index.php\/wp-json\/wp\/v2\/media?parent=150033"}],"wp:term":[{"taxonomy":"category","embeddable":true,"href":"http:\/\/cordobadirecto.com\/index.php\/wp-json\/wp\/v2\/categories?post=150033"},{"taxonomy":"post_tag","embeddable":true,"href":"http:\/\/cordobadirecto.com\/index.php\/wp-json\/wp\/v2\/tags?post=150033"}],"curies":[{"name":"wp","href":"https:\/\/api.w.org\/{rel}","templated":true}]}}