{"id":150051,"date":"2024-05-13T20:28:40","date_gmt":"2024-05-13T20:28:40","guid":{"rendered":"https:\/\/es.digitaltrends.com\/?p=1027180"},"modified":"2024-05-13T20:28:40","modified_gmt":"2024-05-13T20:28:40","slug":"la-teoria-que-conecta-the-acolyte-con-kylo-ren","status":"publish","type":"post","link":"http:\/\/cordobadirecto.com\/index.php\/2024\/05\/13\/la-teoria-que-conecta-the-acolyte-con-kylo-ren\/","title":{"rendered":"La teor\u00eda que conecta The Acolyte con Kylo Ren"},"content":{"rendered":"<figure id=\"attachment_1014401\" aria-describedby=\"caption-attachment-1014401\" class=\"wp-caption alignnone\"><img src=\"http:\/\/cordobadirecto.com\/wp-content\/uploads\/2024\/05\/la-teoria-que-conecta-the-acolyte-con-kylo-ren.jpg\" data-dt-lazy-src=\"http:\/\/cordobadirecto.com\/wp-content\/uploads\/2024\/05\/la-teoria-que-conecta-the-acolyte-con-kylo-ren.jpg\" onerror=\"dti_load_error(this)\" fetchpriority=\"high\" decoding=\"async\" class=\" size-large wp-image-1014401 h-lightbox is-zoomable dt-lazy-no\" alt=\"Kylo Ren\" srcset=\"http:\/\/cordobadirecto.com\/wp-content\/uploads\/2024\/05\/la-teoria-que-conecta-the-acolyte-con-kylo-ren-1.jpg 414w, http:\/\/cordobadirecto.com\/wp-content\/uploads\/2024\/05\/la-teoria-que-conecta-the-acolyte-con-kylo-ren.jpg\" sizes=\"(max-width: 625px) 414px\"><figcaption id=\"caption-attachment-1014401\" class=\"wp-caption-text\"><span class=\"credit\">Digital Trends Espa\u00f1ol<\/span><\/figcaption><\/figure>\n<p>Este pr\u00f3ximo 5 de junio, se estrenar\u00e1 en Disney+ la nueva serie live action de <a href=\"https:\/\/es.digitaltrends.com\/entretenimiento\/star-wars-diez-datos-sorprendentes\/\"><strong>Star Wars<\/strong><\/a>, <a href=\"https:\/\/es.digitaltrends.com\/entretenimiento\/star-wars-the-acolyte-cosas-que-queremos-ver\/\"><strong>The Acolyte<\/strong><\/a>, que contar\u00e1 el momento de esplendor de los jedis y como una misteriosa fuerza oscura est\u00e1 comenzando a atacarlos.<\/p>\n<p>En la trama de la historia, los Sith llevan a\u00f1os extintos a ojos de la civilizaci\u00f3n. Se sabe que en realidad a\u00fan exist\u00edan algunos, como&nbsp;<strong>Darth Plagueis el Sabio<\/strong>, pero permanec\u00edan ocultos.<\/p>\n<p>Por lo tanto, los potenciales enemigos del lado oscuro de la Fuerza de los jedis, pod\u00edan ser otros portadores de energ\u00eda, los Caballeros de Ren, la misma orden que lider\u00f3 Kylo Ren en la \u00faltima trilog\u00eda.<\/p>\n<p>Los Caballeros de Ren son una orden de guerreros enigm\u00e1ticos que aparecen en el universo de Star Wars. No son ni Jedi ni Sith, sino seguidores del lado oscuro de la Fuerza, emergiendo en un tiempo donde los Sith estaban \u00abextintos\u00bb y se popularizaron en la \u00e9poca imperial donde la Orden Jedi estaba casi destruida. El m\u00e1s prominente de estos caballeros fue Kylo Ren, anteriormente conocido como Ben Solo, quien bajo la tutela de Snoke, se convirti\u00f3 en un se\u00f1or de la guerra de la Primera Orden.<\/p>\n<p>Aunque no pose\u00edan el entrenamiento Jedi o Sith tradicional, los Caballeros de Ren eran temidos por sus habilidades en combate cuerpo a cuerpo y con armas a distancia, lo que los hac\u00eda formidables en el campo de batalla.<\/p>\n<p>El grupo fue fundado por un guerrero enigm\u00e1tico conocido simplemente como Ren. Este l\u00edder original imparti\u00f3 una filosof\u00eda basada en seguir los dictados del lado oscuro de la Fuerza, m\u00e1s que en intereses personales ego\u00edstas. Los Caballeros veneraban un sable l\u00e1ser rojo, conocido como \u00abel Ren\u00bb, que era central en su culto al lado oscuro.<\/p>\n<p>Y lo cierto es que en el adelanto de The Acolyte se puede ver a un villano que usa un casco muy similar al de Kylo Ren, lo que genera la particular teor\u00eda de que todo podr\u00eda estar conectado.<\/p>\n<figure id=\"attachment_1027181\" aria-describedby=\"caption-attachment-1027181\" class=\"wp-caption alignnone\"><img src=\"http:\/\/cordobadirecto.com\/wp-content\/uploads\/2024\/05\/la-teoria-que-conecta-the-acolyte-con-kylo-ren.gif\" data-dt-lazy-src=\"https:\/\/es.digitaltrends.com\/wp-content\/uploads\/2024\/05\/Caballeros-de-Ren.jpeg?fit=720%2C287&amp;p=1\" onerror=\"dti_load_error(this)\" decoding=\"async\" class=\" size-large wp-image-1027181 h-lightbox is-zoomable dt-lazy-load dt-lazy-pending\" alt><figcaption id=\"caption-attachment-1027181\" class=\"wp-caption-text\"><span class=\"credit\">Imagen utilizada con permiso del titular de los derechos de autor<\/span><\/figcaption><\/figure>\n<p>Por ahora, habr\u00e1 que ver The Acolyte desde el 5 de junio, para dilucidar si la teor\u00eda tiene alg\u00fan sustento.<\/p>\n<h4 class=\"b-editors-recs-title h-editors-recs-title\"> Recomendaciones del editor<\/h4>\n<p> <span id=\"publisher-md\" itemprop=\"publisher\" itemscope itemtype=\"https:\/\/schema.org\/Organization\"> <span itemprop=\"url\" itemtype=\"https:\/\/schema.org\/Url\" content=\"https:\/\/es.digitaltrends.com\"> <span itemprop=\"logo\" itemscope itemtype=\"https:\/\/schema.org\/ImageObject\"> <meta itemprop=\"url\" content=\"https:\/\/cdn.dtcn.com\/dt\/dt-logo-small.png\"> <meta itemprop=\"width\" content=\"0\"> <meta itemprop=\"height\" content=\"0\"> <\/span> <meta itemprop=\"name\" content=\"Digital Trends Espa\u00f1ol\"> <\/span> <span itemprop=\"image\" itemscope itemtype=\"https:\/\/schema.org\/ImageObject\"> <meta itemprop=\"url\" content=\"https:\/\/es.digitaltrends.com\/wp-content\/uploads\/2023\/12\/kylo-ren-db-main_e2e6f666.jpeg?p=1\"> <\/span> <\/span> <\/p>\n","protected":false},"excerpt":{"rendered":"<p>Digital Trends Espa\u00f1ol Este pr\u00f3ximo 5 de junio, se estrenar\u00e1 en Disney+ la nueva serie live action de Star Wars, The Acolyte, que contar\u00e1 el momento de esplendor de los jedis y como una misteriosa fuerza oscura est\u00e1 comenzando a atacarlos. En la trama de la historia, los Sith llevan a\u00f1os extintos a ojos de [&hellip;]<\/p>\n","protected":false},"author":1,"featured_media":150052,"comment_status":"closed","ping_status":"closed","sticky":false,"template":"","format":"standard","meta":[],"categories":[18],"tags":[],"_links":{"self":[{"href":"http:\/\/cordobadirecto.com\/index.php\/wp-json\/wp\/v2\/posts\/150051"}],"collection":[{"href":"http:\/\/cordobadirecto.com\/index.php\/wp-json\/wp\/v2\/posts"}],"about":[{"href":"http:\/\/cordobadirecto.com\/index.php\/wp-json\/wp\/v2\/types\/post"}],"author":[{"embeddable":true,"href":"http:\/\/cordobadirecto.com\/index.php\/wp-json\/wp\/v2\/users\/1"}],"replies":[{"embeddable":true,"href":"http:\/\/cordobadirecto.com\/index.php\/wp-json\/wp\/v2\/comments?post=150051"}],"version-history":[{"count":0,"href":"http:\/\/cordobadirecto.com\/index.php\/wp-json\/wp\/v2\/posts\/150051\/revisions"}],"wp:featuredmedia":[{"embeddable":true,"href":"http:\/\/cordobadirecto.com\/index.php\/wp-json\/wp\/v2\/media\/150052"}],"wp:attachment":[{"href":"http:\/\/cordobadirecto.com\/index.php\/wp-json\/wp\/v2\/media?parent=150051"}],"wp:term":[{"taxonomy":"category","embeddable":true,"href":"http:\/\/cordobadirecto.com\/index.php\/wp-json\/wp\/v2\/categories?post=150051"},{"taxonomy":"post_tag","embeddable":true,"href":"http:\/\/cordobadirecto.com\/index.php\/wp-json\/wp\/v2\/tags?post=150051"}],"curies":[{"name":"wp","href":"https:\/\/api.w.org\/{rel}","templated":true}]}}