{"id":150056,"date":"2024-05-14T19:21:42","date_gmt":"2024-05-14T19:21:42","guid":{"rendered":"https:\/\/puntoapunto.com.ar\/?p=360680"},"modified":"2024-05-14T19:21:42","modified_gmt":"2024-05-14T19:21:42","slug":"expo-delicatessen-vinos-en-cordoba-mas-de-20-mil-visitantes-y-250-expositores","status":"publish","type":"post","link":"http:\/\/cordobadirecto.com\/index.php\/2024\/05\/14\/expo-delicatessen-vinos-en-cordoba-mas-de-20-mil-visitantes-y-250-expositores\/","title":{"rendered":"Expo Delicatessen &amp; Vinos en C\u00f3rdoba: m\u00e1s de 20 mil visitantes y 250 expositores"},"content":{"rendered":"\n<p>Pas\u00f3 con \u00e9xito&nbsp;la 17\u00b0 Edici\u00f3n de<strong> Expo Delicatessen &amp; Vinos y la 2\u00b0 Edici\u00f3n de Expo Deli &amp; Saludable,<\/strong> el evento atrajo a m\u00e1s de <strong>20 mil visitantes y cont\u00f3 con la participaci\u00f3n de 250 expositores de 16 provincias argentinas.&nbsp;<\/strong><\/p>\n<p>Desde&nbsp;<strong>catas de vinos<\/strong>&nbsp;hasta demostraciones culinarias en vivo, la Expo Delicatessen &amp; Vinos ofreci\u00f3 una experiencia multisensorial para entusiastas gastron\u00f3micos de todos los niveles.<\/p>\n<p>Algunas de las provincias participantes fueron<strong>&nbsp;C\u00f3rdoba, Santa Fe, Entre R\u00edos, La Rioja, Tucum\u00e1n, Mendoza<\/strong>, etc.<\/p>\n<p><img decoding=\"async\" src=\"http:\/\/cordobadirecto.com\/wp-content\/uploads\/2024\/05\/expo-delicatessen-vinos-en-cordoba-mas-de-20-mil-visitantes-y-250-expositores.jpg\" alt=\"GASTRONOM\u00cdA\" width=\"728\" height=\"500\" loading=\"lazy\"><\/p>\n<p>\u00abEn medio de la incertidumbre y los desaf\u00edos que caracterizan al panorama empresarial actual, Expo Delicatessen &amp; Vinos y Expo Deli &amp; Saludable no solo fueron la vidriera para exhibir, degustar y vender productos, sino que se convirtieron en un reflejo v\u00edvido de la&nbsp;<strong>fuerza y la determinaci\u00f3n de las Pymes<\/strong>&nbsp;argentinas en un entorno adverso\u00bb, indic\u00f3 Andrea Ravich, directora de Joint Group empresa organizadora de ambas ferias.<\/p>\n<p>En esta edici\u00f3n, el sector premium cont\u00f3 nuevamente con el<strong>&nbsp;Patio Alta Gama<\/strong>, una c\u00e1psula especial de gin donde destiler\u00edas de diferentes partes del pa\u00eds presentaron sus propuestas.<\/p>\n<p>La 17\u00b0 Edici\u00f3n de Expo Delicatessen fue declarada de<strong>&nbsp;Inter\u00e9s Tur\u00edstico por el Gobierno de la Naci\u00f3n Argentina<\/strong>, de Inter\u00e9s Provincial por el Gobierno de C\u00f3rdoba y recibi\u00f3 el Benepl\u00e1cito de la Legislatura de C\u00f3rdoba.<\/p>\n<p><img decoding=\"async\" class src=\"http:\/\/cordobadirecto.com\/wp-content\/uploads\/2024\/05\/expo-delicatessen-vinos-en-cordoba-mas-de-20-mil-visitantes-y-250-expositores-1.jpg\" alt=\"VINOS\" width=\"762\" height=\"427\" loading=\"lazy\"><\/p>\n<p>Muchos de los productores que participan en Expo Delicatessen &amp; Vinos lo hacen, tambi\u00e9n, con el objetivo de presentar&nbsp;<strong>nuevos productos o propuestas&nbsp;<\/strong>para conocer la respuesta de la gente. Este fue el caso de Quesos Lombardo que, desde el stand de la Provincia de C\u00f3rdoba, aprovecharon la ocasi\u00f3n para lanzar sus quesos sin lactosa. Respecto a su experiencia, Gabriela Porn, de la firma, manifest\u00f3: \u00abse trata de una l\u00ednea de quesos sin lactosa que hemos desarrollado con una t\u00e9cnica propia de la empresa y con la asistencia t\u00e9cnica del Inti, lo que permite que aquellas personas que tienen alg\u00fan tipo de intolerancia a la lactosa los puedas consumir sin que les genere alg\u00fan problema. Es un desarrollo nuevo, que hace dos o tres meses est\u00e1 en el mercado. La propuesta ha sido todo un \u00e9xito, much\u00edsima gente los ha probado y han tenido muy buena aceptaci\u00f3n\u00bb.<\/p>\n<p><strong>Expo Delicatessen &amp; Vinos en n\u00fameros<\/strong><\/p>\n<ul>\n<li>\u2013 17\u00b0 Edici\u00f3n.<\/li>\n<li>\u2013 2\u00b0 Edici\u00f3n de Expo Deli &amp; Saludable.<\/li>\n<li>\u2013 250 empresas expositoras.<\/li>\n<li>\u2013 20.000 visitantes.<\/li>\n<li>\u2013 16 provincias presentes.<\/li>\n<li>\u2013 1 escenario central con clases magistrales de cocina en Expo Delicatessen &amp; Vinos.<\/li>\n<li>\u2013 1 auditorio central con charlas y clases de cocina en Expo Deli &amp; Saludable.<\/li>\n<li>\u2013 2 salas de actividades paralelas.<\/li>\n<li>\u2013 50 actividades paralelas (clases de cocina y catas dirigidas).<\/li>\n<\/ul>\n","protected":false},"excerpt":{"rendered":"<p>Pas\u00f3 con \u00e9xito&nbsp;la 17\u00b0 Edici\u00f3n de Expo Delicatessen &amp; Vinos y la 2\u00b0 Edici\u00f3n de Expo Deli &amp; Saludable, el evento atrajo a m\u00e1s de 20 mil visitantes y cont\u00f3 con la participaci\u00f3n de 250 expositores de 16 provincias argentinas.&nbsp; Desde&nbsp;catas de vinos&nbsp;hasta demostraciones culinarias en vivo, la Expo Delicatessen &amp; Vinos ofreci\u00f3 una experiencia [&hellip;]<\/p>\n","protected":false},"author":1,"featured_media":150057,"comment_status":"closed","ping_status":"closed","sticky":false,"template":"","format":"standard","meta":[],"categories":[25],"tags":[],"_links":{"self":[{"href":"http:\/\/cordobadirecto.com\/index.php\/wp-json\/wp\/v2\/posts\/150056"}],"collection":[{"href":"http:\/\/cordobadirecto.com\/index.php\/wp-json\/wp\/v2\/posts"}],"about":[{"href":"http:\/\/cordobadirecto.com\/index.php\/wp-json\/wp\/v2\/types\/post"}],"author":[{"embeddable":true,"href":"http:\/\/cordobadirecto.com\/index.php\/wp-json\/wp\/v2\/users\/1"}],"replies":[{"embeddable":true,"href":"http:\/\/cordobadirecto.com\/index.php\/wp-json\/wp\/v2\/comments?post=150056"}],"version-history":[{"count":0,"href":"http:\/\/cordobadirecto.com\/index.php\/wp-json\/wp\/v2\/posts\/150056\/revisions"}],"wp:featuredmedia":[{"embeddable":true,"href":"http:\/\/cordobadirecto.com\/index.php\/wp-json\/wp\/v2\/media\/150057"}],"wp:attachment":[{"href":"http:\/\/cordobadirecto.com\/index.php\/wp-json\/wp\/v2\/media?parent=150056"}],"wp:term":[{"taxonomy":"category","embeddable":true,"href":"http:\/\/cordobadirecto.com\/index.php\/wp-json\/wp\/v2\/categories?post=150056"},{"taxonomy":"post_tag","embeddable":true,"href":"http:\/\/cordobadirecto.com\/index.php\/wp-json\/wp\/v2\/tags?post=150056"}],"curies":[{"name":"wp","href":"https:\/\/api.w.org\/{rel}","templated":true}]}}