{"id":150058,"date":"2024-05-14T20:32:58","date_gmt":"2024-05-14T20:32:58","guid":{"rendered":"http:\/\/cordobadirecto.com\/index.php\/2024\/05\/14\/volkswagen-oficializo-la-produccion-en-serie-de-camiones-y-buses-en-cordoba\/"},"modified":"2024-05-14T20:32:58","modified_gmt":"2024-05-14T20:32:58","slug":"volkswagen-oficializo-la-produccion-en-serie-de-camiones-y-buses-en-cordoba","status":"publish","type":"post","link":"http:\/\/cordobadirecto.com\/index.php\/2024\/05\/14\/volkswagen-oficializo-la-produccion-en-serie-de-camiones-y-buses-en-cordoba\/","title":{"rendered":"Volkswagen oficializ\u00f3 la producci\u00f3n en serie de camiones y buses en <b>C\u00f3rdoba<\/b>"},"content":{"rendered":"<p>La <b>nueva<\/b> l\u00ednea de ensamblaje se instala en un \u00e1rea exclusiva de 15 mil m2 para los camiones VW Delivery 9.170 y 11.180, los VW Constellation 17.280 en&nbsp;&#8230; <\/p>\n","protected":false},"excerpt":{"rendered":"<p>La nueva l\u00ednea de ensamblaje se instala en un \u00e1rea exclusiva de 15 mil m2 para los camiones VW Delivery 9.170 y 11.180, los VW Constellation 17.280 en&nbsp;&#8230;<\/p>\n","protected":false},"author":1,"featured_media":0,"comment_status":"closed","ping_status":"closed","sticky":false,"template":"","format":"standard","meta":[],"categories":[40],"tags":[],"_links":{"self":[{"href":"http:\/\/cordobadirecto.com\/index.php\/wp-json\/wp\/v2\/posts\/150058"}],"collection":[{"href":"http:\/\/cordobadirecto.com\/index.php\/wp-json\/wp\/v2\/posts"}],"about":[{"href":"http:\/\/cordobadirecto.com\/index.php\/wp-json\/wp\/v2\/types\/post"}],"author":[{"embeddable":true,"href":"http:\/\/cordobadirecto.com\/index.php\/wp-json\/wp\/v2\/users\/1"}],"replies":[{"embeddable":true,"href":"http:\/\/cordobadirecto.com\/index.php\/wp-json\/wp\/v2\/comments?post=150058"}],"version-history":[{"count":0,"href":"http:\/\/cordobadirecto.com\/index.php\/wp-json\/wp\/v2\/posts\/150058\/revisions"}],"wp:attachment":[{"href":"http:\/\/cordobadirecto.com\/index.php\/wp-json\/wp\/v2\/media?parent=150058"}],"wp:term":[{"taxonomy":"category","embeddable":true,"href":"http:\/\/cordobadirecto.com\/index.php\/wp-json\/wp\/v2\/categories?post=150058"},{"taxonomy":"post_tag","embeddable":true,"href":"http:\/\/cordobadirecto.com\/index.php\/wp-json\/wp\/v2\/tags?post=150058"}],"curies":[{"name":"wp","href":"https:\/\/api.w.org\/{rel}","templated":true}]}}