{"id":150061,"date":"2024-05-14T20:17:00","date_gmt":"2024-05-14T20:17:00","guid":{"rendered":"https:\/\/cordoba.gob.ar\/?p=57763"},"modified":"2024-05-14T20:17:00","modified_gmt":"2024-05-14T20:17:00","slug":"recolectores-de-residuos-junto-a-la-municipalidad-visibilizan-el-sindrome-cornelia-de-lange","status":"publish","type":"post","link":"http:\/\/cordobadirecto.com\/index.php\/2024\/05\/14\/recolectores-de-residuos-junto-a-la-municipalidad-visibilizan-el-sindrome-cornelia-de-lange\/","title":{"rendered":"Recolectores de residuos, junto a la Municipalidad, visibilizan el S\u00edndrome Cornelia de Lange"},"content":{"rendered":"<div><img src=\"http:\/\/cordobadirecto.com\/wp-content\/uploads\/2024\/05\/recolectores-de-residuos-junto-a-la-municipalidad-visibilizan-el-sindrome-cornelia-de-lange.jpg\" class=\"ff-og-image-inserted\"><\/div>\n<ul class=\"ak-ul\">\n<li><strong>Esta iniciativa busca visualizar esta alteraci\u00f3n gen\u00e9tica poco frecuente.<\/strong><\/li>\n<li><strong>La Direcci\u00f3n de Higiene Urbana y las 3 empresas de recolecci\u00f3n de residuos de la ciudad (URBACOR, LUSA Y LAM) acompa\u00f1an la propuesta portando lazos violetas y el logo de la Fundaci\u00f3n que nuclea las acciones que dan a conocer este S\u00edndrome.<\/strong><\/li>\n<\/ul>\n<hr>\n<p>Hasta el pr\u00f3ximo viernes, la Municipalidad de C\u00f3rdoba se suma a la iniciativa de visibilizaci\u00f3n del S\u00edndrome Cornelia de Lange y a la Fundaci\u00f3n Argentina que colabora y ayuda a familiares de personas con esta alteraci\u00f3n gen\u00e9tica.<\/p>\n<p>Cada a\u00f1o, el segundo s\u00e1bado de mayo se celebra el d\u00eda Mundial del S\u00edndrome Cornelia de Lange. Se estima que afecta a 1 de cada 50.000 reci\u00e9n nacidos.<\/p>\n<p>A tal fin, la Direcci\u00f3n de Higiene Urbana y las 3 empresas de recolecci\u00f3n de residuos de la ciudad (URBACOR, LUSA Y LAM) acompa\u00f1an la propuesta.<\/p>\n<p>En el caso de URBACOR se sumaron a la propuesta dando visibilidad a trav\u00e9s de sus camiones recolectores, a los que se les coloc\u00f3 un emblema de la Fundaci\u00f3n Argentina S\u00edndrome Cornelia de Lange en ambos laterales.<\/p>\n<p>Adem\u00e1s, los empleados de las empresas LUSA Y LAM, llevan en uno de sus brazos o en el pecho una cinta violeta.<\/p>\n<p>Ante un diagn\u00f3stico de esta alteraci\u00f3n gen\u00e9tica, las personas deben saber que existe una Fundaci\u00f3n con el fin de apoyar, acompa\u00f1ar y concientizar. Se la puede encontrar en las redes sociales (Instagram cdlsargentina o S\u00edndrome Cornelia de Lange-Argentina, v\u00eda Facebook) o contactarse v\u00eda Whatsaap al tel\u00e9fono +54 9 376 4118337.<\/p>\n<p><strong>S\u00edndrome Cornelia de Lange<\/strong><\/p>\n<p>Los pacientes presentan rasgos faciales y f\u00edsicos caracter\u00edsticos, y pueden presentar retraso de crecimiento, discapacidad intelectual, problemas de conducta y defectos en las extremidades.<\/p>\n<p>El S\u00edndrome Cornelia de Lange cl\u00e1sico puede ser reconocido f\u00e1cilmente desde el nacimiento por un pediatra o un genetista. Sin embargo y dependiendo de la mutaci\u00f3n, el diagnostico puede llegar a ser m\u00e1s complejo, ya que puede haber solapamiento cl\u00ednico con otros s\u00edndromes. Por eso es fundamental realizar el estudio molecular para el panel de genes asociado a CdLS y as\u00ed buscar la alteraci\u00f3n en uno de los siete genes descriptos hasta el momento.<\/p>\n<p>El fenotipo cl\u00e1sico que permite identificarlos es retraso de crecimiento pre y postnatal, microcefalia, hirsutismo, sinofris, pesta\u00f1as largas, nariz corta, puente nasal deprimido con narinas antevertidas, philtrum largo, labio superior fino y\/o comisuras bucales curvadas hacia abajo.<\/p>\n<p>Presentan manos y pies peque\u00f1os, clinodactilia o malformaciones graves como la oligodactilia, que es rara en los pies, hernia diafragm\u00e1tica cong\u00e9nita, retraso global del desarrollo y trastorno del aprendizaje.<\/p>\n","protected":false},"excerpt":{"rendered":"<p>Esta iniciativa busca visualizar esta alteraci\u00f3n gen\u00e9tica poco frecuente. La Direcci\u00f3n de Higiene Urbana y las 3 empresas de recolecci\u00f3n de residuos de la ciudad (URBACOR, LUSA Y LAM) acompa\u00f1an la propuesta portando lazos violetas y el logo de la Fundaci\u00f3n que nuclea las acciones que dan a conocer este S\u00edndrome. Hasta el pr\u00f3ximo viernes, [&hellip;]<\/p>\n","protected":false},"author":1,"featured_media":150062,"comment_status":"closed","ping_status":"closed","sticky":false,"template":"","format":"standard","meta":[],"categories":[44],"tags":[],"_links":{"self":[{"href":"http:\/\/cordobadirecto.com\/index.php\/wp-json\/wp\/v2\/posts\/150061"}],"collection":[{"href":"http:\/\/cordobadirecto.com\/index.php\/wp-json\/wp\/v2\/posts"}],"about":[{"href":"http:\/\/cordobadirecto.com\/index.php\/wp-json\/wp\/v2\/types\/post"}],"author":[{"embeddable":true,"href":"http:\/\/cordobadirecto.com\/index.php\/wp-json\/wp\/v2\/users\/1"}],"replies":[{"embeddable":true,"href":"http:\/\/cordobadirecto.com\/index.php\/wp-json\/wp\/v2\/comments?post=150061"}],"version-history":[{"count":0,"href":"http:\/\/cordobadirecto.com\/index.php\/wp-json\/wp\/v2\/posts\/150061\/revisions"}],"wp:featuredmedia":[{"embeddable":true,"href":"http:\/\/cordobadirecto.com\/index.php\/wp-json\/wp\/v2\/media\/150062"}],"wp:attachment":[{"href":"http:\/\/cordobadirecto.com\/index.php\/wp-json\/wp\/v2\/media?parent=150061"}],"wp:term":[{"taxonomy":"category","embeddable":true,"href":"http:\/\/cordobadirecto.com\/index.php\/wp-json\/wp\/v2\/categories?post=150061"},{"taxonomy":"post_tag","embeddable":true,"href":"http:\/\/cordobadirecto.com\/index.php\/wp-json\/wp\/v2\/tags?post=150061"}],"curies":[{"name":"wp","href":"https:\/\/api.w.org\/{rel}","templated":true}]}}