{"id":150069,"date":"2024-05-15T02:04:24","date_gmt":"2024-05-15T02:04:24","guid":{"rendered":"https:\/\/www.ole.com.ar\/futbol-ascenso\/ascenso-primeranacional-patronato-pozo-dt_0_Zbv5s6uo7R.html"},"modified":"2024-05-15T02:04:24","modified_gmt":"2024-05-15T02:04:24","slug":"maradona-lo-llevo-a-un-mundial-y-ahora-sera-dt-de-patronato","status":"publish","type":"post","link":"http:\/\/cordobadirecto.com\/index.php\/2024\/05\/15\/maradona-lo-llevo-a-un-mundial-y-ahora-sera-dt-de-patronato\/","title":{"rendered":"Maradona lo llev\u00f3 a un Mundial y ahora ser\u00e1 DT de Patronato"},"content":{"rendered":"<p><time class=\"createDate\" datetime=\"2024-05-14T19:39:24-03:00\">14\/05\/2024 19:39hs.<\/time><time class=\"modificatedDate\" datetime=\"2024-05-14T19:47:12-03:00\"> Actualizado al 14\/05\/2024 19:47hs.<\/time><\/p>\n<div id=\"storyBody\">\n<div class=\"custom-text \" readability=\"33.057803468208\">\n<p><a href=\"https:\/\/www.ole.com.ar\/patronato\" target=\"_self\" title=\"Patronato\" alt=\"Patronato\" rel=\"noopener\">Patronato<\/a> tiene como objetivo principal dar vuelta la p\u00e1gina en esta actualidad de la <a href=\"https:\/\/www.ole.com.ar\/futbol-ascenso\/b-nacional\" target=\"_self\" title=\"Primera Nacional\" alt=\"Primera Nacional\" rel=\"noopener\">Primera Nacional<\/a>. Por eso es que meti\u00f3 un volantazo y tras la salida de Walter Perazzo, ya cerr\u00f3 a su reemplazante. <strong>Se trata de Diego Pozo<\/strong>, ex arquero mundialista con la <a href=\"https:\/\/www.ole.com.ar\/tema\/seleccion-argentina.html\" title=\"Selecci\u00f3n Argentina\" alt=\"Selecci\u00f3n Argentina\" class=\"slug\">Selecci\u00f3n Argentina<\/a> y Col\u00f3n -entre otros-, de \u00faltimo paso como det\u00e9 por Racing (C).<\/p>\n<\/div>\n<div class=\"custom-text \" readability=\"37\">\n<p><strong>El \u00e9xodo de entrenadores en la categor\u00eda se transform\u00f3 en una costumbre <\/strong>durante este a\u00f1o. Pozo dej\u00f3 su cargo en la Academia cordobesa a inicios de marzo, siendo Patronato el \u00faltimo rival al que se enfrent\u00f3. Ahora, llega al conjunto de Paran\u00e1 a ocupar el puesto que Marcelo Candia estaba ejerciendo de forma interina.<\/p>\n<\/div>\n<div class=\"custom-text \" readability=\"37\">\n<p>El cuerpo t\u00e9cnico del flamante t\u00e9cnico esta compuesto por: <strong>Rodrigo Mart\u00edn Abaurre como ayudante de campo, Diego Kofler como preparador f\u00edsico y Michel Venezia como analista de videos<\/strong>. De igual forma, el mencionado Candia junto al equipo que se hizo cargo circunstancialmente del plantel profesional tambi\u00e9n ser\u00e1n parte del d\u00eda a d\u00eda.<\/p>\n<\/div>\n<div class=\"sc-e7b891c4-0 jPbnQF\"><img alt=\"Pozo y su cuerpo t\u00e9cnico ya dirigieron su primer entrenamiento en Patronato (Prensa Patronato)\" src=\"http:\/\/cordobadirecto.com\/wp-content\/uploads\/2024\/05\/maradona-lo-llevo-a-un-mundial-y-ahora-sera-dt-de-patronato.jpg\" width=\"720\" height=\"100\" decoding=\"async\" data-nimg=\"future\" loading=\"lazy\"><span class=\"epigraphe\">Pozo y su cuerpo t\u00e9cnico ya dirigieron su primer entrenamiento en Patronato (Prensa Patronato)<\/span><\/div>\n<p><h2><strong>Convocado para Sud\u00e1frica 2010<\/strong><\/h2>\n<\/p>\n<div class=\"custom-text \" readability=\"36.343653250774\">\n<p>Mientras demostraba su buen nivel en Col\u00f3n, el mism\u00edsimo <strong><a href=\"https:\/\/www.ole.com.ar\/maradona\" target=\"_self\" title=\"Diego Armando Maradona\" alt=\"Diego Armando Maradona\" rel=\"noopener\">Diego Armando Maradona<\/a> decidi\u00f3 convocar a Pozo para diversos partidos<\/strong>: fue titular en los encuentros amistosos con Panam\u00e1, Ghana, un combinado de Catalu\u00f1a y Hait\u00ed, mientras que integr\u00f3 el banco de suplentes en compromisos de Eliminatorias con Per\u00fa y Uruguay.<\/p>\n<\/div>\n<div class=\"custom-text \" readability=\"39\">\n<p>De esta forma, el astro argentino lo meti\u00f3 en la n\u00f3mina de preselecci\u00f3n de 30 jugadores para la Copa del Mundo en Sud\u00e1frica, de los cuales, quedaron 23. <strong>Pozo fue uno de ellos, ocupando el puesto de tercer arquero<\/strong> detr\u00e1s de Sergio Romero y Mariano And\u00fajar. No disput\u00f3 ni un minuto de la cita mundial.<\/p>\n<\/div>\n<div class=\"sc-e7b891c4-0 jPbnQF\"><img alt=\"Diego Pozo (en el medio de Romero y Bolatti, de buzo negro) fue parte de la lista del mundial 2010.\" src=\"http:\/\/cordobadirecto.com\/wp-content\/uploads\/2024\/05\/maradona-lo-llevo-a-un-mundial-y-ahora-sera-dt-de-patronato-1.jpg\" width=\"720\" height=\"100\" decoding=\"async\" data-nimg=\"future\" loading=\"lazy\"><span class=\"epigraphe\">Diego Pozo (en el medio de Romero y Bolatti, de buzo negro) fue parte de la lista del mundial 2010.<\/span><\/div>\n<div class=\"custom-text \" readability=\"42\">\n<p data-sider-select-id=\"57810169-ba89-4058-ac13-fb4a54953a9c\">Adem\u00e1s de vestir la camiseta del Sabalero, como jugador Pozo tuvo etapas en Godoy Cruz, Talleres de C\u00f3rdoba, Hurac\u00e1n, Instituto, Rangers de Chile y Sportivo Belgrano, este \u00faltimo siendo el paso previo a su retiro. <strong>Como det\u00e9, Patronato ser\u00e1 su tercera experiencia<\/strong> tras dirigir a Gimnasia (M) y Racing (C).<\/p>\n<\/div>\n<p><h2><strong>Sus primeras declaraciones como det\u00e9 del Patr\u00f3n<\/strong><\/h2>\n<\/p>\n<div class=\"custom-text \" readability=\"41\">\n<p data-sider-select-id=\"fadc7467-9b98-4e38-aef8-a58e73fc96fa\">Esta ma\u00f1ana Pozo dirigi\u00f3 su primer entrenamiento al mando del plantel en el predio de La Capilla. Habl\u00f3 con los medios partidarios, y al ser consultado por el equipo que se encontr\u00f3, coment\u00f3: &#8220;Plantel joven, con un promedio de casi 24 a\u00f1os. Con ganas, chicos muy nobles que con el correr del tiempo los voy conociendo. Tengo informaci\u00f3n de lo que es el plantel, <strong>hay buen material para trabajar<\/strong>, y tenemos tiempo de aqu\u00ed al primer partido&#8221;.<\/p>\n<\/div>\n<div class=\"custom-text \" readability=\"41\">\n<p data-sider-select-id=\"af8a2231-9eb1-4cac-be55-2be51042cd22\">&#8220;<strong>Siempre obligo al jugador de f\u00fatbol, que hoy en d\u00eda cuesta, a que sea un jugador de Primera<\/strong>, y que se sientan as\u00ed permanentemente. El club lo obliga a sentirse un jugador de Primera. Un club que viene de salir campe\u00f3n, que viene de esa categor\u00eda, y que el que venga a jugar siempre va a dar un plus m\u00e1s para ganarle a Patronato&#8221;, agreg\u00f3 sobre su metodolog\u00eda para con los players.<\/p>\n<\/div>\n<div class=\"sc-e7b891c4-0 jPbnQF\"><img alt=\"Pozo habl\u00f3 tras su primer entrenamiento en Patronato (Prensa Patronato).\" src=\"http:\/\/cordobadirecto.com\/wp-content\/uploads\/2024\/05\/maradona-lo-llevo-a-un-mundial-y-ahora-sera-dt-de-patronato-2.jpg\" width=\"720\" height=\"100\" decoding=\"async\" data-nimg=\"future\" loading=\"lazy\"><span class=\"epigraphe\">Pozo habl\u00f3 tras su primer entrenamiento en Patronato (Prensa Patronato).<\/span><\/div>\n<div class=\"custom-text \" readability=\"39\">\n<p>Adem\u00e1s, se expres\u00f3 en cuanto a su decisi\u00f3n de tomar el cargo y sus objetivos en el club: &#8220;Desde que yo me inici\u00e9 en el f\u00fatbol siempre busqu\u00e9 desaf\u00edos. Este es uno lindo, <strong>un equipo grande de la categor\u00eda<\/strong>, que no est\u00e1 pasando un buen momento pero el desaf\u00edo es que empiece a andar bien. <strong>La idea es que Patronato est\u00e9 lo m\u00e1s r\u00e1pido posible dentro de los ocho del Reducido<\/strong>. Si bien falta mucho, cuando vos te ves ah\u00ed arriba las cosas cambian&#8221;.<\/p>\n<\/div>\n<div class=\"sc-a7166897-0 exHLBh\" readability=\"6\">\n<section readability=\"2\"><picture><img alt=\"Los \u00e1rbitros de la fecha 2 de la Liga Profesional\" src=\"http:\/\/cordobadirecto.com\/wp-content\/uploads\/2024\/05\/maradona-lo-llevo-a-un-mundial-y-ahora-sera-dt-de-patronato-3.jpg\" width=\"290\" height=\"290\" decoding=\"async\" data-nimg=\"future\" loading=\"lazy\"><\/picture>\n<p><span>Mir\u00e1 tambi\u00e9n<\/span><\/p>\n<hr>\n<h3>Los \u00e1rbitros de la fecha 2 de la Liga Profesional<\/h3>\n<\/p>\n<\/section>\n<\/div>\n<div class=\"sc-a7166897-0 exHLBh\" readability=\"6.5\">\n<section readability=\"3\"><picture><img alt=\"De la decisi\u00f3n de Aimar al don desconocido de Gago: las confesiones futboleras del l\u00edder de El Bordo\" src=\"http:\/\/cordobadirecto.com\/wp-content\/uploads\/2024\/05\/maradona-lo-llevo-a-un-mundial-y-ahora-sera-dt-de-patronato-4.jpg\" width=\"290\" height=\"290\" decoding=\"async\" data-nimg=\"future\" loading=\"lazy\"><\/picture>\n<p><span>Mir\u00e1 tambi\u00e9n<\/span><\/p>\n<hr>\n<h3>De la decisi\u00f3n de Aimar al don desconocido de Gago: las confesiones futboleras del l\u00edder de El Bordo<\/h3>\n<\/p>\n<\/section>\n<\/div>\n<div class=\"sc-a7166897-0 exHLBh\" readability=\"6\">\n<section readability=\"2\"><picture><img alt=\"Boca apuesta por Aaron Anselmino: le volvi\u00f3 a mejorar el contrato\" src=\"http:\/\/cordobadirecto.com\/wp-content\/uploads\/2024\/05\/maradona-lo-llevo-a-un-mundial-y-ahora-sera-dt-de-patronato-5.jpg\" width=\"290\" height=\"290\" decoding=\"async\" data-nimg=\"future\" loading=\"lazy\"><\/picture>\n<p><span>Mir\u00e1 tambi\u00e9n<\/span><\/p>\n<hr>\n<h3>Boca apuesta por Aaron Anselmino: le volvi\u00f3 a mejorar el contrato<\/h3>\n<\/p>\n<\/section>\n<\/div>\n<div class=\"sc-a7166897-0 exHLBh\" readability=\"7.5\">\n<section readability=\"5\"><picture><img alt=\"Dibu Mart\u00ednez, premiado en Aston Villa, festej\u00f3 a puro champagne la clasificaci\u00f3n a la Champions\" src=\"http:\/\/cordobadirecto.com\/wp-content\/uploads\/2024\/05\/maradona-lo-llevo-a-un-mundial-y-ahora-sera-dt-de-patronato-6.jpg\" width=\"290\" height=\"290\" decoding=\"async\" data-nimg=\"future\" loading=\"lazy\"><\/picture>\n<p><span>Mir\u00e1 tambi\u00e9n<\/span><\/p>\n<hr>\n<h3>Dibu Mart\u00ednez, premiado en Aston Villa, festej\u00f3 a puro champagne la clasificaci\u00f3n a la Champions<\/h3>\n<\/p>\n<\/section>\n<\/div>\n<\/div>\n","protected":false},"excerpt":{"rendered":"<p>14\/05\/2024 19:39hs. Actualizado al 14\/05\/2024 19:47hs. Patronato tiene como objetivo principal dar vuelta la p\u00e1gina en esta actualidad de la Primera Nacional. Por eso es que meti\u00f3 un volantazo y tras la salida de Walter Perazzo, ya cerr\u00f3 a su reemplazante. Se trata de Diego Pozo, ex arquero mundialista con la Selecci\u00f3n Argentina y Col\u00f3n [&hellip;]<\/p>\n","protected":false},"author":1,"featured_media":150070,"comment_status":"closed","ping_status":"closed","sticky":false,"template":"","format":"standard","meta":[],"categories":[21],"tags":[],"_links":{"self":[{"href":"http:\/\/cordobadirecto.com\/index.php\/wp-json\/wp\/v2\/posts\/150069"}],"collection":[{"href":"http:\/\/cordobadirecto.com\/index.php\/wp-json\/wp\/v2\/posts"}],"about":[{"href":"http:\/\/cordobadirecto.com\/index.php\/wp-json\/wp\/v2\/types\/post"}],"author":[{"embeddable":true,"href":"http:\/\/cordobadirecto.com\/index.php\/wp-json\/wp\/v2\/users\/1"}],"replies":[{"embeddable":true,"href":"http:\/\/cordobadirecto.com\/index.php\/wp-json\/wp\/v2\/comments?post=150069"}],"version-history":[{"count":0,"href":"http:\/\/cordobadirecto.com\/index.php\/wp-json\/wp\/v2\/posts\/150069\/revisions"}],"wp:featuredmedia":[{"embeddable":true,"href":"http:\/\/cordobadirecto.com\/index.php\/wp-json\/wp\/v2\/media\/150070"}],"wp:attachment":[{"href":"http:\/\/cordobadirecto.com\/index.php\/wp-json\/wp\/v2\/media?parent=150069"}],"wp:term":[{"taxonomy":"category","embeddable":true,"href":"http:\/\/cordobadirecto.com\/index.php\/wp-json\/wp\/v2\/categories?post=150069"},{"taxonomy":"post_tag","embeddable":true,"href":"http:\/\/cordobadirecto.com\/index.php\/wp-json\/wp\/v2\/tags?post=150069"}],"curies":[{"name":"wp","href":"https:\/\/api.w.org\/{rel}","templated":true}]}}