{"id":150075,"date":"2024-05-15T06:52:31","date_gmt":"2024-05-15T06:52:31","guid":{"rendered":"http:\/\/cordobadirecto.com\/index.php\/2024\/05\/15\/en-cordoba-buscamos-alternativas-para-suplir-los-recortes-presupuestarios\/"},"modified":"2024-05-15T06:52:31","modified_gmt":"2024-05-15T06:52:31","slug":"en-cordoba-buscamos-alternativas-para-suplir-los-recortes-presupuestarios","status":"publish","type":"post","link":"http:\/\/cordobadirecto.com\/index.php\/2024\/05\/15\/en-cordoba-buscamos-alternativas-para-suplir-los-recortes-presupuestarios\/","title":{"rendered":"\u201cEn <b>C\u00f3rdoba<\/b> buscamos alternativas para suplir los recortes presupuestarios\u201d"},"content":{"rendered":"<p>El gobernador de <b>C\u00f3rdoba<\/b>, Mart\u00edn Llaryora, analiz\u00f3 la situaci\u00f3n <b>econ\u00f3mica<\/b> del pa\u00eds, los primeros pasos que est\u00e1 dando el gobierno de Javier Milei&nbsp;&#8230; <\/p>\n","protected":false},"excerpt":{"rendered":"<p>El gobernador de C\u00f3rdoba, Mart\u00edn Llaryora, analiz\u00f3 la situaci\u00f3n econ\u00f3mica del pa\u00eds, los primeros pasos que est\u00e1 dando el gobierno de Javier Milei&nbsp;&#8230;<\/p>\n","protected":false},"author":1,"featured_media":0,"comment_status":"closed","ping_status":"closed","sticky":false,"template":"","format":"standard","meta":[],"categories":[40],"tags":[],"_links":{"self":[{"href":"http:\/\/cordobadirecto.com\/index.php\/wp-json\/wp\/v2\/posts\/150075"}],"collection":[{"href":"http:\/\/cordobadirecto.com\/index.php\/wp-json\/wp\/v2\/posts"}],"about":[{"href":"http:\/\/cordobadirecto.com\/index.php\/wp-json\/wp\/v2\/types\/post"}],"author":[{"embeddable":true,"href":"http:\/\/cordobadirecto.com\/index.php\/wp-json\/wp\/v2\/users\/1"}],"replies":[{"embeddable":true,"href":"http:\/\/cordobadirecto.com\/index.php\/wp-json\/wp\/v2\/comments?post=150075"}],"version-history":[{"count":0,"href":"http:\/\/cordobadirecto.com\/index.php\/wp-json\/wp\/v2\/posts\/150075\/revisions"}],"wp:attachment":[{"href":"http:\/\/cordobadirecto.com\/index.php\/wp-json\/wp\/v2\/media?parent=150075"}],"wp:term":[{"taxonomy":"category","embeddable":true,"href":"http:\/\/cordobadirecto.com\/index.php\/wp-json\/wp\/v2\/categories?post=150075"},{"taxonomy":"post_tag","embeddable":true,"href":"http:\/\/cordobadirecto.com\/index.php\/wp-json\/wp\/v2\/tags?post=150075"}],"curies":[{"name":"wp","href":"https:\/\/api.w.org\/{rel}","templated":true}]}}