{"id":150076,"date":"2024-05-15T11:04:11","date_gmt":"2024-05-15T11:04:11","guid":{"rendered":"https:\/\/cordoba.gob.ar\/?p=57775"},"modified":"2024-05-15T11:04:11","modified_gmt":"2024-05-15T11:04:11","slug":"trasladaron-tres-tucanes-del-parque-de-la-biodiversidad-a-la-reserva-natural-de-tucuman","status":"publish","type":"post","link":"http:\/\/cordobadirecto.com\/index.php\/2024\/05\/15\/trasladaron-tres-tucanes-del-parque-de-la-biodiversidad-a-la-reserva-natural-de-tucuman\/","title":{"rendered":"Trasladaron tres tucanes del Parque de la Biodiversidad a la Reserva Natural de Tucum\u00e1n"},"content":{"rendered":"<div><img src=\"http:\/\/cordobadirecto.com\/wp-content\/uploads\/2024\/05\/trasladaron-tres-tucanes-del-parque-de-la-biodiversidad-a-la-reserva-natural-de-tucuman.jpg\" class=\"ff-og-image-inserted\"><\/div>\n<ul class=\"ak-ul\" data-pm-slice=\"3 1 []\">\n<li><strong>Se trata de individuos de la especie Grande o Toco, nacidos y criados de manera asistida. Fueron llevados a la Reserva Experimental de Horco Molle.<\/strong><\/li>\n<li><strong>En su nuevo espacio podr\u00e1n adquirir habilidades necesarias para vivir en la naturaleza como son alimentarse, huir de predadores, buscar refugio y luego ser reintroducidos en su h\u00e1bitat natural.<\/strong><\/li>\n<li><strong>Adem\u00e1s, se liberaron las dos primeras aves de la misma especie, que a fines&nbsp;del a\u00f1o pasado hab\u00edan sido trasladados al mismo espacio<\/strong><\/li>\n<\/ul>\n<hr>\n<p>Por segundo a\u00f1o consecutivo, y como parte del Programa de Conservaci\u00f3n ex-situ del Tuc\u00e1n Grande, el Ente Municipal BioC\u00f3doba traslad\u00f3 a tres tucanes juveniles criados de manera asistida en el Parque de la Biodiversidad a la Reserva Experimental Horco Molle, en la provincia de Tucum\u00e1n.<\/p>\n<p>Las aves, pertenecientes a la especie Grande o Toco, se encuentran en perfectas condiciones sanitarias y est\u00e1n listas para pasar a la pr\u00f3xima etapa del proyecto que es la de pre liberaci\u00f3n, lo que posibilita su traslado.<\/p>\n<p>Esta Reserva Natural de dependencia universitaria se ubica dentro del \u00c1rea Protegida correspondiente al Parque Sierra San Javier, que es administrado por la Facultad de Ciencias Naturales e Instituto Miguel Lillo de la Universidad Nacional de Tucum\u00e1n.<\/p>\n<p>En su nuevo espacio, los tucanes ser\u00e1n rehabilitados&nbsp;a lo largo de 4 a 6 meses, lo que abarcar\u00eda el periodo invernal hasta entrada la primavera-verano.&nbsp;Esta etapa transcurrir\u00e1 en un ambiente especialmente preparado para q los tucanes aprendan habilidades que le permitan sobrevivir en estado silvestre; es decir alimentarse, huir de predadores, buscar refugio y as\u00ed poder luego ser reintroducidos en su h\u00e1bitat natural.<\/p>\n<p>En ese marco, Enzo Cravero, titular del ente BioCordoba, manifest\u00f3 \u201c<em>Hoy es un d\u00eda muy importante para el Parque de la Biodiversidad, ya que continuamos trabajando para conservar esta especie en peligro de extinci\u00f3n. Tres nuevas cr\u00edas de tucanes se van a la Reserva Horco Molle en Tucum\u00e1n para seguir su vida ah\u00ed y ser reinsertados en la naturaleza<\/em>\u201d.<\/p>\n<p>\u201c<em>El traslado de los&nbsp; tucanes a la Reserva de Horco Molle significa cerrar un ciclo y poder empezar otro en donde a trav\u00e9s de la conservaci\u00f3n ex-situ podemos ayudar a la repoblaci\u00f3n de esta especie tan carism\u00e1tica que existe en esa provincia<\/em>\u201d, destac\u00f3 Yazm\u00edn L\u00f3pez Carmie, integrante del \u00c1rea de conservaci\u00f3n de Biodiversidad del Parque.<\/p>\n<p>El proyecto que lleva a cabo el \u00c1rea de conservaci\u00f3n del Parque de la Biodiversidad busca aportar cr\u00edas a programas de rehabilitaci\u00f3n y liberaci\u00f3n de Tucanes que ya se encuentran en marcha, con el fin de aumentar el \u00e9xito de estos proyectos y contribuir a la conservaci\u00f3n de la especie en Argentina.<\/p>\n<p>\u201c<em>Para nosotros es necesario destacar la importancia que tiene la cr\u00eda de forma ex-situ como herramienta de trabajo para la conservaci\u00f3n, siendo esta la finalidad de las nuevas instituciones zool\u00f3gicas<\/em>\u201d, resalt\u00f3 Dami\u00e1n Casconi, director del \u00c1rea de Conservaci\u00f3n del Parque de la Biodiversidad.<\/p>\n<p>Cuando la Municipalidad de C\u00f3rdoba tom\u00f3 la decisi\u00f3n de iniciar el proceso de reconversi\u00f3n hacia Parque de la Biodiversidad, exist\u00edan dentro del ex zoo dos tucanes en recintos separados, de los cuales se desconoc\u00eda el sexo.<\/p>\n<p>Fue reci\u00e9n a partir de la anterior gesti\u00f3n, cuando se llevaron a cabo modificaciones en el manejo de estos ejemplares, que mejoraron considerablemente sus condiciones de bienestar.<\/p>\n<p>\u201c<em>Estamos muy felices de acompa\u00f1ar al Ente Biocordoba en la realizaci\u00f3n de uno de sus proyectos de conservaci\u00f3n m\u00e1s importantes: el traslado de tucanes j\u00f3venes a la provincia de Tucum\u00e1n<\/em>\u201d, manifest\u00f3 Jorge Folloni, secretario de Gesti\u00f3n Ambiental y Sostenibilidad.<\/p>\n<p>Es importante destacar que adem\u00e1s de personal del Parque, participaron de la partida de ambos tucanes hacia Tucum\u00e1n, Ang\u00e9lica Chebel en representaci\u00f3n del Foro Ambiental C\u00f3rdoba, Gerardo Leynaud del Centro de Zoolog\u00eda Aplicada (FCEFyN) de la Universidad Nacional de C\u00f3rdoba y Soledad Lassaga vocal del Ente BioC\u00f3rdoba.<\/p>\n<p data-pm-slice=\"1 1 []\">Adem\u00e1s, como parte de la actividad, fueron liberaron las dos primeras aves de la misma especie, que a fines&nbsp;del a\u00f1o pasado hab\u00edan sido trasladados al mismo espacio.<\/p>\n<p><strong>Proyecto de conservaci\u00f3n de los tucanes toco<\/strong><\/p>\n<p>En el Parque de la Biodiversidad viv\u00edan desde el a\u00f1o 2017 una pareja de tucanes toco que ingresaron por decomiso, provenientes del tr\u00e1fico ilegal y que llegaron a trav\u00e9s de los \u00f3rganos de aplicaci\u00f3n.<\/p>\n<p>\u201c<em>Cuando el Parque de la Biodiversidad, toma el control del exzoo se crea el \u00c1rea de Conservaci\u00f3n y ah\u00ed los especialistas deciden hacer un control sanitario de ambos animales, comprobando que se trataba de una pareja de tucanes, por lo cual se decide juntarlos\u201d<\/em>, explica Dami\u00e1n Casconi, m\u00e9dico veterinario, director del \u00c1rea de Conservaci\u00f3n del Parque de la Biodiversidad.<\/p>\n<p>Junto al \u00c1rea de Nutrici\u00f3n se genera una dieta adecuada para la especie, lo que provoca la estimulaci\u00f3n y el bienestar de ambos tucanes, y el posterior cortejo y la previa a su reproducci\u00f3n. Tambi\u00e9n, y a trav\u00e9s del equipo de Bienestar Animal, se realiza un reacondicionamiento del recinto para mejorarles la calidad de vida.<\/p>\n<p>A partir de ese momento, en mayo de 2021 el \u00e1rea de conservaci\u00f3n decide juntar a ambos tucanes y comienzan a contactarse con personal del Horco Molle, que ven\u00edan trabajando en el Programa de Conservaci\u00f3n del Tuc\u00e1n para la provincia de Tucum\u00e1n, a los fines de generar lazos.<\/p>\n<p>En diciembre de 2021 se observ\u00f3 el cortejo y la posterior puesta de 3 huevos con la incubaci\u00f3n tanto del macho como la hembra, llevando a cabo todo el proceso natural que realiza la especie, aunque finalmente se comprob\u00f3 que ambos huevos no eran f\u00e9rtiles.<\/p>\n<p>A mediados de 2022, el \u00c1rea de Conservaci\u00f3n en un trabajo interdisciplinario con el \u00c1rea de Bienestar Animal y al equipo de veterinarios y cuidadores del Parque, realizan nuevos recintos para que los tucanes tuviesen mejor calidad de vida con mejores condiciones habitacionales, basados en est\u00e1ndares internacionales.<\/p>\n<p>Al tratarse de una especie nativa de Argentina, carism\u00e1tica, con sus poblaciones en declive y amenazada en ciertas regiones del pa\u00eds, el \u00e1rea de Conservaci\u00f3n del Parque decidi\u00f3 incluirla entre sus proyectos de conservaci\u00f3n.<\/p>\n<p>De este modo la pareja de tucanes fue trasladada al nuevo recinto y, sumado a la dieta equilibrada que ya ven\u00edan recibiendo, se comenz\u00f3 a notar un cambio positivo en la condici\u00f3n corporal de ambos individuos.<\/p>\n<p>En enero de 2023 se constata una nueva puesta de huevos f\u00e9rtiles de la pareja de tucanes. Teniendo en cuenta la experiencia anterior y conociendo sobre la dificultad que tiene la especie para reproducirse en cautiverio, el \u00e1rea de Conservaci\u00f3n decide retirar los huevos y pasarlos a incubadora, colaborando de este modo con en el desarrollo de los mismos de forma ex-situ a trav\u00e9s de medidas controladas.<\/p>\n<p>A los 20 d\u00edas se produjo el nacimiento de los 2 primeros tucanes Toco dentro del Parque de la Biodiversidad. A partir de ese momento se gener\u00f3 un equipo de trabajo especializado en la alimentaci\u00f3n de los dos pichones, llevando a cabo pesaje, registros diarios y un r\u00e9gimen de asistencia y alimentaci\u00f3n que se llev\u00f3 a cabo cada dos horas.<\/p>\n<p>Paralelamente se form\u00f3 la nursery, donde se les dio a los pichones la alimentaci\u00f3n de f\u00f3rmulas especiales creada dentro del Parque por el equipo de nutrici\u00f3n junto a especialistas externos, y empez\u00f3 todo el proceso de cr\u00eda artificial.<\/p>\n<p>La f\u00f3rmula de dieta de estos tucanes fue elaborada en un 100% por alimentos producidos en el Bioterio que existe en el Parque de la Biodiversidad.<\/p>\n<p>El \u00edndice de supervivencia de los tucanes mayores en la cr\u00eda artificial es muy bajo, ya que, entre todos los tucanes, la toco es la especie m\u00e1s dif\u00edcil de procrear en estas condiciones.<\/p>\n<p>\u201c<em>Fue un gran logro ver como los pichones llegaron a comer solos y ya se encuentran en una etapa que les permite ser trasladados a Tucum\u00e1n<\/em>\u201d, agreg\u00f3 Casconi.<\/p>\n<p>Cabe se\u00f1alar que el equipo de la nursery trabaj\u00f3 tratando de evitar un v\u00ednculo social y afectivo con los humanos (impronta), para lo cual se utilizaron trajes que imposibilitaba que los tucanes vieran rostros humanos. A la vez se crearon t\u00edteres con forma de tuc\u00e1n que se utilizaron en el momento de la alimentaci\u00f3n de ambas aves.<\/p>\n<p>El equipo tambi\u00e9n implemento, a trav\u00e9s de celulares, un sonido ambiente de tucanes, lo que gener\u00f3 que los pichones est\u00e9n m\u00e1s relajados a la hora de alimentarse e interactuar.<\/p>\n<p>A medida que los tucanes fueron creciendo en tama\u00f1o, tambi\u00e9n se modific\u00f3 la alimentaci\u00f3n, pasando de papillas a pastas semi solidas hasta llegar a la etapa de comer alimentos s\u00f3lidos.<\/p>\n<p>De este modo, se cre\u00f3 un espacio para ello, y pudieron pasar de la nursery a un espacio m\u00e1s amplio con lugares para posarse y ba\u00f1arse, logrando un mejor desarrollo muscular, donde comenzaron a practicar sus primeros vuelos.<\/p>\n<p>Todo este dedicado y minucioso trabajo permiti\u00f3 que a fines de 2023 los primeros dos tucanes pasaran a esta una nueva etapa de rehabilitaci\u00f3n en Horco Molle y a fines de abril del corriente a\u00f1o fueron liberados&nbsp;pues ya estaban en condiciones de empezar una&nbsp;nueva etapa en silvestr\u00eda.<\/p>\n<p>Este proyecto de crianza ex situ constituye un hito como estrategia de conservaci\u00f3n en el Parque de la Biodiversidad, tanto a nivel provincial como nacional lo cual es muy importante para los nuevos objetivos de la instituci\u00f3n.<\/p>\n<p>A la vez, el Parque recibe consultas de otras instituciones que est\u00e1n desarrollando tambi\u00e9n trabajos de conservaci\u00f3n similares al realizado con estos 2 tucanes toco.<\/p>\n<p><strong>Sobre el tuc\u00e1n grande o toco (Ramphastos toco)<\/strong><\/p>\n<p>Esta especie es una de las aves tropicales m\u00e1s reconocibles de Am\u00e9rica. Es el \u00fanico tuc\u00e1n no forestal y se encuentra en los bordes de las selvas y en pastizales h\u00famedos bajos desde Guyana hasta Argentina y desde el centro de Brasil al oeste hasta el sureste de Per\u00fa.<\/p>\n<p>Se distinguen por su particular cuerpo negro, babero blanco, coberteras inferiores rojas y gran pico rojo anaranjado.<\/p>\n<p>En Argentina est\u00e1 presente en Jujuy, Salta y Tucum\u00e1n, con una mayor abundancia en elevaciones intermedias y bajas de las Yungas Australes (Selva Montana y Pedemontana, hasta 1750 msnm). Suelen ingresar espor\u00e1dicamente en \u00e1reas de transici\u00f3n con el Chaco seco.<\/p>\n<p>Tambi\u00e9n est\u00e1n presentes en la Selva Atl\u00e1ntica de Misiones y Corrientes, y en el Chaco H\u00famedo del este de las provincias del Chaco y Formosa.<\/p>\n","protected":false},"excerpt":{"rendered":"<p>Se trata de individuos de la especie Grande o Toco, nacidos y criados de manera asistida. Fueron llevados a la Reserva Experimental de Horco Molle. En su nuevo espacio podr\u00e1n adquirir habilidades necesarias para vivir en la naturaleza como son alimentarse, huir de predadores, buscar refugio y luego ser reintroducidos en su h\u00e1bitat natural. Adem\u00e1s, [&hellip;]<\/p>\n","protected":false},"author":1,"featured_media":150077,"comment_status":"closed","ping_status":"closed","sticky":false,"template":"","format":"standard","meta":[],"categories":[44],"tags":[],"_links":{"self":[{"href":"http:\/\/cordobadirecto.com\/index.php\/wp-json\/wp\/v2\/posts\/150076"}],"collection":[{"href":"http:\/\/cordobadirecto.com\/index.php\/wp-json\/wp\/v2\/posts"}],"about":[{"href":"http:\/\/cordobadirecto.com\/index.php\/wp-json\/wp\/v2\/types\/post"}],"author":[{"embeddable":true,"href":"http:\/\/cordobadirecto.com\/index.php\/wp-json\/wp\/v2\/users\/1"}],"replies":[{"embeddable":true,"href":"http:\/\/cordobadirecto.com\/index.php\/wp-json\/wp\/v2\/comments?post=150076"}],"version-history":[{"count":0,"href":"http:\/\/cordobadirecto.com\/index.php\/wp-json\/wp\/v2\/posts\/150076\/revisions"}],"wp:featuredmedia":[{"embeddable":true,"href":"http:\/\/cordobadirecto.com\/index.php\/wp-json\/wp\/v2\/media\/150077"}],"wp:attachment":[{"href":"http:\/\/cordobadirecto.com\/index.php\/wp-json\/wp\/v2\/media?parent=150076"}],"wp:term":[{"taxonomy":"category","embeddable":true,"href":"http:\/\/cordobadirecto.com\/index.php\/wp-json\/wp\/v2\/categories?post=150076"},{"taxonomy":"post_tag","embeddable":true,"href":"http:\/\/cordobadirecto.com\/index.php\/wp-json\/wp\/v2\/tags?post=150076"}],"curies":[{"name":"wp","href":"https:\/\/api.w.org\/{rel}","templated":true}]}}