{"id":150096,"date":"2024-05-15T20:50:50","date_gmt":"2024-05-15T20:50:50","guid":{"rendered":"https:\/\/es.digitaltrends.com\/?p=1027464"},"modified":"2024-05-15T20:50:50","modified_gmt":"2024-05-15T20:50:50","slug":"7-cosas-que-esperamos-ver-en-la-temporada-2-de-x-men-97","status":"publish","type":"post","link":"http:\/\/cordobadirecto.com\/index.php\/2024\/05\/15\/7-cosas-que-esperamos-ver-en-la-temporada-2-de-x-men-97\/","title":{"rendered":"7 cosas que esperamos ver en la temporada 2 de X-Men \u201997"},"content":{"rendered":"<figure id=\"attachment_3599216\" class=\"wp-caption alignnone\" aria-describedby=\"caption-attachment-3599216\"><img onerror=\"dti_load_error(this)\" decoding=\"async\" class=\" size-large wp-image-3599216 h-lightbox is-zoomable dt-lazy-no h-lightbox is-zoomable\" src=\"http:\/\/cordobadirecto.com\/wp-content\/uploads\/2024\/05\/7-cosas-que-esperamos-ver-en-la-temporada-2-de-x-men-97.jpg\" sizes=\"(max-width: 625px) 414px\" srcset=\"http:\/\/cordobadirecto.com\/wp-content\/uploads\/2024\/05\/7-cosas-que-esperamos-ver-en-la-temporada-2-de-x-men-97-8.jpg 414w, http:\/\/cordobadirecto.com\/wp-content\/uploads\/2024\/05\/7-cosas-que-esperamos-ver-en-la-temporada-2-de-x-men-97.jpg\" alt=\"Rogue se para frente a los X-Men en X-Men '97.\" data-dt-lazy-src><figcaption id=\"caption-attachment-3599216\" class=\"wp-caption-text\"><span class=\"credit\">Marvel\/Disney+<\/span><\/figcaption><\/figure>\n<p>Solo se ha emitido durante una temporada, pero<a href=\"https:\/\/es.digitaltrends.com\/videojuego\/xbox-x-men-97\/\"><strong>&nbsp;<em>X-Men \u201997<\/em><\/strong><\/a>&nbsp;ya se ha unido a las filas de los mejores proyectos de Marvel Studios en los \u00faltimos a\u00f1os. Con el reinado de Madelyne Pryor como la Reina Goblin, Storm perdiendo sus poderes, la destrucci\u00f3n de Genosha y la muerte de Gambito, esta temporada revivi\u00f3 y reconstruy\u00f3 la serie para revitalizar a los X-Men y al Universo Marvel en su conjunto.<\/p>\n<p>En general, la serie dej\u00f3 boquiabiertos tanto a los fans como a los reci\u00e9n llegados, y al p\u00fablico le gustar\u00eda mucho ver estas siete cosas en la temporada 2.<\/p>\n<h2 class=\"p1\"><b>Madelyne Pryor regresa<\/b><\/h2>\n<figure id=\"attachment_3588424\" class=\"wp-caption alignnone\" aria-describedby=\"caption-attachment-3588424\"><img onerror=\"dti_load_error(this)\" decoding=\"async\" class=\"size-large wp-image-3588424 h-lightbox is-zoomable dt-lazy-load dt-lazy-loaded h-lightbox is-zoomable\" src=\"http:\/\/cordobadirecto.com\/wp-content\/uploads\/2024\/05\/7-cosas-que-esperamos-ver-en-la-temporada-2-de-x-men-97-1.jpg\" alt=\"Madelyne Pryor en &quot;X-Men '97&quot;.\" data-dt-lazy-src><figcaption id=\"caption-attachment-3588424\" class=\"wp-caption-text\"><span class=\"credit\">Disney+ \/ Disney+<\/span><\/figcaption><\/figure>\n<p class=\"p3\">Madelyne Pryor ha sido durante mucho tiempo una villana tr\u00e1gica en el Universo Marvel. Habiendo sido revelada como un clon de Jean Grey, Madelyne vio c\u00f3mo su mundo y su cordura se desmoronaban, y finalmente cay\u00f3 bajo la influencia de Mister Sinister. Aunque Madelyne se fue a Genosha en buenos t\u00e9rminos con los X-Men, lamentablemente pereci\u00f3 en el ataque de los Centinelas a la isla.<\/p>\n<p class=\"p3\">Sin embargo, al igual que Jean, Madelyne ha muerto y resucitado antes en los c\u00f3mics, por lo que es de esperar que el p\u00fablico la vea regresar de entre los muertos como aliada de los X-Men. Si regresa, probablemente deber\u00eda traer su propio equipo de h\u00e9roes, similar a los X-Men Oscuros vistos en 2023.<\/p>\n<h2 class=\"p1\"><b>Nacen los Nuevos Mutantes<\/b><\/h2>\n<figure id=\"attachment_3363000\" class=\"wp-caption alignnone\" aria-describedby=\"caption-attachment-3363000\"><img onerror=\"dti_load_error(this)\" decoding=\"async\" class=\"size-large wp-image-3363000 h-lightbox is-zoomable dt-lazy-load dt-lazy-loaded h-lightbox is-zoomable\" src=\"http:\/\/cordobadirecto.com\/wp-content\/uploads\/2024\/05\/7-cosas-que-esperamos-ver-en-la-temporada-2-de-x-men-97-2.jpg\" alt=\"Un equipo de h\u00e9roes lucha en &quot;Los Nuevos Mutantes&quot;.\" data-dt-lazy-src><figcaption id=\"caption-attachment-3363000\" class=\"wp-caption-text\"><span class=\"credit\">Marvel Comics \/ Marvel Comics<\/span><\/figcaption><\/figure>\n<p class=\"p3\">El reinicio de la serie comenz\u00f3 cuando a Sunspot se le ofreci\u00f3 un hogar con los X-Men, y desde entonces el joven mutante se ha instalado con ellos y ha comenzado un romance con Jubilee.<\/p>\n<p class=\"p3\">Sin embargo, dado que es un miembro fundador de los Nuevos Mutantes en los c\u00f3mics, tal vez la pr\u00f3xima temporada lo muestre ramificado con una liga propia ahora que los X-Men se han dispersado a trav\u00e9s del tiempo. Tal vez incluso pueda llevarse a Jubileo con \u00e9l. Esperemos que resulte mejor que su pel\u00edcula de 2020.<\/p>\n<h2 class=\"p1\"><b>Aparece Magik<\/b><\/h2>\n<figure id=\"attachment_3595368\" class=\"wp-caption alignnone\" aria-describedby=\"caption-attachment-3595368\"><img onerror=\"dti_load_error(this)\" decoding=\"async\" class=\"size-large wp-image-3595368 h-lightbox is-zoomable dt-lazy-load dt-lazy-loaded h-lightbox is-zoomable\" src=\"http:\/\/cordobadirecto.com\/wp-content\/uploads\/2024\/05\/7-cosas-que-esperamos-ver-en-la-temporada-2-de-x-men-97-3.jpg\" alt=\"Metamorfose como Magik en &quot;X-Men '97&quot;.\" data-dt-lazy-src><figcaption id=\"caption-attachment-3595368\" class=\"wp-caption-text\"><span class=\"credit\">Disney+ \/ Disney+<\/span><\/figcaption><\/figure>\n<p class=\"p3\">Illyana Rasputin, tambi\u00e9n conocida como Magik, fue vista por primera vez en el episodio&nbsp;<em>Red Dawn<\/em>&nbsp;de&nbsp;<em>X-Men: The Animated Series<\/em>, en el que ella y su hermano, Colossus, se quedaron en Rusia para reconstruir su granja. Desafortunadamente, los fan\u00e1ticos nunca la vieron convertirse en la superhero\u00edna ic\u00f3nica como la conocen, y Morph solo apareci\u00f3 como ella en uno de sus cameos de cambio de forma.<\/p>\n<p class=\"p3\">Pero teniendo en cuenta que fue una parte importante de los Nuevos Mutantes y la historia de&nbsp;<em>Inferno<\/em>&nbsp;adaptada para este reinicio, el p\u00fablico finalmente puede ver a la hechicera mutante tomar su Espada de Alma y su armadura sobrenatural en la pr\u00f3xima temporada. El programa ya se burl\u00f3 de su debut, con Morph apareciendo como ella en el tercer episodio.<\/p>\n<h2 class=\"p1\"><b>Emma Frost se une a los X-Men<\/b><\/h2>\n<figure id=\"attachment_3595355\" class=\"wp-caption alignnone\" aria-describedby=\"caption-attachment-3595355\"><img onerror=\"dti_load_error(this)\" decoding=\"async\" class=\"size-large wp-image-3595355 h-lightbox is-zoomable dt-lazy-load dt-lazy-loaded h-lightbox is-zoomable\" src=\"http:\/\/cordobadirecto.com\/wp-content\/uploads\/2024\/05\/7-cosas-que-esperamos-ver-en-la-temporada-2-de-x-men-97-4.jpg\" alt=\"Emma Frost en &quot;X-Men '97&quot;.\" data-dt-lazy-src><figcaption id=\"caption-attachment-3595355\" class=\"wp-caption-text\"><span class=\"credit\">Disney+ \/ Disney+<\/span><\/figcaption><\/figure>\n<p class=\"p3\">Esta temporada vio el regreso de Emma Frost, quien, despu\u00e9s de luchar contra los X-Men como parte del Club del Fuego Infernal, se ha convertido en una figura destacada de la isla Genosha. Sin embargo, muchos fan\u00e1ticos ahora conocen a Emma como un miembro vital de los X-Men, a quienes una vez lider\u00f3 junto a C\u00edclope en los c\u00f3mics.<\/p>\n<p class=\"p3\">Frost ya parece estar siguiendo el mismo camino que su contraparte de los c\u00f3mics, quien, despu\u00e9s de sobrevivir a un ataque de los Centinelas en Genosha con su nueva forma de diamante, tom\u00f3 un puesto en la escuela del Profesor X como maestra y miembro de los X-Men. Con la ausencia de Jean Grey y el Profesor X en la actualidad, Emma deber\u00eda unirse a los X-Men restantes como la nueva potencia ps\u00edquica del equipo.<\/p>\n<h2 class=\"p1\"><span>Rachel Summers se une a los X-Men<\/span><\/h2>\n<figure id=\"attachment_3599065\" class=\"wp-caption alignnone\" aria-describedby=\"caption-attachment-3599065\"><img onerror=\"dti_load_error(this)\" decoding=\"async\" class=\"size-large wp-image-3599065 h-lightbox is-zoomable dt-lazy-load dt-lazy-loaded h-lightbox is-zoomable\" src=\"http:\/\/cordobadirecto.com\/wp-content\/uploads\/2024\/05\/7-cosas-que-esperamos-ver-en-la-temporada-2-de-x-men-97-5.jpg\" alt=\"Rachel Summers en &quot;X-Men '97&quot;.\" data-dt-lazy-src><figcaption id=\"caption-attachment-3599065\" class=\"wp-caption-text\"><span class=\"credit\">Disney+ \/ Disney+<\/span><\/figcaption><\/figure>\n<p class=\"p1\">Cable no es el \u00fanico hijo futuro que Scott y Jean tienen. En los c\u00f3mics, Rachel Summers se origin\u00f3 a partir de un futuro dist\u00f3pico gobernado por Centinelas y envi\u00f3 la mente de Kitty Pryde atr\u00e1s en el tiempo para cambiar el pasado. Incluso se convirti\u00f3 en una anfitriona de la todopoderosa Fuerza F\u00e9nix, lo que la convirti\u00f3 en una de las mutantes m\u00e1s fuertes de la historia.<\/p>\n<p class=\"p1\">Una versi\u00f3n mayor de Rachel apareci\u00f3 como una esclava en la l\u00ednea de tiempo de Cable, y su personaje de \u00abMadre Askani\u00bb salud\u00f3 a Scott y Jean cuando aterrizaron en un futuro lejano. Tal vez la serie presente a la versi\u00f3n m\u00e1s joven de esta talentosa tel\u00e9pata a continuaci\u00f3n, y la haga unirse a su familia como un nuevo miembro de los X-Men.<\/p>\n<h2 class=\"p1\"><b>Un crossover de Spider-Man<\/b><\/h2>\n<figure id=\"attachment_3588347\" class=\"wp-caption alignnone\" aria-describedby=\"caption-attachment-3588347\"><img onerror=\"dti_load_error(this)\" decoding=\"async\" class=\"size-large wp-image-3588347 h-lightbox is-zoomable dt-lazy-load dt-lazy-loaded h-lightbox is-zoomable\" src=\"http:\/\/cordobadirecto.com\/wp-content\/uploads\/2024\/05\/7-cosas-que-esperamos-ver-en-la-temporada-2-de-x-men-97-6.jpg\" alt=\"Spider-Man en &quot;X-Men '97&quot;.\" data-dt-lazy-src><figcaption id=\"caption-attachment-3588347\" class=\"wp-caption-text\"><span class=\"credit\">Disney+ \/ Disney+<\/span><\/figcaption><\/figure>\n<p class=\"p3\">Con el anuncio de&nbsp;<em>X-Men \u201997<\/em>, los fan\u00e1ticos esperaban que Marvel Studios tambi\u00e9n reiniciara la caricatura de Spider-Man de la d\u00e9cada de 1990 dirigida por el actor Christopher Daniel Barnes, ya que ambas est\u00e1n ambientadas en el mismo universo. Dado que la \u00faltima serie tambi\u00e9n termin\u00f3 antes de lo esperado, el hecho de que el lanzador de telara\u00f1as aparezca con los X-Men podr\u00eda permitir a los guionistas continuar donde lo dej\u00f3 la serie original.<\/p>\n<p class=\"p3\"><a href=\"https:\/\/screenrant.com\/xmen-97-crossover-tease\/\" target=\"_blank\" rel=\"noopener\">Los rumores sugieren que Marvel Studios ya est\u00e1 considerando<\/a>&nbsp;expandir el universo animado&nbsp;<em>de X-Men \u201997<\/em>&nbsp;con un reinicio de la caricatura cl\u00e1sica de Spidey. El webhead hizo un cameo sorpresa al final del episodio 8, por lo que parece que la Casa de Marvel ya se est\u00e1 preparando para hacer realidad este crossover.<\/p>\n<h2 class=\"p1\"><b>Vengadores vs. X-Men<\/b><\/h2>\n<figure id=\"attachment_3599211\" class=\"wp-caption alignnone\" aria-describedby=\"caption-attachment-3599211\"><img onerror=\"dti_load_error(this)\" decoding=\"async\" class=\"size-large wp-image-3599211 h-lightbox is-zoomable dt-lazy-load dt-lazy-loaded h-lightbox is-zoomable\" src=\"http:\/\/cordobadirecto.com\/wp-content\/uploads\/2024\/05\/7-cosas-que-esperamos-ver-en-la-temporada-2-de-x-men-97-7.jpg\" alt=\"Rogue habla con el Capit\u00e1n Am\u00e9rica en X-Men '97.\" data-dt-lazy-src><figcaption id=\"caption-attachment-3599211\" class=\"wp-caption-text\"><span class=\"credit\">Marvel\/Disney+<\/span><\/figcaption><\/figure>\n<p class=\"p3\">Aunque Rogue tuvo un breve enfrentamiento con el Capit\u00e1n Am\u00e9rica esta temporada, parece que esta discusi\u00f3n deber\u00eda conducir a algo m\u00e1s grande. Mucho antes&nbsp;<em>de que X-Men \u201997<\/em> llegara a <a href=\"https:\/\/es.digitaltrends.com\/entretenimiento\/disney-plus-sube-precios-combatira-uso-compartido-contrasenas\/\"><strong>Disney+<\/strong><\/a>, aparecieron varios Vengadores en el universo en el que se desarrolla, creando un prototipo animado del Universo Cinematogr\u00e1fico de Marvel.<\/p>\n<p class=\"p3\">Desde entonces, el reinicio ha visto aparecer a Vengadores como Iron Man, Doctor Strange y Black Panther, dejando a los fan\u00e1ticos con la esperanza de algo m\u00e1s que breves cameos. Dado que Marvel Studios parece interesado en expandir el mundo de la serie, hacer que los Vengadores se enfrenten a los X-Men parece el mejor paso despu\u00e9s de presenciar el caos que dej\u00f3 Magneto.<\/p>\n<h4 class=\"b-editors-recs-title h-editors-recs-title\"> Recomendaciones del editor<\/h4>\n<p> <span id=\"publisher-md\" itemprop=\"publisher\" itemscope itemtype=\"https:\/\/schema.org\/Organization\"> <span itemprop=\"url\" itemtype=\"https:\/\/schema.org\/Url\" content=\"https:\/\/es.digitaltrends.com\"> <span itemprop=\"logo\" itemscope itemtype=\"https:\/\/schema.org\/ImageObject\"> <meta itemprop=\"url\" content=\"https:\/\/cdn.dtcn.com\/dt\/dt-logo-small.png\"> <meta itemprop=\"width\" content=\"0\"> <meta itemprop=\"height\" content=\"0\"> <\/span> <meta itemprop=\"name\" content=\"Digital Trends Espa\u00f1ol\"> <\/span> <span itemprop=\"image\" itemscope itemtype=\"https:\/\/schema.org\/ImageObject\"> <meta itemprop=\"url\" content=\"https:\/\/es.digitaltrends.com\/wp-content\/uploads\/2024\/05\/X-Men-97.jpeg?p=1\"> <\/span> <\/span> <\/p>\n","protected":false},"excerpt":{"rendered":"<p>Marvel\/Disney+ Solo se ha emitido durante una temporada, pero&nbsp;X-Men \u201997&nbsp;ya se ha unido a las filas de los mejores proyectos de Marvel Studios en los \u00faltimos a\u00f1os. Con el reinado de Madelyne Pryor como la Reina Goblin, Storm perdiendo sus poderes, la destrucci\u00f3n de Genosha y la muerte de Gambito, esta temporada revivi\u00f3 y reconstruy\u00f3 [&hellip;]<\/p>\n","protected":false},"author":1,"featured_media":150097,"comment_status":"closed","ping_status":"closed","sticky":false,"template":"","format":"standard","meta":[],"categories":[18],"tags":[],"_links":{"self":[{"href":"http:\/\/cordobadirecto.com\/index.php\/wp-json\/wp\/v2\/posts\/150096"}],"collection":[{"href":"http:\/\/cordobadirecto.com\/index.php\/wp-json\/wp\/v2\/posts"}],"about":[{"href":"http:\/\/cordobadirecto.com\/index.php\/wp-json\/wp\/v2\/types\/post"}],"author":[{"embeddable":true,"href":"http:\/\/cordobadirecto.com\/index.php\/wp-json\/wp\/v2\/users\/1"}],"replies":[{"embeddable":true,"href":"http:\/\/cordobadirecto.com\/index.php\/wp-json\/wp\/v2\/comments?post=150096"}],"version-history":[{"count":0,"href":"http:\/\/cordobadirecto.com\/index.php\/wp-json\/wp\/v2\/posts\/150096\/revisions"}],"wp:featuredmedia":[{"embeddable":true,"href":"http:\/\/cordobadirecto.com\/index.php\/wp-json\/wp\/v2\/media\/150097"}],"wp:attachment":[{"href":"http:\/\/cordobadirecto.com\/index.php\/wp-json\/wp\/v2\/media?parent=150096"}],"wp:term":[{"taxonomy":"category","embeddable":true,"href":"http:\/\/cordobadirecto.com\/index.php\/wp-json\/wp\/v2\/categories?post=150096"},{"taxonomy":"post_tag","embeddable":true,"href":"http:\/\/cordobadirecto.com\/index.php\/wp-json\/wp\/v2\/tags?post=150096"}],"curies":[{"name":"wp","href":"https:\/\/api.w.org\/{rel}","templated":true}]}}