{"id":150102,"date":"2024-05-15T21:56:41","date_gmt":"2024-05-15T21:56:41","guid":{"rendered":"https:\/\/www.ole.com.ar\/autos\/franco-colapinto-formula-2-hora-ver-gran-premio-imola_0_fgjrZvTPRH.html"},"modified":"2024-05-15T21:56:41","modified_gmt":"2024-05-15T21:56:41","slug":"colapinto-en-formula-2-hora-y-por-donde-ver-el-gran-premio-de-imola","status":"publish","type":"post","link":"http:\/\/cordobadirecto.com\/index.php\/2024\/05\/15\/colapinto-en-formula-2-hora-y-por-donde-ver-el-gran-premio-de-imola\/","title":{"rendered":"Colapinto, en F\u00f3rmula 2: hora y por d\u00f3nde ver el Gran Premio de Imola"},"content":{"rendered":"<p><time class=\"createDate\" datetime=\"2024-05-15T18:56:41-03:00\">15\/05\/2024 18:56hs.<\/time><\/p>\n<div id=\"storyBody\">\n<div class=\"custom-text \" readability=\"36.214833759591\">\n<p><a href=\"https:\/\/www.ole.com.ar\/tema\/zj3b2604jU.html\" title=\"Tras su \u00faltima funci\u00f3n en Australia\" alt=\"Tras su \u00faltima funci\u00f3n en Australia\">Tras su \u00faltima funci\u00f3n en Australia<\/a>, celebrada dos meses atr\u00e1s, <strong>Franco Colapinto<\/strong> vuelve a las pistas de la <strong>F\u00f3rmula 2<\/strong>. La pr\u00f3xima parada ser\u00e1 este fin de semana en el <strong>Gran Premio de Imola<\/strong>, en Italia. All\u00ed, la promesa del automovilismo argentino tendr\u00e1 un nuevo reto en la categor\u00eda, donde buscar\u00e1 seguir adquiriendo experiencia en uno de los circuitos m\u00e1s ic\u00f3nicos del calendario. <\/p>\n<\/div>\n<p><h2><strong>Hora y c\u00f3mo ver a Colapinto en el GP de Imola<\/strong><\/h2>\n<\/p>\n<div class=\"custom-text \" readability=\"39\">\n<p>La acci\u00f3n se iniciar\u00e1 este viernes a partir de las 6 (horario argentino) con el primer entrenamiento, seguido de la clasificaci\u00f3n a las 11. El s\u00e1bado, desde las 9.15, la actividad continuar\u00e1 con el Sprint, y <strong>el domingo ser\u00e1 la carrera principal a las 5<\/strong>. Todos los eventos se podr\u00e1n disfrutar en vivo a trav\u00e9s de la plataforma <strong>Star+<\/strong>.<\/p>\n<\/div>\n<div class=\"sc-e7b891c4-0 jPbnQF\"><img alt=\"Toda la actividad de Colapinto en Imola ir\u00e1 por Star+.\" src=\"http:\/\/cordobadirecto.com\/wp-content\/uploads\/2024\/05\/colapinto-en-formula-2-hora-y-por-donde-ver-el-gran-premio-de-imola.jpg\" width=\"720\" height=\"100\" decoding=\"async\" data-nimg=\"future\" loading=\"lazy\"><span class=\"epigraphe\">Toda la actividad de Colapinto en Imola ir\u00e1 por Star+.<\/span><\/div>\n<p><h2>C\u00f3mo llega Colapinto<\/h2>\n<\/p>\n<div class=\"custom-text \" readability=\"39\">\n<p>Al pilarense este trazado le trae buenos recuerdos, dado que <strong>all\u00ed gan\u00f3 una carrera durante su paso por la F\u00f3rmula 3 <\/strong>(el<strong> <\/strong>23 de abril de 2022). Ahora, el piloto de 20 a\u00f1os intentar\u00e1 repetir la haza\u00f1a, aunque la tendr\u00e1 dif\u00edcil. Hasta el momento, suma un total de 13 puntos que lo ubican en el 13\u00b0 puesto de la tabla de posiciones del campeonato que lidera Zane Maloney (Rodin Motorsport) con 62 unidades.<\/p>\n<\/div>\n<div class=\"sc-e7b891c4-0 jPbnQF\"><img alt=\"Colapinto gan\u00f3 en Imola con la F\u00f3rmula 3.\" src=\"http:\/\/cordobadirecto.com\/wp-content\/uploads\/2024\/05\/colapinto-en-formula-2-hora-y-por-donde-ver-el-gran-premio-de-imola-1.jpg\" width=\"720\" height=\"100\" decoding=\"async\" data-nimg=\"future\" loading=\"lazy\"><span class=\"epigraphe\">Colapinto gan\u00f3 en Imola con la F\u00f3rmula 3.<\/span><\/div>\n<div class=\"custom-text \" readability=\"36\">\n<p>El Aut\u00f3dromo Enzo y Dino Ferrari de Imola ser\u00e1 el escenario de esta cuarta fecha de la temporada 2024 de la F\u00f3rmula 2. El mismo se inaugur\u00f3 en 1953 y <strong>cuenta con una longitud de 4909 metros y un total de 20 curvas<\/strong>. All\u00ed, Colapinto dir\u00e1 presente a bordo de su auto azul y negro del equipo <strong>MP Motorsport<\/strong> para cumplir con un nuevo compromiso.<\/p>\n<\/div>\n<div class=\"custom-text \" readability=\"32.895705521472\">\n<p><strong>Hasta el momento, el argentino particip\u00f3 en las tres carreras (Sakhir, Jeddah y Melbourne)<\/strong>. En la jornada inicial, <strong><a href=\"https:\/\/www.ole.com.ar\/tema\/S6A59m8KaW.html\" title=\"logr\u00f3 sumar sus primeros puntos con un sexto puesto\" alt=\"logr\u00f3 sumar sus primeros puntos con un sexto puesto\">logr\u00f3 sumar sus primeros puntos con un sexto puesto<\/a><\/strong>, pero <strong><a href=\"https:\/\/www.ole.com.ar\/tema\/S6A59m8KaW.html\" title=\"en Arabia Saudita tuvo un fin de semana para el olvido\" alt=\"en Arabia Saudita tuvo un fin de semana para el olvido\">en Arabia Saudita tuvo un fin de semana para el olvido<\/a><\/strong>. Un impacto con la pared en la clasificaci\u00f3n, un problema en la largada del Sprint donde su auto se qued\u00f3 parado y un trompo que lo hizo abandonar perjudicaran su rendimiento. En tanto, en Australia larg\u00f3 mal, lleg\u00f3 a estar \u00faltimo pero termin\u00f3 s\u00e9ptimo.<\/p>\n<\/div>\n<div class=\"sc-e7b891c4-0 jPbnQF\"><img alt=\"El argentino est\u00e1 13\u00b0 en la tabla de posiciones.\" src=\"http:\/\/cordobadirecto.com\/wp-content\/uploads\/2024\/05\/colapinto-en-formula-2-hora-y-por-donde-ver-el-gran-premio-de-imola-2.jpg\" width=\"720\" height=\"100\" decoding=\"async\" data-nimg=\"future\" loading=\"lazy\"><span class=\"epigraphe\">El argentino est\u00e1 13\u00b0 en la tabla de posiciones.<\/span><\/div>\n<p><h2>As\u00ed est\u00e1 la tabla de posiciones de la F2<\/h2>\n<\/p>\n<div class=\"custom-text \">\n<ol>\n<li>Zane Maloney: 62<\/li>\n<li>Paul Aron: 47<\/li>\n<li>Dennis Hauger: 41<\/li>\n<li>Isack Hadjar: 34<\/li>\n<li>Kush Maini: 33<\/li>\n<li>Enzo Fittipaldi: 32<\/li>\n<li>Pepe Mart\u00ed: 26<\/li>\n<li>Jak Crawford: 26<\/li>\n<li>Andrea Kimi Antonelli: 24<\/li>\n<li>Ritomo Miyata: 16<\/li>\n<li>Zak O&#8217;Sullivan: 15<\/li>\n<li>Gabriel Bortoleto: 15<\/li>\n<li>Franco Colapinto: 13<\/li>\n<li>Richard Verschoor: 12<\/li>\n<li>Roman Stanek: 10<\/li>\n<li>Amaury Cordeel: 10<\/li>\n<li>Rafael Villagomez: 8<\/li>\n<li>Victor Martins: 6<\/li>\n<li>Oliver Bearman: 2<\/li>\n<li>Joshua Durksen: 0<\/li>\n<li>Juan Manuel Correa: 0<\/li>\n<li>Taylor Barnard: 0<\/li>\n<\/ol>\n<\/div>\n<div class=\"sc-a7166897-0 exHLBh\" readability=\"7\">\n<section readability=\"4\"><picture><img alt=\"Es puntero del Nascar, se dio un pi\u00f1\u00f3n en los midgets y se anim\u00f3 a las 500 Millas de Indian\u00e1polis\" src=\"http:\/\/cordobadirecto.com\/wp-content\/uploads\/2024\/05\/colapinto-en-formula-2-hora-y-por-donde-ver-el-gran-premio-de-imola-3.jpg\" width=\"290\" height=\"290\" decoding=\"async\" data-nimg=\"future\" loading=\"lazy\"><\/picture>\n<p><span>Mir\u00e1 tambi\u00e9n<\/span><\/p>\n<hr>\n<h3>Es puntero del Nascar, se dio un pi\u00f1\u00f3n en los midgets y se anim\u00f3 a las 500 Millas de Indian\u00e1polis<\/h3>\n<\/p>\n<\/section>\n<\/div>\n<div class=\"sc-a7166897-0 exHLBh\" readability=\"6.5\">\n<section readability=\"3\"><picture><img alt=\"F\u00f3rmula 1: con un nuevo confirmado, \u00bfqu\u00e9 asientos quedaron libres para 2025?\" src=\"http:\/\/cordobadirecto.com\/wp-content\/uploads\/2024\/05\/colapinto-en-formula-2-hora-y-por-donde-ver-el-gran-premio-de-imola-4.jpg\" width=\"290\" height=\"290\" decoding=\"async\" data-nimg=\"future\" loading=\"lazy\"><\/picture>\n<p><span>Mir\u00e1 tambi\u00e9n<\/span><\/p>\n<hr>\n<h3>F\u00f3rmula 1: con un nuevo confirmado, \u00bfqu\u00e9 asientos quedaron libres para 2025?<\/h3>\n<\/p>\n<\/section>\n<\/div>\n<div class=\"sc-a7166897-0 exHLBh\" readability=\"6\">\n<section readability=\"2\"><picture><img alt=\"F\u00f3rmula 1: hora y TV del Gran Premio de Imola\" src=\"http:\/\/cordobadirecto.com\/wp-content\/uploads\/2024\/05\/colapinto-en-formula-2-hora-y-por-donde-ver-el-gran-premio-de-imola-5.jpg\" width=\"290\" height=\"290\" decoding=\"async\" data-nimg=\"future\" loading=\"lazy\"><\/picture>\n<p><span>Mir\u00e1 tambi\u00e9n<\/span><\/p>\n<hr>\n<h3>F\u00f3rmula 1: hora y TV del Gran Premio de Imola<\/h3>\n<\/p>\n<\/section>\n<\/div>\n<div class=\"sc-a7166897-0 exHLBh\" readability=\"6.5\">\n<section readability=\"3\"><picture><img alt=\"Pasado por agua: el primer d\u00eda de Agust\u00edn Canapino en las 500 Millas de Indian\u00e1polis\" src=\"http:\/\/cordobadirecto.com\/wp-content\/uploads\/2024\/05\/colapinto-en-formula-2-hora-y-por-donde-ver-el-gran-premio-de-imola-6.jpg\" width=\"290\" height=\"290\" decoding=\"async\" data-nimg=\"future\" loading=\"lazy\"><\/picture>\n<p><span>Mir\u00e1 tambi\u00e9n<\/span><\/p>\n<hr>\n<h3>Pasado por agua: el primer d\u00eda de Agust\u00edn Canapino en las 500 Millas de Indian\u00e1polis<\/h3>\n<\/p>\n<\/section>\n<\/div>\n<\/div>\n","protected":false},"excerpt":{"rendered":"<p>15\/05\/2024 18:56hs. Tras su \u00faltima funci\u00f3n en Australia, celebrada dos meses atr\u00e1s, Franco Colapinto vuelve a las pistas de la F\u00f3rmula 2. La pr\u00f3xima parada ser\u00e1 este fin de semana en el Gran Premio de Imola, en Italia. All\u00ed, la promesa del automovilismo argentino tendr\u00e1 un nuevo reto en la categor\u00eda, donde buscar\u00e1 seguir adquiriendo [&hellip;]<\/p>\n","protected":false},"author":1,"featured_media":150103,"comment_status":"closed","ping_status":"closed","sticky":false,"template":"","format":"standard","meta":[],"categories":[21],"tags":[],"_links":{"self":[{"href":"http:\/\/cordobadirecto.com\/index.php\/wp-json\/wp\/v2\/posts\/150102"}],"collection":[{"href":"http:\/\/cordobadirecto.com\/index.php\/wp-json\/wp\/v2\/posts"}],"about":[{"href":"http:\/\/cordobadirecto.com\/index.php\/wp-json\/wp\/v2\/types\/post"}],"author":[{"embeddable":true,"href":"http:\/\/cordobadirecto.com\/index.php\/wp-json\/wp\/v2\/users\/1"}],"replies":[{"embeddable":true,"href":"http:\/\/cordobadirecto.com\/index.php\/wp-json\/wp\/v2\/comments?post=150102"}],"version-history":[{"count":0,"href":"http:\/\/cordobadirecto.com\/index.php\/wp-json\/wp\/v2\/posts\/150102\/revisions"}],"wp:featuredmedia":[{"embeddable":true,"href":"http:\/\/cordobadirecto.com\/index.php\/wp-json\/wp\/v2\/media\/150103"}],"wp:attachment":[{"href":"http:\/\/cordobadirecto.com\/index.php\/wp-json\/wp\/v2\/media?parent=150102"}],"wp:term":[{"taxonomy":"category","embeddable":true,"href":"http:\/\/cordobadirecto.com\/index.php\/wp-json\/wp\/v2\/categories?post=150102"},{"taxonomy":"post_tag","embeddable":true,"href":"http:\/\/cordobadirecto.com\/index.php\/wp-json\/wp\/v2\/tags?post=150102"}],"curies":[{"name":"wp","href":"https:\/\/api.w.org\/{rel}","templated":true}]}}